{"id":96420,"date":"2026-01-06T16:46:04","date_gmt":"2026-01-06T16:46:04","guid":{"rendered":"https:\/\/www.europesays.com\/lv\/96420\/"},"modified":"2026-01-06T16:46:04","modified_gmt":"2026-01-06T16:46:04","slug":"kinas-pilots-guanju-zou-pievienojas-cadillac-f1-komandai-ka-rezerves-braucejs-lente-lv","status":"publish","type":"post","link":"https:\/\/www.europesays.com\/lv\/96420\/","title":{"rendered":"\u0136\u012bnas pilots Gua\u0146ju \u017dou pievienojas &#8220;Cadillac&#8221; F1 komandai k\u0101 rezerves brauc\u0113js\u00a0\u2014\u00a0Lente.lv"},"content":{"rendered":"<p>Jauni izaicin\u0101jumi &#8220;Cadillac&#8221; F1 komand\u0101<\/p>\n<p>Jaun\u0101 Formula 1 komanda &#8220;Cadillac&#8221; ir pazi\u0146ojusi par savu rezerves pilota sast\u0101vu gaid\u0101majai 2026. gada sezonai. Par komandas rezerves brauc\u0113ju k\u013cuvis \u0137\u012bnietis Gua\u0146ju \u017dou, kur\u0161 iepriek\u0161\u0113j\u0101 sezon\u0101 pild\u012bjis l\u012bdzv\u0113rt\u012bgu pien\u0101kumu &#8220;Ferrari&#8221; sast\u0101v\u0101. \u017dou karjera F1 norisin\u0101s kop\u0161 2022. gada, kad vi\u0146\u0161 debit\u0113ja &#8220;Alfa Romeo&#8221; (v\u0113l\u0101k &#8220;Sauber&#8221;) sast\u0101v\u0101, k\u013c\u016bstot par pirmo \u0136\u012bnas pilotu pasaules presti\u017e\u0101kaj\u0101s autosac\u012bkst\u0113s. Lai gan \u017dou nav izc\u012bn\u012bjis uzvaras, vi\u0146a pieredze un sp\u0113ja att\u012bst\u012bt bol\u012bdu biju\u0161i galvenie argumenti, lai pievienotos jaunajai &#8220;Cadillac&#8221; projektam. Komandas vad\u012bt\u0101js Greiems Loudons uzsv\u0113ris, ka \u017dou piem\u012bt nepiecie\u0161am\u0101 F1 pieredze un izpratne par tehnikas att\u012bst\u012bbu sezonas gait\u0101.<\/p>\n<p>\u017dou karjera un p\u0101reja uz &#8220;Cadillac&#8221;<\/p>\n<p>26 gadus vecais Gua\u0146ju \u017dou ir aizvad\u012bjis 68 F1 Grand Prix sac\u012bkstes, septi\u0146\u0101s no t\u0101m izc\u012bnot punktus. Lai gan vi\u0146a rezult\u0101ti nav biju\u0161i iev\u0113rojami, \u017dou ir pier\u0101d\u012bjis savu sp\u0113ju piel\u0101goties un sniegt v\u0113rt\u012bgu ieguld\u012bjumu komandas att\u012bst\u012bb\u0101. P\u0113c tr\u012bs sezon\u0101m &#8220;Sauber&#8221; komand\u0101, kur vi\u0146a partneris bija Valteri Botass, \u017dou 2025. gada sezonu pavad\u012bja k\u0101 &#8220;Ferrari&#8221; rezerves pilots. Ta\u010du p\u0113c vieno\u0161an\u0101s beig\u0101m, vi\u0146\u0161 pie\u0146\u0113mis jaunu izaicin\u0101jumu ar &#8220;Cadillac&#8221;, kas debit\u0113s F1 \u010dempion\u0101t\u0101 2026. gad\u0101. \u017dou izteicis prieku par pievieno\u0161anos projektam, uzsverot t\u0101 potenci\u0101lu un aizraujo\u0161o raksturu. Vi\u0146\u0161 atz\u012bm\u0113jis, ka sadarb\u012bba ar biju\u0161ajiem kol\u0113\u0123iem, piem\u0113ram, Valteri Botasu, kur\u0161 ar\u012b p\u0101rst\u0101v\u0113s &#8220;Cadillac&#8221;, rad\u012bs paz\u012bstamu un stabilu vidi.<\/p>\n<p>&#8220;Cadillac&#8221; sast\u0101vs 2026. gadam<\/p>\n<p>Par &#8220;Cadillac&#8221; F1 komandas pamatsast\u0101vu 2026. gada sezon\u0101 k\u013cuvu\u0161i pieredz\u0113ju\u0161ie piloti Serhio Peress no Meksikas un soms Valteri Botass. Abi piloti kop\u0101 ir aizvad\u012bju\u0161i vair\u0101k nek\u0101 500 F1 sac\u012bkstes un izc\u012bn\u012bju\u0161i 16 uzvaras. &#8220;Cadillac&#8221; komandas vad\u012bba ir izv\u0113l\u0113jusies izmantot pilotu pla\u0161o pieredzi un zin\u0101\u0161anas, lai veiksm\u012bgi uzs\u0101ktu savu ce\u013cu F1 pasaul\u0113. L\u0113mums piesaist\u012bt gan Peresu, gan Botasu, kuriem abiem ir iespaid\u012bga F1 karjera, liecina par komandas amb\u012bcij\u0101m un v\u0113lmi sasniegt augstus rezult\u0101tus jau no pirm\u0101s sezonas. Gua\u0146ju \u017dou k\u0101 rezerves pilots nodro\u0161in\u0101s papildu atbalstu un iesp\u0113ju \u0101tri rea\u0123\u0113t uz jebkur\u0101m izmai\u0146\u0101m pamatsast\u0101v\u0101.<\/p>\n<p>Pla\u0161\u0101kas perspekt\u012bvas un komandas att\u012bst\u012bba<\/p>\n<p>\u017dou pievieno\u0161an\u0101s &#8220;Cadillac&#8221; komandai ir noz\u012bm\u012bgs solis gan vi\u0146a person\u012bgajai karjerai, gan F1 populariz\u0113\u0161anai \u0136\u012bn\u0101. &#8220;Cadillac&#8221; k\u0101 z\u012bmols sagaida ar\u012b jaunas iesp\u0113jas un auditoriju \u0100zijas tirg\u016b. Komandas vad\u012bba ir p\u0101rliecin\u0101ta, ka \u017dou pieredze un zin\u0101\u0161anas pal\u012bdz\u0113s ne tikai att\u012bst\u012bt bol\u012bdu, bet ar\u012b stiprin\u0101t komandas kop\u0113jo potenci\u0101lu. 2026. gada sezona sol\u0101s b\u016bt aizraujo\u0161a, jo &#8220;Cadillac&#8221; ieiet F1 pasaul\u0113 ar sp\u0113c\u012bgu pamatsast\u0101vu un ambicioziem m\u0113r\u0137iem.<\/p>\n","protected":false},"excerpt":{"rendered":"Jauni izaicin\u0101jumi &#8220;Cadillac&#8221; F1 komand\u0101 Jaun\u0101 Formula 1 komanda &#8220;Cadillac&#8221; ir pazi\u0146ojusi par savu rezerves pilota sast\u0101vu gaid\u0101majai&hellip;\n","protected":false},"author":2,"featured_media":96421,"comment_status":"","ping_status":"","sticky":false,"template":"","format":"standard","meta":{"footnotes":""},"categories":[17],"tags":[21015,23917,23916,35,39,38,36,37,34,40,23918,2362,67,4186],"class_list":{"0":"post-96420","1":"post","2":"type-post","3":"status-publish","4":"format-standard","5":"has-post-thumbnail","7":"category-sports","8":"tag-cadillac-f1","9":"tag-f1-2026-sezona","10":"tag-guanju-zou","11":"tag-latvia","12":"tag-latvian","13":"tag-latviesu","14":"tag-latviesu-valoda","15":"tag-latviesuvaloda","16":"tag-latvija","17":"tag-lv","18":"tag-rezerves-pilots","19":"tag-serhio-peress","20":"tag-sports","21":"tag-valteri-botass"},"share_on_mastodon":{"url":"https:\/\/pubeurope.com\/@lv\/115849172290260917","error":""},"_links":{"self":[{"href":"https:\/\/www.europesays.com\/lv\/wp-json\/wp\/v2\/posts\/96420","targetHints":{"allow":["GET"]}}],"collection":[{"href":"https:\/\/www.europesays.com\/lv\/wp-json\/wp\/v2\/posts"}],"about":[{"href":"https:\/\/www.europesays.com\/lv\/wp-json\/wp\/v2\/types\/post"}],"author":[{"embeddable":true,"href":"https:\/\/www.europesays.com\/lv\/wp-json\/wp\/v2\/users\/2"}],"replies":[{"embeddable":true,"href":"https:\/\/www.europesays.com\/lv\/wp-json\/wp\/v2\/comments?post=96420"}],"version-history":[{"count":0,"href":"https:\/\/www.europesays.com\/lv\/wp-json\/wp\/v2\/posts\/96420\/revisions"}],"wp:featuredmedia":[{"embeddable":true,"href":"https:\/\/www.europesays.com\/lv\/wp-json\/wp\/v2\/media\/96421"}],"wp:attachment":[{"href":"https:\/\/www.europesays.com\/lv\/wp-json\/wp\/v2\/media?parent=96420"}],"wp:term":[{"taxonomy":"category","embeddable":true,"href":"https:\/\/www.europesays.com\/lv\/wp-json\/wp\/v2\/categories?post=96420"},{"taxonomy":"post_tag","embeddable":true,"href":"https:\/\/www.europesays.com\/lv\/wp-json\/wp\/v2\/tags?post=96420"}],"curies":[{"name":"wp","href":"https:\/\/api.w.org\/{rel}","templated":true}]}}