{"id":96449,"date":"2026-01-06T17:24:04","date_gmt":"2026-01-06T17:24:04","guid":{"rendered":"https:\/\/www.europesays.com\/lv\/96449\/"},"modified":"2026-01-06T17:24:04","modified_gmt":"2026-01-06T17:24:04","slug":"man-ir-liels-sasutums-dreimani-atlaiz-no-dailes-teatra-un-vina-neesot-vieniga-santa","status":"publish","type":"post","link":"https:\/\/www.europesays.com\/lv\/96449\/","title":{"rendered":"\u00abMan ir liels sa\u0161utums!\u00bb Dreimani atlai\u017e no Dailes te\u0101tra, un vi\u0146a neesot vien\u012bg\u0101! \u2014 Santa"},"content":{"rendered":"<p>\u00abNe visi klus\u0113 t\u0101p\u0113c, ka vi\u0146iem nav ko teikt. Da\u017ek\u0101rt klusums ir sekas videi, kur\u0101 nav dro\u0161i run\u0101t. \u0160odien jutu, cik posto\u0161a var b\u016bt situ\u0101cija, kur\u0101 vara tiek izmantota bez emp\u0101tijas. K\u0101 ar\u012b es neesmu vien\u012bg\u0101 aktrise, kuru aicin\u0101s uz \u0161\u0101du sarunu. \u0160\u012bs aktrises \u2013 Dailes te\u0101tra le\u0123endas, kuras \u0161\u012b br\u012b\u017ea te\u0101tra vad\u012bt\u0101js nosauca par pension\u0101r\u0113m, prezent\u0113jot man savu Excel tabulu t\u0101 ar\u012b pateica: \u00abTu un pension\u0101res!\u00bb Taj\u0101 br\u012bd\u012b es sapratu, ka \u0161eit ir j\u0101novelk robe\u017eas. Es izv\u0113los st\u0101v\u0113t par profesion\u0101lu vidi, kur atbild\u012bba iet roku rok\u0101 ar emp\u0101tiju. Mans sp\u0113ks ir nevis klus\u0113t, bet run\u0101t bez bail\u0113m un bez naida,\u00bb Instagram pav\u0113st\u012bja Lelde.<\/p>\n<p>Situ\u0101ciju vi\u0146a vair\u0101k izskaidroja Instagram st\u0101st\u0101:<\/p>\n<p>\u00a0<\/p>\n<p>\u00abGrib\u0113ju padal\u012bties ar to, kas tikko notika. Gads ir ies\u0101cies \u013coti specifiski man\u0101 situ\u0101cij\u0101. Sa\u0146\u0113mu zi\u0146u no Jura \u017dagara, ka vi\u0146\u0161 v\u0113las sarunu ar mani Dailes te\u0101tr\u012b,\u00bb par notiku\u0161o st\u0101sta Lelde un turpina: \u00abEs priec\u012bga dodos uz savu te\u0101tri un ien\u0101kot taj\u0101 satieku savu kol\u0113\u0123i, kura ir noraud\u0101jusies. \u00a0Es prasu: \u00abKas notika?\u00bb<\/p>\n<blockquote><p>&#13;<\/p>\n<p>Vi\u0146a teica: \u00abTik tikko tika atlaisti 20 cilv\u0113ki no mana departamenta\u2026\u00bb<\/p>\n<p>&#13;\n<\/p><\/blockquote>\n<p>Es j\u016btu gaisotni te\u0101tr\u012b un apm\u0113ram saprotu, kas var\u0113tu notikt. Bet es dodos dro\u0161i iek\u0161\u0101 kabinet\u0101, kur\u0101 mani sagaida Juris \u017dagars. Uz galda st\u0101v divi pap\u012bri, pildspalva un pa visu sienu liela Excel tabula. Tad Juris s\u0101k st\u0101st\u012bt, ka \u0161obr\u012bd ir t\u0101da situ\u0101cija, ka saist\u012bb\u0101 ar to, ka te\u0101trim samazin\u0101s finansi\u0101l\u0101s dot\u0101cijas no valsts, plus ir biju\u0161i lieli izdevumi ar\u012b saist\u012bb\u0101 ar nesen\u0101kaj\u0101m Dailes te\u0101tra izr\u0101d\u0113m, kas ac\u012bmredzot nav nesu\u0161as cer\u0113to pe\u013c\u0146u.<\/p>\n<blockquote><p>&#13;<\/p>\n<p>Tad nu, l\u016bk, \u0161obr\u012bd notiek \u0161tatu samazin\u0101\u0161ana un man ir divas opcijas.<\/p>\n<p>&#13;\n<\/p><\/blockquote>\n<p>Vai nu es parakstu vieno\u0161anos un pati dodos prom vai ar\u012b notiek otra opcija un <a data-id=\"122480\" href=\"https:\/\/www.santa.lv\/tema\/122480\/teatris?utm_source=internal&amp;utm_medium=article&amp;utm_campaign=theme_link\" target=\"_blank\" rel=\"nofollow noopener\">te\u0101tris<\/a> samazina manu \u0161tata vietu un notiek \u0161\u012b atlai\u0161anas proced\u016bra.<\/p>\n<p>Un vi\u0146\u0161 dod man parakst\u012bt dokumentu. Un es saku: \u00abP\u0113c \u0161\u0101das inform\u0101cijas man ir vajadz\u012bgs laiks, jo es cienu sevi un cienu savu attieksmi pret te\u0101tri, t\u0101p\u0113c es \u0161obr\u012bd nev\u0113los neko parakst\u012bt. Man ir ties\u012bbas p\u0101rdom\u0101t visu\u00bb. Juris \u013coti \u0101tri rea\u0123\u0113, sakot: \u00abT\u016bl\u012bt iesauk\u0161u kabinet\u0101 divus kol\u0113\u0123us un vi\u0146i b\u016bs liecinieki. Vi\u0146i parakst\u012bs \u0161o dokumentu tav\u0101 viet\u0101. T\u0101 k\u0101 jebkur\u0101 gad\u012bjum\u0101 tu paraksti dokumentu.\u00bb T\u0101 bija ekstra neordin\u0101r\u0101k\u0101 situ\u0101cija man\u0101 dz\u012bv\u0113,\u00bb notiku\u0161o atst\u0101sta Lelde Dreimane.<\/p>\n","protected":false},"excerpt":{"rendered":"\u00abNe visi klus\u0113 t\u0101p\u0113c, ka vi\u0146iem nav ko teikt. Da\u017ek\u0101rt klusums ir sekas videi, kur\u0101 nav dro\u0161i run\u0101t.&hellip;\n","protected":false},"author":2,"featured_media":96450,"comment_status":"","ping_status":"","sticky":false,"template":"","format":"standard","meta":{"footnotes":""},"categories":[14],"tags":[23,57,28,29,32,33,22,30,31,35,39,38,36,37,34,40,20,26,27,24,25,54,55,56,21,58],"class_list":{"0":"post-96449","1":"post","2":"type-post","3":"status-publish","4":"format-standard","5":"has-post-thumbnail","7":"category-zinas-no-arvalstim","8":"tag-aktualitates","9":"tag-arvalstim","10":"tag-breaking-news","11":"tag-breakingnews","12":"tag-featured-news","13":"tag-featurednews","14":"tag-headlines","15":"tag-latest-news","16":"tag-latestnews","17":"tag-latvia","18":"tag-latvian","19":"tag-latviesu","20":"tag-latviesu-valoda","21":"tag-latviesuvaloda","22":"tag-latvija","23":"tag-lv","24":"tag-news","25":"tag-popularakas-zinas","26":"tag-popularakaszinas","27":"tag-top-stories","28":"tag-topstories","29":"tag-world","30":"tag-world-news","31":"tag-worldnews","32":"tag-zinas","33":"tag-zinas-no-arvalstim"},"share_on_mastodon":{"url":"https:\/\/pubeurope.com\/@lv\/115849321843092742","error":""},"_links":{"self":[{"href":"https:\/\/www.europesays.com\/lv\/wp-json\/wp\/v2\/posts\/96449","targetHints":{"allow":["GET"]}}],"collection":[{"href":"https:\/\/www.europesays.com\/lv\/wp-json\/wp\/v2\/posts"}],"about":[{"href":"https:\/\/www.europesays.com\/lv\/wp-json\/wp\/v2\/types\/post"}],"author":[{"embeddable":true,"href":"https:\/\/www.europesays.com\/lv\/wp-json\/wp\/v2\/users\/2"}],"replies":[{"embeddable":true,"href":"https:\/\/www.europesays.com\/lv\/wp-json\/wp\/v2\/comments?post=96449"}],"version-history":[{"count":0,"href":"https:\/\/www.europesays.com\/lv\/wp-json\/wp\/v2\/posts\/96449\/revisions"}],"wp:featuredmedia":[{"embeddable":true,"href":"https:\/\/www.europesays.com\/lv\/wp-json\/wp\/v2\/media\/96450"}],"wp:attachment":[{"href":"https:\/\/www.europesays.com\/lv\/wp-json\/wp\/v2\/media?parent=96449"}],"wp:term":[{"taxonomy":"category","embeddable":true,"href":"https:\/\/www.europesays.com\/lv\/wp-json\/wp\/v2\/categories?post=96449"},{"taxonomy":"post_tag","embeddable":true,"href":"https:\/\/www.europesays.com\/lv\/wp-json\/wp\/v2\/tags?post=96449"}],"curies":[{"name":"wp","href":"https:\/\/api.w.org\/{rel}","templated":true}]}}