{"id":96453,"date":"2026-01-06T17:30:04","date_gmt":"2026-01-06T17:30:04","guid":{"rendered":"https:\/\/www.europesays.com\/lv\/96453\/"},"modified":"2026-01-06T17:30:04","modified_gmt":"2026-01-06T17:30:04","slug":"venecuelas-opozicijas-lidere-gatava-dalit-nobela-miera-premiju-ar-trampu-1188-lv","status":"publish","type":"post","link":"https:\/\/www.europesays.com\/lv\/96453\/","title":{"rendered":"Venecu\u0113las opoz\u012bcijas l\u012bdere gatava dal\u012bt Nobela Miera pr\u0113miju ar Trampu &#8211; 1188.lv"},"content":{"rendered":"<ol>\n<li><a href=\"https:\/\/news.google.com\/rss\/articles\/CBMipwFBVV95cUxPRnUxVjFjbkFrZXhjaXV1RTFwaGZtWXVreEEtcEVsTVFraXZkWDlyT0JmOFJQUEMtT3dKc3RrX0x5akpTb1FsczRBRFNtSjl3TnJES1dPbWNkODlPdkRJLTczUy1yWkFkaDJsSDRlLVhhcHQ4amtiOWVsY3FnTEFSVFRnMC1nSGplSEtraE1mVTBObUxKVGhhWTJQY1d5OWJKT3lYLVFNYw?oc=5\" target=\"_blank\" rel=\"nofollow noopener\">Venecu\u0113las opoz\u012bcijas l\u012bdere gatava dal\u012bt Nobela Miera pr\u0113miju ar Trampu<\/a>&nbsp;&nbsp;1188.lv<\/li>\n<li><a href=\"https:\/\/news.google.com\/rss\/articles\/CBMi7AFBVV95cUxNMEFrakJKSElwdFBVTjJUTDBjRllKTk9ydG10NzU0UUtva1lnbHJOSEVGVEVfUFgxSjk3bElGUmhKbzlub25LRTl0OVB1NHpiVTgyR0t6RFVOM3JLR1BLQmxpbWZnT01ySVN0U1RZTlpfMTAxcVJFWGw5NWFJdWhDc0dGbUVRaDVEUUM2Vk5fWnUxeWYxcUkxQlI0TUdTa202U0hpR0t6SDY5bjBFZXFUSXo3NFZVMVY5dV84WjI2b0dRd0tDbkFLRVpfY2UwRm1IU3hsRWZFWHRCcE81Rmt4R2FTeHp6b2Q2YjNWcQ?oc=5\" target=\"_blank\" rel=\"nofollow noopener\">Medijs: Tramps nav atbalst\u012bjis Ma\u010dado k\u013c\u016b\u0161anu par Venecu\u0113las prezidenti Nobela Miera pr\u0113mijas d\u0113\u013c<\/a>&nbsp;&nbsp;LSM<\/li>\n<li><a href=\"https:\/\/news.google.com\/rss\/articles\/CBMikAFBVV95cUxQWEdqdDBJY2pyel9fM1NiUVZ1cmV3M2pyY0o5bHprS1VTOTFCUmhhY2t6Y19KQ1F1TzNKNGVfeHFUYkJNdGxlMmlzNllIOHRPOTY4cV9CRXZnWDZZZEdVYzZMTDFJX3NyaDNLQ2VUVmdCSmU1MnhVV29mTGpzZDMzcmdPajk5Q3RJSldiNkF3Ql8?oc=5\" target=\"_blank\" rel=\"nofollow noopener\">Ma\u010dado sola iesp\u0113jami dr\u012bz atgriezties Venecu\u0113l\u0101<\/a>&nbsp;&nbsp;Jauns.lv<\/li>\n<li><a href=\"https:\/\/news.google.com\/rss\/articles\/CBMi4wFBVV95cUxOVVdoRnhXaEF1eGdveGFVSDJMVGNFVVJHa2xMa1RaeVRwNTdLMTJoVnMwQkRjN3NaOE5qTkd1c0EzOHptclM1WjRCOXlyQXJ2eVBaTWl4WUQ1R0xXTENkNXBfeFBaMEhRSHEwdEpMdUpQa1ZYU2lZWWJiY2VpcEo2aFEwSG9hSkRacjh6SFpuZFhqRWZFdmdFVmdiQW83TWJQeE53bU1RMGhyVF91RURhd05LSml5b05taF82MkoyYWszMWJyWTdVTzNXWk54eTFSZm14YTlOWW5zaHV6dHBWdFk4WQ?oc=5\" target=\"_blank\" rel=\"nofollow noopener\">Venecu\u0113las opoz\u012bcijas l\u012bdere Ma\u010dado aicina prezidenta amat\u0101 st\u0101ties Gonsalesu; Trampam padom\u0101 ir cits kandid\u0101ts<\/a>&nbsp;&nbsp;Jauns.lv<\/li>\n<li><a href=\"https:\/\/news.google.com\/rss\/articles\/CBMiuwFBVV95cUxPeUlleEgxRkZSZE03WFA0RWRUdlhLc1R0XzNJcmxrUEpXVms0Z3RHMlQ0aXJVeWFKOW93Vjkyal93UnNmZExOYzhGSTExVmxXMFNWcWF2SUxjQVRvSWM1V0RGZXQ3SGp2WEU1OElybjRiMjFCTDlhNW5KelB0UVFUWjc1cUpmaGdvaFYtN2Z2bXVFMDJoYXdieW5nTXhBNjdmc2xUbHRaaXA4Q0ZId2Fqa3ZkNzZCejlPTmpV?oc=5\" target=\"_blank\" rel=\"nofollow noopener\">Venecu\u0113las opoz\u012bcijas l\u012bdere Ma\u010dado sola iesp\u0113jami dr\u012bz atgriezties Venecu\u0113l\u0101<\/a>&nbsp;&nbsp;Lasi.lv<\/li>\n<\/ol>\n","protected":false},"excerpt":{"rendered":"Venecu\u0113las opoz\u012bcijas l\u012bdere gatava dal\u012bt Nobela Miera pr\u0113miju ar Trampu&nbsp;&nbsp;1188.lv Medijs: Tramps nav atbalst\u012bjis Ma\u010dado k\u013c\u016b\u0161anu par Venecu\u0113las&hellip;\n","protected":false},"author":2,"featured_media":96454,"comment_status":"","ping_status":"","sticky":false,"template":"","format":"standard","meta":{"footnotes":""},"categories":[14],"tags":[129,960,5060,23,57,28,29,32,33,22,30,31,35,39,38,36,37,34,40,20,26,27,961,5061,962,5062,24,25,54,55,56,21,58],"class_list":{"0":"post-96453","1":"post","2":"type-post","3":"status-publish","4":"format-standard","5":"has-post-thumbnail","7":"category-zinas-no-arvalstim","8":"tag-__typenameadvicekeyword","9":"tag-id1007","10":"tag-id1134","11":"tag-aktualitates","12":"tag-arvalstim","13":"tag-breaking-news","14":"tag-breakingnews","15":"tag-featured-news","16":"tag-featurednews","17":"tag-headlines","18":"tag-latest-news","19":"tag-latestnews","20":"tag-latvia","21":"tag-latvian","22":"tag-latviesu","23":"tag-latviesu-valoda","24":"tag-latviesuvaloda","25":"tag-latvija","26":"tag-lv","27":"tag-news","28":"tag-popularakas-zinas","29":"tag-popularakaszinas","30":"tag-slugdonalds-tramps","31":"tag-slugnobela-premija","32":"tag-titledonalds-tramps","33":"tag-titlenobela-premija","34":"tag-top-stories","35":"tag-topstories","36":"tag-world","37":"tag-world-news","38":"tag-worldnews","39":"tag-zinas","40":"tag-zinas-no-arvalstim"},"share_on_mastodon":{"url":"","error":"Validation failed: Text character limit of 500 exceeded"},"_links":{"self":[{"href":"https:\/\/www.europesays.com\/lv\/wp-json\/wp\/v2\/posts\/96453","targetHints":{"allow":["GET"]}}],"collection":[{"href":"https:\/\/www.europesays.com\/lv\/wp-json\/wp\/v2\/posts"}],"about":[{"href":"https:\/\/www.europesays.com\/lv\/wp-json\/wp\/v2\/types\/post"}],"author":[{"embeddable":true,"href":"https:\/\/www.europesays.com\/lv\/wp-json\/wp\/v2\/users\/2"}],"replies":[{"embeddable":true,"href":"https:\/\/www.europesays.com\/lv\/wp-json\/wp\/v2\/comments?post=96453"}],"version-history":[{"count":0,"href":"https:\/\/www.europesays.com\/lv\/wp-json\/wp\/v2\/posts\/96453\/revisions"}],"wp:featuredmedia":[{"embeddable":true,"href":"https:\/\/www.europesays.com\/lv\/wp-json\/wp\/v2\/media\/96454"}],"wp:attachment":[{"href":"https:\/\/www.europesays.com\/lv\/wp-json\/wp\/v2\/media?parent=96453"}],"wp:term":[{"taxonomy":"category","embeddable":true,"href":"https:\/\/www.europesays.com\/lv\/wp-json\/wp\/v2\/categories?post=96453"},{"taxonomy":"post_tag","embeddable":true,"href":"https:\/\/www.europesays.com\/lv\/wp-json\/wp\/v2\/tags?post=96453"}],"curies":[{"name":"wp","href":"https:\/\/api.w.org\/{rel}","templated":true}]}}