{"id":96456,"date":"2026-01-06T17:42:05","date_gmt":"2026-01-06T17:42:05","guid":{"rendered":"https:\/\/www.europesays.com\/lv\/96456\/"},"modified":"2026-01-06T17:42:05","modified_gmt":"2026-01-06T17:42:05","slug":"sniegotie-laikapstakli-turpina-apgrutinat-amsterdamas-shipholas-lidostas-darbu-raksts","status":"publish","type":"post","link":"https:\/\/www.europesays.com\/lv\/96456\/","title":{"rendered":"Sniegotie laikapst\u0101k\u013ci turpina apgr\u016btin\u0101t Amsterdamas Shipholas lidostas darbu \/ Raksts"},"content":{"rendered":"<p>Kop\u0161 2. janv\u0101ra sniegs un main\u012bgie laikapst\u0101k\u013ci sag\u0101d\u0101 galvass\u0101pes t\u016bksto\u0161iem ce\u013cot\u0101ju, kuru lidojums ir saist\u012bts ar vienu no liel\u0101kaj\u0101m Eiropas lidost\u0101m \u2013 Amsterdamas\u00a0Karalisko Shipholas lidostu (Koninklijke Luchthaven Schiphol) P\u0113d\u0113jo dienu laik\u0101 kopum\u0101 atcelti jau vair\u0101k nek\u0101 2000 reisu un lidosta br\u012bdina, ka reisu atcel\u0161ana sagaid\u0101ma ar\u012b turpm\u0101k\u0101s dienas.\u00a0<\/p>\n<p>Lidosta sav\u0101 pazi\u0146ojum\u0101 nor\u0101da, ka ziem\u012bgo laikapst\u0101k\u013cu d\u0113\u013c ir ierobe\u017eotas iesp\u0113jas apkalpot tik lielu lidojumu skaitu, k\u0101 tas ir ikdien\u0101.\u00a0<\/p>\n<blockquote>\n<p>&#8220;M\u0113s saprotam, ka \u0161is rada ne\u0113rt\u012bbas t\u016bksto\u0161iem pasa\u017eieru, bet v\u0113lamies uzsv\u0113rt, ka pasa\u017eieru un darbinieku dro\u0161\u012bba ir m\u016bsu galven\u0101 priorit\u0101te. Ir nepiecie\u0161ams papildu laiks, lai veiktu skrejce\u013cu un peronu t\u012br\u012b\u0161anu un tas rada kav\u0113\u0161anos lidojumu grafik\u0101. \u0160\u012b ir \u0101rk\u0101rtas situ\u0101cija un m\u0113s dar\u0101m visu iesp\u0113jamo, lai ietekm\u0113tu p\u0113c iesp\u0113jas maz\u0101k pasa\u017eieru,&#8221;\u00a0<\/p>\n<\/blockquote>\n<p>teiks lidostas pazi\u0146ojum\u0101 medijiem.\u00a0<\/p>\n<p>Aktu\u0101l\u0101 inform\u0101cija par \u0161odienu, 6. janv\u0101ri, liecina, ka atcelti aptuveni 600 reisu.\u00a0<\/p>\n<p><img decoding=\"async\" src=\"https:\/\/www.europesays.com\/lv\/wp-content\/uploads\/2026\/01\/sea9.jpg\" alt=\"Pazi\u0146ojumi par izmai\u0146\u0101m reisu grafikos\"\/>Pazi\u0146ojumi par izmai\u0146\u0101m reisu grafikos<\/p>\n<p>Foto: AFP, KOEN VAN WEEL<\/p>\n<\/p>\n<p>Teju tr\u012bs stundas, lai izk\u0101ptu no lidma\u0161\u012bnas un brauciens uz nekurieni<\/p>\n<p>N\u012bderlandes nacion\u0101l\u0101s aviokomp\u0101nijas &#8220;KLM&#8221; reiss KL1003 ikdien\u0101 savieno Amsterdamu ar Londonas H\u012btrova lidostu un lidojuma ilgums ir teju pusotra stunda. Reisa izlido\u0161anas laiks ir plkst. 8.35 p\u0113c viet\u0113j\u0101 laika, bet da\u017e\u0101du faktoru ietekm\u0113 lidma\u0161\u012bna no st\u0101vvietas tika izstumta \u012bsi p\u0113c plkst. 9.00.\u00a0<\/p>\n<p>\u0145emot v\u0113r\u0101 apst\u0101k\u013cus, 30 min\u016btes neb\u016btu ilg\u0101k\u0101 kav\u0113\u0161an\u0101s, bet probl\u0113mas s\u0101k\u0101s br\u012bd\u012b, kad lidma\u0161\u012bna s\u0101ka manevrus, lai sasniegtu skrejce\u013cu. P\u0101rslogoto manevr\u0113\u0161ana ce\u013cu un main\u012bgo laikapst\u0101k\u013cu d\u0113\u013c, reiss atgriez\u0101s izlido\u0161anas sektor\u0101, t\u0101 ar\u012b nepametot lidostas teritoriju. Lai apbrauktu apk\u0101rt lidostai divas reizes, lidma\u0161\u012bnas komandai bija nepiecie\u0161amas vair\u0101k nek\u0101 divas stundas.\u00a0<\/p>\n<p><img decoding=\"async\" src=\"https:\/\/www.europesays.com\/lv\/wp-content\/uploads\/2026\/01\/se9s.jpg\" alt=\"Reisa \u201cKL1003\u201d veiktie ap\u013ci ap lidostas termin\u0101liem\"\/>Reisa \u201cKL1003\u201d veiktie ap\u013ci ap lidostas termin\u0101liem<\/p>\n<p>Foto: Flightradar24.com<\/p>\n<\/p>\n<p>Laika apst\u0101k\u013cus nevar ietekm\u0113t, un tiem ir j\u0101pak\u013caujas. To piedz\u012bvoja ar\u012b Apvienoto Ar\u0101bu Emir\u0101tu lidsabiedr\u012bba &#8220;Emirates&#8221;, kura mar\u0161rut\u0101 Dubaija\u2013Amsterdama izmanto pasaul\u0113 liel\u0101k\u0101s pasa\u017eieru lidma\u0161\u012bnas jeb &#8220;Airbus A380&#8221;. Shipholas lidost\u0101 ir tr\u012bs vietas, kur pie termin\u0101la ir iesp\u0113jams apkalpot \u0161\u0101da izm\u0113ra lidma\u0161\u012bnas un br\u012bd\u012b, kad lidost\u0101 nos\u0113d\u0101s reiss EK147, visas \u0161\u012bs vietas bija aiz\u0146emtas.\u00a0<\/p>\n<p>Lidostas gaisa satiksmes dispe\u010deri lidma\u0161\u012bnu novirz\u012bja uz pagaidu st\u0101vvietu, un pag\u0101ja vair\u0101k nek\u0101 tr\u012bs stundas, kam\u0113r lidma\u0161\u012bnas apkalpe var\u0113ja uzs\u0101kt kust\u012bbu uz termin\u0101lu. J\u0101piebilst, ka reiss uz Dubaiju izlidoja ar septi\u0146u stundu aizkav\u0113\u0161anos.\u00a0<\/p>\n<p><img decoding=\"async\" src=\"https:\/\/www.europesays.com\/lv\/wp-content\/uploads\/2026\/01\/sea3.png\" alt=\"&quot;Emirates&quot; reiss EK147 pagaidu st\u0101vviet\u0101\"\/>&#8220;Emirates&#8221; reiss EK147 pagaidu st\u0101vviet\u0101<\/p>\n<p>Foto: Flightradar24.com<\/p>\n<\/p>\n<p>Lidosta br\u012bdina par atledo\u0161anas \u0161\u0137idruma rezervju samazin\u0101\u0161anos<\/p>\n<p>Ziemas laik\u0101 katru no lidma\u0161\u012bn\u0101m pirms izlido\u0161anas apstr\u0101d\u0101 ar \u012bpa\u0161u \u0161\u0137idrumu, kas veidots sajaucot karstu \u016bdeni, glikolu un kr\u0101svielu. Tas\u00a0pasarg\u0101 lidma\u0161\u012bnas da\u013cas, piem\u0113ram, sp\u0101rnus, k\u0101 ar\u012b horizont\u0101lo un vertik\u0101lo stabilizatoru\u00a0no ledus veido\u0161an\u0101s pacel\u0161an\u0101s laik\u0101.\u00a0<\/p>\n<p>Kop\u0161 2. janv\u0101ra, kad lidost\u0101 s\u0101k\u0101s ziem\u012bgie laikapst\u0101k\u013ci, ik dienu tiek izmantots \u0161is \u0161\u0137idrums, ar ko p\u0101rkl\u0101j lidma\u0161\u012bnu da\u013cas. Sniegs, apledojums un main\u012bgie laikapst\u0101k\u013ci kav\u0113 \u0161\u012b \u0161\u0137idruma laic\u012bgu pieg\u0101di no rezervu\u0101riem V\u0101cij\u0101, t\u0101p\u0113c rezerves strauji sar\u016bk.\u00a0<\/p>\n<blockquote>\n<p>&#8220;\u0160\u012b nav tikai Shipholas probl\u0113ma, bet ar \u0161\u0101du situ\u0101ciju, kad pieg\u0101d\u0101t\u0101js nevar piel\u0101goties piepras\u012bjumam, saskaras vair\u0101kas Eiropas lidostas, t\u0101p\u0113c virszemes apkalpo\u0161anas speci\u0101listi no &#8220;KLM&#8221; pa\u0161i ir gatavi doties uz V\u0101ciju paka\u013c \u0161im \u0161\u0137idrumam,&#8221;\u00a0<\/p>\n<\/blockquote>\n<p>teikts lidostas izplat\u012btaj\u0101 pazi\u0146ojum\u0101.\u00a0<\/p>\n<p>&#8220;KLM&#8221; pied\u0101v\u0101 savus pakalpojumus liel\u0101kajai da\u013cai lidsabiedr\u012bbu, kas veic lidojumus uz un no Amsterdamas. Atledo\u0161anas komand\u0101 str\u0101d\u0101 vair\u0101k nek\u0101 100 lidsabiedr\u012bbas &#8220;KLM&#8221; darbinieku, un dien\u0101 tiek pat\u0113r\u0113ti vismaz 85 000 litru \u0161\u012b \u0161\u0137idruma.\u00a0<\/p>\n<p>Lidsabiedr\u012bbas r\u012bc\u012bb\u0101 ir 25 \u012bpa\u0161i apr\u012bkoti pretapledo\u0161anas transporta l\u012bdzek\u013ci, kuri nep\u0101rtraukti str\u0101d\u0101 kop\u0161 2. janv\u0101ra.<\/p>\n<p><img decoding=\"async\" src=\"https:\/\/www.europesays.com\/lv\/wp-content\/uploads\/2026\/01\/sea7.jpg\" alt=\"Lidma\u0161\u012bnas atledo\u0161anas proced\u016bra\"\/>Lidma\u0161\u012bnas atledo\u0161anas proced\u016bra<\/p>\n<p>Foto: Amsterdam Airport Schiphol<\/p>\n<\/p>\n<p>\u00a0<\/p>\n<p>\u00a0<\/p>\n<p>                    Valodas k\u013c\u016bda rakst\u0101?<\/p>\n<p class=\"d-none d-md-block\">Iez\u012bm\u0113jiet tekstu un spiediet Ctrl+Enter, lai nos\u016bt\u012btu labojamo teksta fragmentu redaktoram! Par faktu k\u013c\u016bd\u0101m l\u016bdzam zi\u0146ot e-past\u0101 <a href=\"https:\/\/www.lsm.lv\/cdn-cgi\/l\/email-protection\" class=\"__cf_email__\" data-cfemail=\"98eafdfcf9f3fbf1f2f9d8f4ebf5b6f4ee\" rel=\"nofollow noopener\" target=\"_blank\">[email\u00a0protected]<\/a>.<\/p>\n<p class=\"d-md-none\">Iez\u012bm\u0113jiet tekstu un spiediet uz Zi\u0146ot par k\u013c\u016bdu pogas, lai nos\u016bt\u012btu labojamo teksta fragmentu redaktoram!<\/p>\n<p>\n                    Zi\u0146ot par k\u013c\u016bdu\n                <\/p>\n","protected":false},"excerpt":{"rendered":"Kop\u0161 2. janv\u0101ra sniegs un main\u012bgie laikapst\u0101k\u013ci sag\u0101d\u0101 galvass\u0101pes t\u016bksto\u0161iem ce\u013cot\u0101ju, kuru lidojums ir saist\u012bts ar vienu no&hellip;\n","protected":false},"author":2,"featured_media":96457,"comment_status":"","ping_status":"","sticky":false,"template":"","format":"standard","meta":{"footnotes":""},"categories":[14],"tags":[23,57,28,29,32,33,22,30,31,35,39,38,36,37,34,40,20,26,27,24,25,54,55,56,21,58],"class_list":{"0":"post-96456","1":"post","2":"type-post","3":"status-publish","4":"format-standard","5":"has-post-thumbnail","7":"category-zinas-no-arvalstim","8":"tag-aktualitates","9":"tag-arvalstim","10":"tag-breaking-news","11":"tag-breakingnews","12":"tag-featured-news","13":"tag-featurednews","14":"tag-headlines","15":"tag-latest-news","16":"tag-latestnews","17":"tag-latvia","18":"tag-latvian","19":"tag-latviesu","20":"tag-latviesu-valoda","21":"tag-latviesuvaloda","22":"tag-latvija","23":"tag-lv","24":"tag-news","25":"tag-popularakas-zinas","26":"tag-popularakaszinas","27":"tag-top-stories","28":"tag-topstories","29":"tag-world","30":"tag-world-news","31":"tag-worldnews","32":"tag-zinas","33":"tag-zinas-no-arvalstim"},"share_on_mastodon":{"url":"https:\/\/pubeurope.com\/@lv\/115849392571378135","error":""},"_links":{"self":[{"href":"https:\/\/www.europesays.com\/lv\/wp-json\/wp\/v2\/posts\/96456","targetHints":{"allow":["GET"]}}],"collection":[{"href":"https:\/\/www.europesays.com\/lv\/wp-json\/wp\/v2\/posts"}],"about":[{"href":"https:\/\/www.europesays.com\/lv\/wp-json\/wp\/v2\/types\/post"}],"author":[{"embeddable":true,"href":"https:\/\/www.europesays.com\/lv\/wp-json\/wp\/v2\/users\/2"}],"replies":[{"embeddable":true,"href":"https:\/\/www.europesays.com\/lv\/wp-json\/wp\/v2\/comments?post=96456"}],"version-history":[{"count":0,"href":"https:\/\/www.europesays.com\/lv\/wp-json\/wp\/v2\/posts\/96456\/revisions"}],"wp:featuredmedia":[{"embeddable":true,"href":"https:\/\/www.europesays.com\/lv\/wp-json\/wp\/v2\/media\/96457"}],"wp:attachment":[{"href":"https:\/\/www.europesays.com\/lv\/wp-json\/wp\/v2\/media?parent=96456"}],"wp:term":[{"taxonomy":"category","embeddable":true,"href":"https:\/\/www.europesays.com\/lv\/wp-json\/wp\/v2\/categories?post=96456"},{"taxonomy":"post_tag","embeddable":true,"href":"https:\/\/www.europesays.com\/lv\/wp-json\/wp\/v2\/tags?post=96456"}],"curies":[{"name":"wp","href":"https:\/\/api.w.org\/{rel}","templated":true}]}}