{"id":96464,"date":"2026-01-06T17:49:13","date_gmt":"2026-01-06T17:49:13","guid":{"rendered":"https:\/\/www.europesays.com\/lv\/96464\/"},"modified":"2026-01-06T17:49:13","modified_gmt":"2026-01-06T17:49:13","slug":"krieviem-sis-ir-sapnu-scenarijs-asv-generalis-bridina-ja-tramps-ienems-grenlandi-sekas-bus-katastrofalas","status":"publish","type":"post","link":"https:\/\/www.europesays.com\/lv\/96464\/","title":{"rendered":"\u201cKrieviem \u0161is ir sap\u0146u scen\u0101rijs.\u201d ASV \u0123ener\u0101lis br\u012bdina \u2013 ja Tramps ie\u0146ems Grenlandi, sekas b\u016bs katastrof\u0101las"},"content":{"rendered":"<p>Biju\u0161ais ASV sauszemes sp\u0113ku komandieris Eirop\u0101 nor\u0101d\u012bja, ka Eiropa pag\u0101tn\u0113 nav pietiekami r\u016bp\u0113jusies par savu dro\u0161\u012bbu un tagad Va\u0161ingtona tai vairs nav uzticams partneris.<\/p>\n<p>\u201cEiropai b\u016bs j\u0101uz\u0146emas atbild\u012bba par savu dro\u0161\u012bbu\u201d<\/p>\n<p>\u201cP\u0101r\u0101k ilgi Eiropa ir dom\u0101jusi, ka ASV nodro\u0161in\u0101s visu t\u0101s aizsardz\u012bbu. Eiropas valstis nav izdar\u012bju\u0161as to, kas t\u0101m b\u016btu bijis j\u0101dara, un ir k\u013cuvu\u0161as atkar\u012bgas no Krievijas ener\u0123ijas. [Amerikas Savienot\u0101s Valstis] vairs netiek uzskat\u012btas par uzticam\u0101m (\u2026) Eiropai b\u016bs j\u0101uz\u0146emas atbild\u012bba par savu dro\u0161\u012bbu,\u201d pauda Hod\u017eess.<\/p>\n<p>Tom\u0113r, p\u0113c vi\u0146a sac\u012bt\u0101 pa\u0161reiz\u0113j\u0101 politika neap\u0161aub\u0101mi kait\u0113 ar\u012b ASV interes\u0113m. \u201cEs dom\u0101ju, ka m\u0113s Amerikas Savienotaj\u0101s Valst\u012bs v\u0113l ilgi no\u017e\u0113losim uztic\u012bbas zaud\u0113\u0161anu,\u201d teica Hod\u017eess.<\/p>\n<p>\u201cAmerikas Savienot\u0101s Valstis (..) gadu desmitiem ir devu\u0161as miljardiem dol\u0101ru, lai pal\u012bdz\u0113tu Eiropai, un es \u013coti lepojos un priec\u0101jos, ka m\u0113s to esam izdar\u012bju\u0161i. Tagad, manupr\u0101t, m\u0113s esam non\u0101ku\u0161i situ\u0101cij\u0101, kad Amerikas Savienotaj\u0101m Valst\u012bm ir nepiecie\u0161ama Eiropas pal\u012bdz\u012bba, lai gl\u0101btu m\u016bs no mums pa\u0161iem (..), lai stingri st\u0101tos pret\u012b \u0161ai administr\u0101cijai,\u201d skaidroja biju\u0161ais \u0123ener\u0101lis.<\/p>\n<p>Trampa pl\u0101ns ie\u0146emt Grenlandi tagad \u0161\u0137iet ticams<\/p>\n<p>Intervij\u0101 Polijas telev\u012bzijai Hod\u017eess ar\u012b sac\u012bja, ka p\u0113c ASV milit\u0101r\u0101s oper\u0101cijas Venecu\u0113l\u0101 iesp\u0113jamais Trampa l\u0113mums s\u016bt\u012bt karasp\u0113ku uz Grenlandi tagad \u201c\u0161\u0137iet ticam\u0101ks\u201d.<\/p>\n<p class=\"ad-desc ad-desc-main\">Saturs turpin\u0101s p\u0113c rekl\u0101mas<\/p>\n<p class=\"ad-desc ad-desc-sec\">Rekl\u0101ma<\/p>\n<p>Noskaties: Putins nav tas draugs, kur\u0161 sp\u0113s aizsarg\u0101t\u2026 <a href=\"https:\/\/tv3.lv\/zinas\/arvalstis\/putins-nav-tas-draugs-kurs-spes-aizsargat-eksperts-par-notikumiem-venecuela-un-tas-saitem-ar-krieviju\/\" rel=\"nofollow noopener\" target=\"_blank\">Eksperts par notikumiem Venecu\u0113l\u0101 un t\u0101s sait\u0113m ar Krieviju<\/a><\/p>\n<p>\u201cAgr\u0101k es dom\u0101ju (..), ka tas ir absurdi (..). D\u0101\u0146i un grenlandie\u0161i m\u016bs uz\u0146\u0113ma draudz\u012bgi, t\u0101p\u0113c dom\u0101ju, ka vi\u0146\u0161 to nedar\u012bs nek\u0101dos apst\u0101k\u013cos. Tom\u0113r p\u0113c \u0161\u012bs ned\u0113\u013cas nogales [\u0161\u0101ds scen\u0101rijs] \u0161\u0137iet ticam\u0101ks. Man \u0161\u0137iet, ka vi\u0146\u0161 ir ieinteres\u0113ts kaut ko t\u0101du dar\u012bt\u2026 Manupr\u0101t, tas b\u016btu nelikum\u012bgs r\u012bkojums ASV armijai, un es ceru, ka vi\u0146u (ASV armijas \u2013 red.) attieksme b\u016bs noraido\u0161a,\u201d sac\u012bja Hod\u017eess.<\/p>\n<p>Grenlande, kas atrodas Atlantijas oke\u0101n\u0101, pieder NATO dal\u012bbvalstij D\u0101nijai. D\u0101nijas premjere Mete Frederiksena pazi\u0146ojusi, ka ASV uzbrukums Grenlandei <a href=\"https:\/\/tv3.lv\/zinas\/arvalstis\/danija-bridina-asv-uzbrukums-grenlandei-nozimetu-nato-sabrukumu\/\" rel=\"nofollow noopener\" target=\"_blank\">noz\u012bm\u0113tu NATO sabrukumu<\/a>.<\/p>\n<p>Hod\u017eess piekrita D\u0101nijas premjeres viedoklim, sakot, ka \u0161\u0101ds scen\u0101rijs patie\u0161\u0101m b\u016btu katastrofa NATO aliansei: \u201cEs dom\u0101ju, ka t\u0101 b\u016btu katastrofa mums visiem, vis\u0101m NATO dal\u012bbvalst\u012bm, ja tas tiktu uzskat\u012btu par NATO galu\u2026 Krieviem \u0161is ir sap\u0146u scen\u0101rijs.\u201d<\/p>\n<p>Maduro sag\u016bst\u012b\u0161ana un draudi Kolumbijai<\/p>\n<p>K\u0101 v\u0113st\u012bts iepriek\u0161, p\u0113c vair\u0101ku m\u0113ne\u0161u ilga milit\u0101ra un ekonomiska spiediena ASV 3. janv\u0101r\u012b negaid\u012bti veica gaisa triecienus vair\u0101kiem m\u0113r\u0137iem Venecu\u0113las teritorij\u0101, sag\u016bstot autorit\u0101ro kreiso l\u012bderi Nikolasu Maduro. ASV specdienesti <a href=\"https:\/\/tv3.lv\/zinas\/arvalstis\/maduro-ar-sievu-tikusi-izvilkti-no-gulamistabas-zinamas-jaunas-detalas-par-asv-operaciju-venecuela\/\" rel=\"nofollow noopener\" target=\"_blank\">arest\u0113ja vi\u0146u un vi\u0146a sievu<\/a>, un nog\u0101d\u0101ja uz \u0145ujorku, kur vi\u0146am paredz\u0113ts st\u0101ties tiesas priek\u0161\u0101.<\/p>\n","protected":false},"excerpt":{"rendered":"Biju\u0161ais ASV sauszemes sp\u0113ku komandieris Eirop\u0101 nor\u0101d\u012bja, ka Eiropa pag\u0101tn\u0113 nav pietiekami r\u016bp\u0113jusies par savu dro\u0161\u012bbu un tagad&hellip;\n","protected":false},"author":2,"featured_media":96465,"comment_status":"","ping_status":"","sticky":false,"template":"","format":"standard","meta":{"footnotes":""},"categories":[12],"tags":[23,23920,28,29,32,33,22,30,31,35,39,38,36,37,34,40,20,26,27,24,25,21],"class_list":{"0":"post-96464","1":"post","2":"type-post","3":"status-publish","4":"format-standard","5":"has-post-thumbnail","7":"category-latvija","8":"tag-aktualitates","9":"tag-asvbens-hodzessdanijadonalds-trampsgrenlandenatonikolass-madurovenecuela","10":"tag-breaking-news","11":"tag-breakingnews","12":"tag-featured-news","13":"tag-featurednews","14":"tag-headlines","15":"tag-latest-news","16":"tag-latestnews","17":"tag-latvia","18":"tag-latvian","19":"tag-latviesu","20":"tag-latviesu-valoda","21":"tag-latviesuvaloda","22":"tag-latvija","23":"tag-lv","24":"tag-news","25":"tag-popularakas-zinas","26":"tag-popularakaszinas","27":"tag-top-stories","28":"tag-topstories","29":"tag-zinas"},"share_on_mastodon":{"url":"https:\/\/pubeurope.com\/@lv\/115849420002856522","error":""},"_links":{"self":[{"href":"https:\/\/www.europesays.com\/lv\/wp-json\/wp\/v2\/posts\/96464","targetHints":{"allow":["GET"]}}],"collection":[{"href":"https:\/\/www.europesays.com\/lv\/wp-json\/wp\/v2\/posts"}],"about":[{"href":"https:\/\/www.europesays.com\/lv\/wp-json\/wp\/v2\/types\/post"}],"author":[{"embeddable":true,"href":"https:\/\/www.europesays.com\/lv\/wp-json\/wp\/v2\/users\/2"}],"replies":[{"embeddable":true,"href":"https:\/\/www.europesays.com\/lv\/wp-json\/wp\/v2\/comments?post=96464"}],"version-history":[{"count":0,"href":"https:\/\/www.europesays.com\/lv\/wp-json\/wp\/v2\/posts\/96464\/revisions"}],"wp:featuredmedia":[{"embeddable":true,"href":"https:\/\/www.europesays.com\/lv\/wp-json\/wp\/v2\/media\/96465"}],"wp:attachment":[{"href":"https:\/\/www.europesays.com\/lv\/wp-json\/wp\/v2\/media?parent=96464"}],"wp:term":[{"taxonomy":"category","embeddable":true,"href":"https:\/\/www.europesays.com\/lv\/wp-json\/wp\/v2\/categories?post=96464"},{"taxonomy":"post_tag","embeddable":true,"href":"https:\/\/www.europesays.com\/lv\/wp-json\/wp\/v2\/tags?post=96464"}],"curies":[{"name":"wp","href":"https:\/\/api.w.org\/{rel}","templated":true}]}}