{"id":96468,"date":"2026-01-06T17:54:08","date_gmt":"2026-01-06T17:54:08","guid":{"rendered":"https:\/\/www.europesays.com\/lv\/96468\/"},"modified":"2026-01-06T17:54:08","modified_gmt":"2026-01-06T17:54:08","slug":"tragiskais-ugunsgreks-bara-sveice-piecus-gadus-netika-veiktas-ugunsdrosibas-parbaudes-apollo-lv","status":"publish","type":"post","link":"https:\/\/www.europesays.com\/lv\/96468\/","title":{"rendered":"Tra\u0123iskais ugunsgr\u0113ks b\u0101r\u0101 \u0160veic\u0113: piecus gadus netika veiktas ugunsdro\u0161\u012bbas p\u0101rbaudes &#8211; Apollo.lv"},"content":{"rendered":"<ol>\n<li><a href=\"https:\/\/news.google.com\/rss\/articles\/CBMitgFBVV95cUxOaE4zbFRvQ3psZHVaejd1OW1sQ0NNTjhRbFp3UjY5OVBSbk9lTEEzZ01vRGlHbkw3SWxJU2FHc1ZpRnRqUDRzTVZLYzNIZ0FYelI4bl9oS2VJaF9MOHk4cnNGeUE4YmE0RDlVR2NWMWNCem9FVzNRVzhUN2ZfZElPMHpVRmMyeXBSU2l0OVBabVFEZkFBUnhuTDBXdC1MWml2ZWhxcmtUcnJQMTRlV0RUWG01ZVBKZw?oc=5\" target=\"_blank\" rel=\"nofollow noopener\">Tra\u0123iskais ugunsgr\u0113ks b\u0101r\u0101 \u0160veic\u0113: piecus gadus netika veiktas ugunsdro\u0161\u012bbas p\u0101rbaudes<\/a>&nbsp;&nbsp;Apollo.lv<\/li>\n<li><a href=\"https:\/\/news.google.com\/rss\/articles\/CBMi7wFBVV95cUxOczM2WHVQY3NJcjQ1NWNmcm44V2lWMEJkNFVDY3hheVJJZkRNOW5sYWFBaVJCb1dodFpFbzl0dUdpejJmMzlnRHVoZkJTREMxXzdUSUUxUjNvQ2V1eEdwMTFBamxMS3A1NlJhNHRjVW5mY29TeFJCcjB2SFVxckpWTEVpdU1ReWM3OEFQdWJUWnhZUGt3dnJQS2JUd2JlNW9zbXBNNlBkR0lYUnVXRUo1UGphaWQ0UHFTcGIwdkJiRmpOS1BZSzFCVzdnNTN1SXItMkFDSnZFWW9HQ19renl6Qnc3LTlhRWlubEJtSWZ6MA?oc=5\" target=\"_blank\" rel=\"nofollow noopener\">B\u0101r\u0101 \u0160veic\u0113, kur ugunsgr\u0113k\u0101 g\u0101ju\u0161i boj\u0101 40 cilv\u0113ki, piecus gadus nav veiktas ugunsdro\u0161\u012bbas p\u0101rbaudes<\/a>&nbsp;&nbsp;LSM<\/li>\n<li><a href=\"https:\/\/news.google.com\/rss\/articles\/CBMiwAFBVV95cUxQRTFYY0ZMV2Nrbkd4WmMyclhkMk0xRE00aE4xTmZ6UXhQS2RsN0pEVmRPaHFrN3RzdTg1cl9iaW16dGZFcXQ5M2dzS0V0WklGdHJwWHhwbkVMUE44VEFuQ2IxVFcwR0VMVnhkaW1UQktwVFBFNDNKdUM2SFI2TjJ2MGpSbXlTWllFZUI4Rmg4OFBSd01YQ2VRQVNERzBaSDNKQ3VTYk0yUlpfS295RWxpdFRlajluNlFfX01sbUlTRzE?oc=5\" target=\"_blank\" rel=\"nofollow noopener\">Puse no \u0160veices b\u0101ra ugunsgr\u0113k\u0101 boj\u0101g\u0101ju\u0161ajiem biju\u0161i jaun\u0101ki par 18 gadiem<\/a>&nbsp;&nbsp;Delfi<\/li>\n<li><a href=\"https:\/\/news.google.com\/rss\/articles\/CBMiugFBVV95cUxOR2psSkZWWkJaenlibmIxWlFSNnhLOFVFYnozMEl4a0drTk1uQW1HRjhhVzZ6YU5ic3BRZnZKSkpJWmdJWGlReTdpWUtFZ09pNnlCNDdhc0UzV09zSTNEMzRSdElpYll0Ml9mR0cyQzE4dzIyUkRrQnJOOTZMQ3YtR3lEakFIdklYRVZ1NW95UWJnWWk0d05ub3ptSjE1YUpzaHRRS3VSV3B1S2dpSEFpZXBGcDFoSE9DM3c?oc=5\" target=\"_blank\" rel=\"nofollow noopener\">Aculiecinieki st\u0101sta, k\u0101ds bija iemesls, k\u0101p\u0113c \u0160veices k\u016brort\u0101 izc\u0113l\u0101s ugunsgr\u0113ks<\/a>&nbsp;&nbsp;Jauns.lv<\/li>\n<li><a href=\"https:\/\/news.google.com\/rss\/articles\/CBMifkFVX3lxTFB4NlBaazczWUJPNUtHV0d1TTRpYURJY1ByYklIUlFKS0ZOd2x3cm1POXZySGdZbWc1UWd4UG5NMEZzbWYwXy1ROVRQX1NwTXpUVjVEZ3dhMzJHb1k4dENLSncxRUtTNVZ0YWItRmZISGdaeWdhMXpmdmN2Rkt5QQ?oc=5\" target=\"_blank\" rel=\"nofollow noopener\">Ugunsgr\u0113k\u0101 b\u0101r\u0101 \u0160veic\u0113 apm\u0113ram 40 boj\u0101g\u0101ju\u0161o<\/a>&nbsp;&nbsp;Dienas Bizness<\/li>\n<\/ol>\n","protected":false},"excerpt":{"rendered":"Tra\u0123iskais ugunsgr\u0113ks b\u0101r\u0101 \u0160veic\u0113: piecus gadus netika veiktas ugunsdro\u0161\u012bbas p\u0101rbaudes&nbsp;&nbsp;Apollo.lv B\u0101r\u0101 \u0160veic\u0113, kur ugunsgr\u0113k\u0101 g\u0101ju\u0161i boj\u0101 40 cilv\u0113ki,&hellip;\n","protected":false},"author":2,"featured_media":95085,"comment_status":"","ping_status":"","sticky":false,"template":"","format":"standard","meta":{"footnotes":""},"categories":[14],"tags":[23,57,28,29,32,33,22,30,31,35,39,38,36,37,34,40,20,26,27,7239,24,25,377,54,55,56,21,58],"class_list":{"0":"post-96468","1":"post","2":"type-post","3":"status-publish","4":"format-standard","5":"has-post-thumbnail","7":"category-zinas-no-arvalstim","8":"tag-aktualitates","9":"tag-arvalstim","10":"tag-breaking-news","11":"tag-breakingnews","12":"tag-featured-news","13":"tag-featurednews","14":"tag-headlines","15":"tag-latest-news","16":"tag-latestnews","17":"tag-latvia","18":"tag-latvian","19":"tag-latviesu","20":"tag-latviesu-valoda","21":"tag-latviesuvaloda","22":"tag-latvija","23":"tag-lv","24":"tag-news","25":"tag-popularakas-zinas","26":"tag-popularakaszinas","27":"tag-sveice","28":"tag-top-stories","29":"tag-topstories","30":"tag-ugunsgreks","31":"tag-world","32":"tag-world-news","33":"tag-worldnews","34":"tag-zinas","35":"tag-zinas-no-arvalstim"},"share_on_mastodon":{"url":"https:\/\/pubeurope.com\/@lv\/115849439628584782","error":""},"_links":{"self":[{"href":"https:\/\/www.europesays.com\/lv\/wp-json\/wp\/v2\/posts\/96468","targetHints":{"allow":["GET"]}}],"collection":[{"href":"https:\/\/www.europesays.com\/lv\/wp-json\/wp\/v2\/posts"}],"about":[{"href":"https:\/\/www.europesays.com\/lv\/wp-json\/wp\/v2\/types\/post"}],"author":[{"embeddable":true,"href":"https:\/\/www.europesays.com\/lv\/wp-json\/wp\/v2\/users\/2"}],"replies":[{"embeddable":true,"href":"https:\/\/www.europesays.com\/lv\/wp-json\/wp\/v2\/comments?post=96468"}],"version-history":[{"count":0,"href":"https:\/\/www.europesays.com\/lv\/wp-json\/wp\/v2\/posts\/96468\/revisions"}],"wp:featuredmedia":[{"embeddable":true,"href":"https:\/\/www.europesays.com\/lv\/wp-json\/wp\/v2\/media\/95085"}],"wp:attachment":[{"href":"https:\/\/www.europesays.com\/lv\/wp-json\/wp\/v2\/media?parent=96468"}],"wp:term":[{"taxonomy":"category","embeddable":true,"href":"https:\/\/www.europesays.com\/lv\/wp-json\/wp\/v2\/categories?post=96468"},{"taxonomy":"post_tag","embeddable":true,"href":"https:\/\/www.europesays.com\/lv\/wp-json\/wp\/v2\/tags?post=96468"}],"curies":[{"name":"wp","href":"https:\/\/api.w.org\/{rel}","templated":true}]}}