{"id":96470,"date":"2026-01-06T18:00:12","date_gmt":"2026-01-06T18:00:12","guid":{"rendered":"https:\/\/www.europesays.com\/lv\/96470\/"},"modified":"2026-01-06T18:00:12","modified_gmt":"2026-01-06T18:00:12","slug":"lietuvas-varasiestades-izvertes-krievijas-opozicionara-volkova-izteikumus-par-ukrainas-vadibu-raksts","status":"publish","type":"post","link":"https:\/\/www.europesays.com\/lv\/96470\/","title":{"rendered":"Lietuvas varasiest\u0101des izv\u0113rt\u0113s Krievijas opozicion\u0101ra Volkova izteikumus par Ukrainas vad\u012bbu \/ Raksts"},"content":{"rendered":"<p>Lietuvas Migr\u0101cijas departaments saist\u012bb\u0101 ar iesp\u0113jamu nacion\u0101l\u0101s dro\u0161\u012bbas apdraud\u0113jumu l\u016bdzis Valsts dro\u0161\u012bbas departamentu izv\u0113rt\u0113t Lietuv\u0101 dz\u012bvojo\u0161\u0101 Krievijas opoz\u012bcijas p\u0101rst\u0101vja Leon\u012bda Volkova izteikumus par Ukrainas amatperson\u0101m.<\/p>\n<p>&#8220;Otrdien Migr\u0101cijas departaments sazin\u0101j\u0101s ar Valsts dro\u0161\u012bbas departamentu, lai veiktu papildu konsult\u0101cijas par iesp\u0113jamu nacion\u0101l\u0101s dro\u0161\u012bbas apdraud\u0113jumu, un l\u016bdza izv\u0113rt\u0113t \u0101rvalstnieka izteikumus, kas izskan\u0113ju\u0161i publiskaj\u0101 telp\u0101,&#8221; pazi\u0146oja Migr\u0101cijas departaments, piebilstot, ka turpm\u0101k\u0101 r\u012bc\u012bba b\u016bs atkar\u012bga no Valsts dro\u0161\u012bbas departamenta sniegt\u0101s inform\u0101cijas.<\/p>\n<p>\u0100rlietu ministrs aicina izv\u0113rt\u0113t pla\u0161\u0101ku inform\u0101ciju<\/p>\n<p>Savuk\u0101rt Lietuvas \u0101rlietu ministrs \u0136\u0113stutis Budris pazi\u0146oja, ka Valsts dro\u0161\u012bbas departaments izv\u0113rt\u0113s ne tikai konkr\u0113tos Volkova izteikumus, bet ar\u012b pla\u0161\u0101ku inform\u0101ciju.<\/p>\n<p>Budris \u017eurn\u0101listiem teica\u00a0\u2013\u00a0vi\u0146a pieredze r\u0101da, ka nevienas personas izteikumus, jo \u012bpa\u0161i priv\u0101t\u0101 sazi\u0146\u0101 paustus, nevar izv\u0113rt\u0113t bez pla\u0161\u0101ka konteksta. &#8220;Esmu p\u0101rliecin\u0101ts, ka \u0161is puzles gabals tiks pievienots kopainai\u00a0un m\u0113s var\u0113sim pateikt, kas ir kas,&#8221; kl\u0101st\u012bja ministrs.<\/p>\n<p>Budris, kur\u0161 se\u0161us gadus bija Valsts dro\u0161\u012bbas departamenta direktora vietnieks, sac\u012bja, ka &#8220;neviens nekad neizdar\u012bs b\u016btiskus secin\u0101jumus, pamatojoties uz vienu ekr\u0101nuz\u0146\u0113mumu&#8221;.<\/p>\n<blockquote>\n<p>&#8220;Jo tas ir Lietuvas valsts zi\u0146\u0101 izlemt, vai mums ir pie\u0146emami vai nepie\u0146emami, ka Lietuv\u0101 atrodas viena vai otra persona. Galu gal\u0101 tas ir juridiska izv\u0113rt\u0113juma jaut\u0101jums.<\/p>\n<\/blockquote>\n<p>Mums ir j\u0101pamato visiem\u00a0\u2013\u00a0jums un, ja nepiecie\u0161ams, ties\u0101, k\u0101 ar\u012b Lietuvas pilso\u0146iem\u00a0\u2013 tas,\u00a0k\u0101dus krit\u0113rijus m\u0113s piem\u0113rojam, k\u0101 tie tika vai netika izpild\u012bti\u00a0un, ja netika izpild\u012bti, uz k\u0101diem datiem m\u0113s balst\u0101mies,&#8221; vi\u0146\u0161 paskaidroja.<\/p>\n<p>Volkovs priec\u0101jies par Ukrainas pus\u0113 karoju\u0161\u0101 &#8220;nacista&#8221; n\u0101vi<\/p>\n<p>Lietuv\u0101 da\u013cai\u00a0politi\u0137u un sabiedr\u012bb\u0101 paz\u012bstamu cilv\u0113ku sa\u0161utumu izrais\u012bja pirmdien public\u0113ta Volkova sarakste ar cietum\u0101 miru\u0161\u0101 Krievijas opoz\u012bcijas akt\u012bvista Alekseja Nava\u013cnija izveidot\u0101 &#8220;Pretkorupcijas fonda&#8221; (FBK) biju\u0161o darbinieci Annu Tironu, kura bija pievienojusies Krievijas br\u012bvpr\u0101t\u012bgajiem Ukrain\u0101.<\/p>\n<p>Tie\u0161saist\u0113 izplat\u012bjies ekr\u0101nuz\u0146\u0113mums, kur\u0101 redzams, k\u0101 Volkovs uzjautrin\u0101s par Ukrainas pus\u0113 karojo\u0161\u0101 Krievu br\u012bvpr\u0101t\u012bgo korpusa (RDK) komandiera Denisa Kapustina nogalin\u0101\u0161anu.<\/p>\n<blockquote>\n<p>&#8220;Ir miris nacists, kur\u0161 tikai ar savu es\u012bbu vien bija d\u0101vana Krem\u013ca propagandai. Ar savu klaunisko &#8220;korpusu&#8221; vi\u0146\u0161 veica \u0113nain\u0101 lauku polittehnologa [biju\u0161\u0101 Ukrainas milit\u0101r\u0101 izl\u016bkdienesta vad\u012bt\u0101ja Kirilo] Budanova uzdevumus,&#8221; rakst\u012bja Volkovs.<\/p>\n<\/blockquote>\n<p>&#8220;Ceru, ka Kapustina rokaspui\u0161i vi\u0146am pievienosies. [Ukrainas prezidenta Volodimira Zelenska biroja biju\u0161ais vad\u012bt\u0101js] Andrijs Jermaks tiks ieslodz\u012bts, [Zelenska padomnieks] Mihailo Podo\u013caks tiks ieslodz\u012bts, Budanovs tiks ieslodz\u012bts, un visi p\u0101r\u0113jie propagandisti, divko\u0161i un zag\u013ci tiks ieslodz\u012bti. Un tad Ukrainai b\u016bs iesp\u0113ja uzvar\u0113t. Ta\u010du, kam\u0113r t\u0101 pa\u013caujas uz t\u0101diem cilv\u0113kiem\u00a0k\u0101 Kapustins, tai n\u0101kotnes nav,&#8221; kl\u0101st\u012bja Lietuv\u0101 dz\u012bvojo\u0161ais Krievijas opozicion\u0101rs.<\/p>\n<p>Lietuv\u0101 aicina p\u0101rskat\u012bt uztur\u0113\u0161an\u0101s at\u013cauju Volkovam<\/p>\n<p>27. decembr\u012b RDK pazi\u0146oja, ka Kapustins kritis &#8220;frontes Zapori\u017ejas virzien\u0101 kaujas uzdevuma izpildes laik\u0101&#8221;, ta\u010du da\u017eas dienas v\u0113l\u0101k Ukrainas Aizsardz\u012bbas ministrijas Galven\u0101 izl\u016bko\u0161anas p\u0101rvalde (HUR) pazi\u0146oja, ka Kapustins ir dz\u012bvs un ar viltus n\u0101ves pazi\u0146ojumu tai izdevies sekm\u012bgi maldin\u0101t Krievijas specdienestus, kuri esot v\u012brieti pl\u0101noju\u0161i nogalin\u0101t.<\/p>\n<p>Kapustinam Krievij\u0101 divas reizes aizmuguriski piespriests m\u016b\u017ea ieslodz\u012bjums.<\/p>\n<p>P\u0113c Volkova un Tironas sarakstes public\u0113\u0161anas Lietuvas Seima opoz\u012bcij\u0101 eso\u0161\u0101s konservat\u012bv\u0101s partijas &#8220;T\u0113vzemes savien\u012bba-Lietuvas krist\u012bgie demokr\u0101ti&#8221; l\u012bderis Laur\u012bns Kas\u010d\u016bns pazi\u0146oja, ka &#8220;Lietuva nedr\u012bkst k\u013c\u016bt par patv\u0113rumu vis\u0101diem p\u0101rb\u0113dz\u0113jiem no Krievijas un Baltkrievijas&#8221;.<\/p>\n<p>Vi\u0146\u0161 nor\u0101d\u012bja, ka Volkova rakst\u012btais l\u012bdzin\u0101s biju\u0161\u0101 Krievijas prezidenta Dmitrija Medvedeva izteikumiem.<\/p>\n<blockquote>\n<p>Kas\u010d\u016bns atg\u0101din\u0101ja, ka Krievijas opozicion\u0101ri &#8220;sa\u0146em juridisko un fizisko aizsardz\u012bbu no Lietuvas valsts, vi\u0146u finansi\u0101l\u0101s darb\u012bbas bie\u017ei ignor\u0113 valsts iest\u0101des, kuras nev\u0113las nosm\u0113r\u0113t rokas, un vi\u0146i pa\u0161i apzin\u0101ti p\u0101rsp\u012bl\u0113 savu darb\u012bbu noz\u012bmi, sl\u0113pjoties aiz it k\u0101 slepen\u012bbas un ekskluzivit\u0101tes. Ir pien\u0101cis laiks pielikt punktu \u0161\u0101dai politikai&#8221;.<\/p>\n<\/blockquote>\n<p>Ar\u012b Seima \u0100rlietu komisijas priek\u0161s\u0113d\u0113t\u0101js Remi\u0123ijus Motuzs pazi\u0146oja, ka Lietuvas atbild\u012bgaj\u0101m iest\u0101d\u0113m vajadz\u0113tu izv\u0113rt\u0113t Volkova izteikumus par Kapustinu\u00a0un atbilsto\u0161i \u0161im v\u0113rt\u0113jumam izlemt, vai v\u012brietis var palikt Lietuv\u0101.<\/p>\n<p>&#8220;M\u0113s konsult\u0113simies ar Nacion\u0101l\u0101s dro\u0161\u012bbas un aizsardz\u012bbas komisiju un citiem,&#8221; Motuzs otrdien teica zi\u0146u a\u0123ent\u016brai BNS, piebilstot, ka, vi\u0146apr\u0101t, atbild\u012bgaj\u0101m iest\u0101d\u0113m ir j\u0101izv\u0113rt\u0113 Volkova izteikumi &#8220;un tikai tad j\u0101pie\u0146em gal\u012bgais l\u0113mums, vai Volkova kungs var dz\u012bvot Lietuv\u0101, Eiropas Savien\u012bb\u0101, vai ne&#8221;.<\/p>\n<p>Volkovs atzinis, ka r\u012bkojies emocion\u0101li<\/p>\n<p>Volkovs pirmdien platform\u0101 &#8220;X&#8221; paskaidroja, ka vi\u0146a zi\u0146a Tironai bijusi emocion\u0101la un asa.<\/p>\n<p>&#8220;Pievienojoties kampa\u0146ai pret Krievijas opoz\u012bciju, Tirona past\u0101v\u012bgi izplata da\u017e\u0101dus apmelojo\u0161us st\u0101stus un melus par mani un FBK. Man nevajadz\u0113ja rakst\u012bt \u0161o zi\u0146u, un, protams, man vajadz\u0113ja lab\u0101k kontrol\u0113t savas emocijas,&#8221; vi\u0146\u0161 atzina.<\/p>\n<p>Volkovs ar\u012b apgalvoja, ka jau daudzus gadus c\u012bn\u0101s pret Krievijas diktatora Putina re\u017e\u012bmu, nosaucot Krievijas agresiju Ukrain\u0101 par beznosac\u012bjumu \u013caunumu, kas ir j\u0101uzvar.<\/p>\n<blockquote>\n<p>&#8220;Taj\u0101 pa\u0161\u0101 laik\u0101 es turpinu pietur\u0113ties pie nost\u0101jas, kuru esmu publiski paudis un aizst\u0101v\u0113\u0161u ar\u012b turpm\u0101k, \u2013 ka kampa\u0146a, kas bezj\u0113dz\u012bgi un neprodukt\u012bvi kurina naidu pret visiem krieviem un uzspie\u017e kolekt\u012bv\u0101s vainas apzi\u0146u, pamatojoties tikai uz pases kr\u0101su, ir nepareiza.<\/p>\n<\/blockquote>\n<p>\u0160\u0101da kampa\u0146a ir lieliska d\u0101vana Putinam un vi\u0146a re\u017e\u012bma propagandai, jo t\u0101 pal\u012bdz vi\u0146am nostiprin\u0101t atliku\u0161o atbalstu,&#8221; vi\u0146\u0161 rakst\u012bja.<\/p>\n<p>Volkovs Lietuv\u0101 dz\u012bvo leg\u0101li, un vi\u0146am ir pagaidu uztur\u0113\u0161an\u0101s at\u013cauja.<\/p>\n<p>2024. gada mart\u0101 notika uzbrukums Volkovam automa\u0161\u012bn\u0101 net\u0101lu no vi\u0146a m\u0101j\u0101m Vi\u013c\u0146\u0101. Uzbruc\u0113js izsita automa\u0161\u012bnas logu, izsmidzin\u0101ja asaru g\u0101zi un s\u0101ka sist Volkovu ar ga\u013cas \u0101muru, salau\u017eot v\u012brietim roku un sasitot k\u0101ju.<\/p>\n","protected":false},"excerpt":{"rendered":"Lietuvas Migr\u0101cijas departaments saist\u012bb\u0101 ar iesp\u0113jamu nacion\u0101l\u0101s dro\u0161\u012bbas apdraud\u0113jumu l\u016bdzis Valsts dro\u0161\u012bbas departamentu izv\u0113rt\u0113t Lietuv\u0101 dz\u012bvojo\u0161\u0101 Krievijas opoz\u012bcijas&hellip;\n","protected":false},"author":2,"featured_media":96471,"comment_status":"","ping_status":"","sticky":false,"template":"","format":"standard","meta":{"footnotes":""},"categories":[14],"tags":[23,57,28,29,32,33,22,30,31,35,39,38,36,37,34,40,20,26,27,24,25,54,55,56,21,58],"class_list":{"0":"post-96470","1":"post","2":"type-post","3":"status-publish","4":"format-standard","5":"has-post-thumbnail","7":"category-zinas-no-arvalstim","8":"tag-aktualitates","9":"tag-arvalstim","10":"tag-breaking-news","11":"tag-breakingnews","12":"tag-featured-news","13":"tag-featurednews","14":"tag-headlines","15":"tag-latest-news","16":"tag-latestnews","17":"tag-latvia","18":"tag-latvian","19":"tag-latviesu","20":"tag-latviesu-valoda","21":"tag-latviesuvaloda","22":"tag-latvija","23":"tag-lv","24":"tag-news","25":"tag-popularakas-zinas","26":"tag-popularakaszinas","27":"tag-top-stories","28":"tag-topstories","29":"tag-world","30":"tag-world-news","31":"tag-worldnews","32":"tag-zinas","33":"tag-zinas-no-arvalstim"},"share_on_mastodon":{"url":"https:\/\/pubeurope.com\/@lv\/115849463231239934","error":""},"_links":{"self":[{"href":"https:\/\/www.europesays.com\/lv\/wp-json\/wp\/v2\/posts\/96470","targetHints":{"allow":["GET"]}}],"collection":[{"href":"https:\/\/www.europesays.com\/lv\/wp-json\/wp\/v2\/posts"}],"about":[{"href":"https:\/\/www.europesays.com\/lv\/wp-json\/wp\/v2\/types\/post"}],"author":[{"embeddable":true,"href":"https:\/\/www.europesays.com\/lv\/wp-json\/wp\/v2\/users\/2"}],"replies":[{"embeddable":true,"href":"https:\/\/www.europesays.com\/lv\/wp-json\/wp\/v2\/comments?post=96470"}],"version-history":[{"count":0,"href":"https:\/\/www.europesays.com\/lv\/wp-json\/wp\/v2\/posts\/96470\/revisions"}],"wp:featuredmedia":[{"embeddable":true,"href":"https:\/\/www.europesays.com\/lv\/wp-json\/wp\/v2\/media\/96471"}],"wp:attachment":[{"href":"https:\/\/www.europesays.com\/lv\/wp-json\/wp\/v2\/media?parent=96470"}],"wp:term":[{"taxonomy":"category","embeddable":true,"href":"https:\/\/www.europesays.com\/lv\/wp-json\/wp\/v2\/categories?post=96470"},{"taxonomy":"post_tag","embeddable":true,"href":"https:\/\/www.europesays.com\/lv\/wp-json\/wp\/v2\/tags?post=96470"}],"curies":[{"name":"wp","href":"https:\/\/api.w.org\/{rel}","templated":true}]}}