{"id":96479,"date":"2026-01-06T18:12:08","date_gmt":"2026-01-06T18:12:08","guid":{"rendered":"https:\/\/www.europesays.com\/lv\/96479\/"},"modified":"2026-01-06T18:12:08","modified_gmt":"2026-01-06T18:12:08","slug":"maskavas-slepenais-piedavajums-vasingtona-nra-lv","status":"publish","type":"post","link":"https:\/\/www.europesays.com\/lv\/96479\/","title":{"rendered":"Maskavas slepenais pied\u0101v\u0101jums Va\u0161ingtona &#8211; nra.lv"},"content":{"rendered":"<p class=\"descr\">Savulaik Maskava pied\u0101v\u0101jusi Va\u0161ingtonai neparastu dar\u012bjumu \u2013 \u013caut Amerikas Savienotaj\u0101m Valst\u012bm br\u012bvi darboties Venecu\u0113l\u0101 apmai\u0146\u0101 pret to, ka ASV dod Kremlim ties\u012bbas br\u012bvi r\u012bkoties Ukrain\u0101. Saska\u0146\u0101 ar \u201cThe New York Times\u201d sniegto pied\u0101v\u0101jumu Kongresam liecin\u0101ja Fiona Hila, kura vad\u012bja Krievijas un Eiropas lietas Nacion\u0101l\u0101s dro\u0161\u012bbas padom\u0113 Donalda Trampa pirm\u0101s administr\u0101cijas laik\u0101.<\/p>\n<p>Krievijas reakcija uz jaun\u0101ko ASV iejauk\u0161anos <a href=\"https:\/\/nra.lv\/birka\/venecuela\/\" target=\"_blank\" rel=\"noopener nofollow\">Venecu\u0113l\u0101<\/a> ir atdz\u012bvin\u0101jusi atmi\u0146as par \u0161o it k\u0101 pirms septi\u0146iem gadiem izteikto &#8220;apmai\u0146as&#8221; pied\u0101v\u0101jumu &#8211; v\u0113l vienu spriedzes periodu starp <a href=\"https:\/\/nra.lv\/birka\/vasingtona\/\" target=\"_blank\" rel=\"noopener nofollow\">Va\u0161ingtonu<\/a> un Karakasu.<\/p>\n<p><a href=\"https:\/\/nra.lv\/pasaule\/492214-dosim-vinam-atlaidi-par-vina-pulem-trampa-bijusi-asistene-atklaj-kapec-vins-baidas-no-putina.htm\" target=\"_blank\" rel=\"noopener nofollow\">Hila<\/a> apgalvoja, ka Krievija tolaik signaliz\u0113ja, ka b\u016btu gatava \u013caut ASV dar\u012bt Venecu\u0113l\u0101, ko t\u0101 v\u0113las, ja Va\u0161ingtona piekristu p\u0101rtraukt iejauk\u0161anos Ukrainas liet\u0101s un atst\u0101t \u0161o telpu Maskavas ietekmei. Vi\u0146a par to run\u0101ja Kongres\u0101 2019. gada oktobr\u012b &#8211; vair\u0101k nek\u0101 divus gadus pirms tam, kad Krievija s\u0101ka pilna m\u0113roga iebrukumu Ukrain\u0101.<\/p>\n<p>\u201cKrievi ir \u013coti skaidri devu\u0161i sign\u0101lus, ka v\u0113las nosl\u0113gt kaut k\u0101du d\u012bvainu apmai\u0146as dar\u012bjumu par Venecu\u0113lu un Ukrainu,\u201d Hila sac\u012bja Kongresam.<\/p>\n<p>Vi\u0146a piebilda, ka priek\u0161likumi ir neform\u0101li, nodoti caur koment\u0113t\u0101jiem un laikrakstu publik\u0101cij\u0101m, ta\u010du to b\u016bt\u012bba ir vienk\u0101r\u0161a: ja Amerikas Savienot\u0101s Valstis v\u0113las br\u012bvi saglab\u0101t savu ietekmes sf\u0113ru kaimi\u0146valst\u012bs, tad t\u0101m j\u0101piekr\u012bt \u013caut <a href=\"https:\/\/nra.lv\/birka\/krievija\/\" target=\"_blank\" rel=\"noopener nofollow\">Krievijai<\/a> dar\u012bt to pa\u0161u. &#8220;J\u016bs v\u0113laties, lai m\u0113s izejam \u0101r\u0101 no j\u016bsu pagalma, nu, mums ir sava \u0161\u012b jaut\u0101juma versija &#8211; galu gal\u0101 j\u016bs esat m\u016bsu pagalm\u0101 Ukrain\u0101,&#8221; Krievijas nost\u0101ju rezum\u0113ja F. Hila.<\/p>\n<p>Saska\u0146\u0101 ar biju\u0161\u0101s amatpersonas teikto, vi\u0146a person\u012bgi dev\u0101s uz Maskavu, lai noraid\u012btu \u0161o ideju. Priek\u0161likums tika izteikts laik\u0101, kad starp Karakasu un Va\u0161ingtonu vald\u012bja nopietna spriedze un Krievija bija nos\u016bt\u012bjusi uz Venecu\u0113lu aptuveni 100 milit\u0101rpersonu un jaunus iero\u010dus, cen\u0161oties stiprin\u0101t prezidenta Nikolasa Maduro varu.<\/p>\n<p>Maduro g\u0101\u0161ana bija v\u0113l viens trieciens Maskavas atbalst\u012btam re\u017e\u012bmam. Nedaudz vair\u0101k k\u0101 gadu iepriek\u0161 krita S\u012brijas prezidents Ba\u0161ars al Asads, kuram ar\u012b bija Krem\u013ca atbalsts.<\/p>\n<p>Krievijas \u0100rlietu ministrija ofici\u0101li nosod\u012bja ASV r\u012bc\u012bbu Venecu\u0113l\u0101 k\u0101 starptautisko ties\u012bbu p\u0101rk\u0101pumu. Tom\u0113r Maskavas galven\u0101 priorit\u0101te joproj\u0101m ir kar\u0161 Ukrain\u0101, kur Trampa administr\u0101cija pa\u0161laik cen\u0161as pan\u0101kt mieru, v\u0113sta \u201ctv3.lt\u201d.<\/p>\n<p>\t\t\t\t\t\tinfo<\/p>\n<p>Uzzini pirmais<br \/>kas interesants noticis Latvij\u0101 un pasaul\u0113,<br \/>pievienojoties mums <a href=\"https:\/\/t.me\/neatkariga\" rel=\"nofollow\">Telegram<\/a> vai <a href=\"https:\/\/whatsapp.com\/channel\/0029VaMLFUH5K3zLU5s4wm3y\" rel=\"nofollow noopener\" target=\"_blank\">Whatsapp<\/a> kan\u0101l\u0101<\/p>\n","protected":false},"excerpt":{"rendered":"Savulaik Maskava pied\u0101v\u0101jusi Va\u0161ingtonai neparastu dar\u012bjumu \u2013 \u013caut Amerikas Savienotaj\u0101m Valst\u012bm br\u012bvi darboties Venecu\u0113l\u0101 apmai\u0146\u0101 pret to, ka&hellip;\n","protected":false},"author":2,"featured_media":96480,"comment_status":"","ping_status":"","sticky":false,"template":"","format":"standard","meta":{"footnotes":""},"categories":[14],"tags":[23,57,28,29,32,33,22,30,31,35,39,38,36,37,34,40,20,26,27,24,25,54,55,56,21,58],"class_list":{"0":"post-96479","1":"post","2":"type-post","3":"status-publish","4":"format-standard","5":"has-post-thumbnail","7":"category-zinas-no-arvalstim","8":"tag-aktualitates","9":"tag-arvalstim","10":"tag-breaking-news","11":"tag-breakingnews","12":"tag-featured-news","13":"tag-featurednews","14":"tag-headlines","15":"tag-latest-news","16":"tag-latestnews","17":"tag-latvia","18":"tag-latvian","19":"tag-latviesu","20":"tag-latviesu-valoda","21":"tag-latviesuvaloda","22":"tag-latvija","23":"tag-lv","24":"tag-news","25":"tag-popularakas-zinas","26":"tag-popularakaszinas","27":"tag-top-stories","28":"tag-topstories","29":"tag-world","30":"tag-world-news","31":"tag-worldnews","32":"tag-zinas","33":"tag-zinas-no-arvalstim"},"share_on_mastodon":{"url":"https:\/\/pubeurope.com\/@lv\/115849510418916957","error":""},"_links":{"self":[{"href":"https:\/\/www.europesays.com\/lv\/wp-json\/wp\/v2\/posts\/96479","targetHints":{"allow":["GET"]}}],"collection":[{"href":"https:\/\/www.europesays.com\/lv\/wp-json\/wp\/v2\/posts"}],"about":[{"href":"https:\/\/www.europesays.com\/lv\/wp-json\/wp\/v2\/types\/post"}],"author":[{"embeddable":true,"href":"https:\/\/www.europesays.com\/lv\/wp-json\/wp\/v2\/users\/2"}],"replies":[{"embeddable":true,"href":"https:\/\/www.europesays.com\/lv\/wp-json\/wp\/v2\/comments?post=96479"}],"version-history":[{"count":0,"href":"https:\/\/www.europesays.com\/lv\/wp-json\/wp\/v2\/posts\/96479\/revisions"}],"wp:featuredmedia":[{"embeddable":true,"href":"https:\/\/www.europesays.com\/lv\/wp-json\/wp\/v2\/media\/96480"}],"wp:attachment":[{"href":"https:\/\/www.europesays.com\/lv\/wp-json\/wp\/v2\/media?parent=96479"}],"wp:term":[{"taxonomy":"category","embeddable":true,"href":"https:\/\/www.europesays.com\/lv\/wp-json\/wp\/v2\/categories?post=96479"},{"taxonomy":"post_tag","embeddable":true,"href":"https:\/\/www.europesays.com\/lv\/wp-json\/wp\/v2\/tags?post=96479"}],"curies":[{"name":"wp","href":"https:\/\/api.w.org\/{rel}","templated":true}]}}