{"id":96486,"date":"2026-01-06T18:25:13","date_gmt":"2026-01-06T18:25:13","guid":{"rendered":"https:\/\/www.europesays.com\/lv\/96486\/"},"modified":"2026-01-06T18:25:13","modified_gmt":"2026-01-06T18:25:13","slug":"domes-priekssedetajs-martins-dagis-sveic-pirmo-sogad-dzimuso-jelgavnieku","status":"publish","type":"post","link":"https:\/\/www.europesays.com\/lv\/96486\/","title":{"rendered":"Domes priek\u0161s\u0113d\u0113t\u0101js M\u0101rti\u0146\u0161 Da\u0123is sveic pirmo \u0161ogad dzimu\u0161o jelgavnieku"},"content":{"rendered":"<p>Pirmais mazulis, kur\u0161 2026. gad\u0101 piedzimis Jelgavas pils\u0113tas slimn\u012bc\u0101, ir puis\u0113ns M\u0101ris \u2013 jaunais jelgavnieks pasaul\u0113 n\u0101ca 4. janv\u0101r\u012b pulksten 5.08. Mazais piedzimstot sv\u0113ra 2800 gramus un bija 54 centimetrus gar\u0161. M\u0101ris ir otrais b\u0113rns Aivja Jankovska-Kljama un Santas Jankovskas-Kljamas \u0123imen\u0113. Mazo jelgavnieku m\u0101j\u0101s gaida br\u0101lis Patriks, kuram \u0161obr\u012bd ir se\u0161i gadi. Tie\u0161i vi\u0146\u0161 mazajam br\u0101lim izv\u0113l\u0113jies v\u0101rdu M\u0101ris. \u201cPatriks jau pirms br\u0101\u013ca piedzim\u0161anas visiem st\u0101st\u012bja, ka vi\u0146am b\u016bs br\u0101l\u012btis M\u0101ris. \u0145emot v\u0113r\u0101 to, ka m\u0113s ar v\u012bru nevar\u0113j\u0101m iz\u0161\u0137irties par labu k\u0101dam no saviem vair\u0101kiem variantiem, piekrit\u0101m Patrika izv\u0113lei,\u201d st\u0101sta mamma Santa. T\u0113tis atkl\u0101j, ka p\u0113c dakteres prognoz\u0113m M\u0101rim bija j\u0101piedzimst ap 17. janv\u0101ri, tom\u0113r vi\u0146\u0161 izv\u0113l\u0113j\u0101s pasaul\u0113 n\u0101kt \u0101tr\u0101k. \u201cIerodoties slimn\u012bc\u0101, noda\u013cas person\u0101ls, smaidot, sac\u012bja: b\u016bs pirmais. Tobr\u012bd \u012bsti nesaprat\u0101m, ko ar to mums grib pateikt. Tikai v\u0113l\u0101k apjaut\u0101m, ka m\u016bsu M\u0101ris ir \u0161ogad pirmais Jelgavas pils\u0113tas slimn\u012bc\u0101 dzimu\u0161ais b\u0113rni\u0146\u0161,\u201d piebilst t\u0113tis. Vec\u0101ki mazajam jelgavniekam v\u0113l stipru vesel\u012bbu, lai puika aug gudrs, stiprs un ir draudz\u012bgs ar lielo br\u0101li, lai dz\u012bv\u0113 viens otru vienm\u0113r atbalsta. \u201c\u0160obr\u012bd v\u0113l M\u0101ris mier\u012bgs, ta\u010du pa\u0161i jau smejamies, ka ar\u012b Patriks l\u012bdz tr\u012bs gadu vecumam bija mier\u012bgs, t\u0101ds kautr\u012bgs, bet p\u0113c tr\u012bs gadu vecuma s\u0101ka r\u0101d\u012bt savu raksturi\u0146u,\u201d smaidot saka mamma.<\/p>\n<p>Jelgavas domes priek\u0161s\u0113d\u0113t\u0101js M.Da\u0123is \u0123imenei v\u0113l\u0113ja m\u012blest\u012bbu, savstarp\u0113ju sapratni un mieru.<\/p>\n<p>J\u0101piebilst, ka l\u012bdz 6. janv\u0101ra pulksten 13 Jelgavas pils\u0113tas slimn\u012bc\u0101 piedzimu\u0161i septi\u0146i mazu\u013ci \u2013 4. janv\u0101r\u012b divi puikas un viena meitene, bet 5. janv\u0101r\u012b \u010detras meiten\u012btes.<\/p>\n<p>Pag\u0101ju\u0161aj\u0101 gad\u0101 Jelgavas slimn\u012bcas Dzemd\u012bbu un ginekolo\u0123ijas noda\u013c\u0101 kop\u0101 piedzima 576 b\u0113rni\u0146i \u2013 267 meitenes, 309 pui\u0161i. Vi\u0146u vid\u016b ir divi dv\u012b\u0146u p\u0101ri \u2013 abos p\u0101ros piedzima m\u0101si\u0146a un br\u0101l\u012btis. Viens dv\u012b\u0146u p\u0101ris slimn\u012bc\u0101 sagaid\u012bts febru\u0101r\u012b, otrs \u2013 j\u016bnij\u0101. Visvair\u0101k b\u0113rni\u0146u pag\u0101ju\u0161aj\u0101 gad\u0101 Jelgavas slimn\u012bc\u0101 pasaul\u0113 n\u0101ca apr\u012bl\u012b \u2013 57 (32 meitenes, 25 z\u0113ni), septembr\u012b \u2013 56 (22 meitenes, 34 z\u0113ni) un august\u0101 \u2013 55 (24 meitenes, 31 z\u0113ns).<\/p>\n<p><a href=\"https:\/\/www.europesays.com\/lv\/wp-content\/uploads\/2026\/01\/dzimusie_2025-013-slimnica.jpg\"><img fetchpriority=\"high\" decoding=\"async\" class=\"alignnone size-full wp-image-282804\" src=\"https:\/\/www.europesays.com\/lv\/wp-content\/uploads\/2026\/01\/dzimusie_2025-013-slimnica.jpg\" alt=\"\" width=\"1772\" height=\"1524\"\/><\/a><\/p>\n<p>Savuk\u0101rt 2024. gad\u0101 Jelgavas slimn\u012bc\u0101 piedzima 640 b\u0113rni\u0146i \u2013 324 meitenes un 316 pui\u0161i, tostarp se\u0161i dv\u012b\u0146u p\u0101ri, 2023. gad\u0101 piedzima 781 b\u0113rns \u2013 399 meitenes un 382 z\u0113ni, tostarp 11 dv\u012b\u0146u p\u0101ri, bet v\u0113l gadu iepriek\u0161, 2022. gad\u0101, piedzima 788 b\u0113rni \u2013 410 meitenes un 378 z\u0113ni, tostarp \u010detri dv\u012b\u0146u p\u0101ri.<\/p>\n<p><a href=\"https:\/\/www.europesays.com\/lv\/wp-content\/uploads\/2026\/01\/jaundzimusais-slimnica-2026-3-crop.jpg\"><img loading=\"lazy\" decoding=\"async\" class=\"alignnone size-full wp-image-282806\" src=\"https:\/\/www.europesays.com\/lv\/wp-content\/uploads\/2026\/01\/jaundzimusais-slimnica-2026-3-crop.jpg\" alt=\"\" width=\"1697\" height=\"1423\"\/><\/a><\/p>\n","protected":false},"excerpt":{"rendered":"Pirmais mazulis, kur\u0161 2026. gad\u0101 piedzimis Jelgavas pils\u0113tas slimn\u012bc\u0101, ir puis\u0113ns M\u0101ris \u2013 jaunais jelgavnieks pasaul\u0113 n\u0101ca 4.&hellip;\n","protected":false},"author":2,"featured_media":96487,"comment_status":"","ping_status":"","sticky":false,"template":"","format":"standard","meta":{"footnotes":""},"categories":[12],"tags":[23,28,29,32,33,22,30,31,35,39,38,36,37,34,40,20,26,27,24,25,21],"class_list":{"0":"post-96486","1":"post","2":"type-post","3":"status-publish","4":"format-standard","5":"has-post-thumbnail","7":"category-latvija","8":"tag-aktualitates","9":"tag-breaking-news","10":"tag-breakingnews","11":"tag-featured-news","12":"tag-featurednews","13":"tag-headlines","14":"tag-latest-news","15":"tag-latestnews","16":"tag-latvia","17":"tag-latvian","18":"tag-latviesu","19":"tag-latviesu-valoda","20":"tag-latviesuvaloda","21":"tag-latvija","22":"tag-lv","23":"tag-news","24":"tag-popularakas-zinas","25":"tag-popularakaszinas","26":"tag-top-stories","27":"tag-topstories","28":"tag-zinas"},"share_on_mastodon":{"url":"https:\/\/pubeurope.com\/@lv\/115849561541603305","error":""},"_links":{"self":[{"href":"https:\/\/www.europesays.com\/lv\/wp-json\/wp\/v2\/posts\/96486","targetHints":{"allow":["GET"]}}],"collection":[{"href":"https:\/\/www.europesays.com\/lv\/wp-json\/wp\/v2\/posts"}],"about":[{"href":"https:\/\/www.europesays.com\/lv\/wp-json\/wp\/v2\/types\/post"}],"author":[{"embeddable":true,"href":"https:\/\/www.europesays.com\/lv\/wp-json\/wp\/v2\/users\/2"}],"replies":[{"embeddable":true,"href":"https:\/\/www.europesays.com\/lv\/wp-json\/wp\/v2\/comments?post=96486"}],"version-history":[{"count":0,"href":"https:\/\/www.europesays.com\/lv\/wp-json\/wp\/v2\/posts\/96486\/revisions"}],"wp:featuredmedia":[{"embeddable":true,"href":"https:\/\/www.europesays.com\/lv\/wp-json\/wp\/v2\/media\/96487"}],"wp:attachment":[{"href":"https:\/\/www.europesays.com\/lv\/wp-json\/wp\/v2\/media?parent=96486"}],"wp:term":[{"taxonomy":"category","embeddable":true,"href":"https:\/\/www.europesays.com\/lv\/wp-json\/wp\/v2\/categories?post=96486"},{"taxonomy":"post_tag","embeddable":true,"href":"https:\/\/www.europesays.com\/lv\/wp-json\/wp\/v2\/tags?post=96486"}],"curies":[{"name":"wp","href":"https:\/\/api.w.org\/{rel}","templated":true}]}}