{"id":96490,"date":"2026-01-06T18:32:07","date_gmt":"2026-01-06T18:32:07","guid":{"rendered":"https:\/\/www.europesays.com\/lv\/96490\/"},"modified":"2026-01-06T18:32:07","modified_gmt":"2026-01-06T18:32:07","slug":"buvniecibas-informacijas-sistema-pieejams-dzivoklu-ipasnieku-kopibu-registrs","status":"publish","type":"post","link":"https:\/\/www.europesays.com\/lv\/96490\/","title":{"rendered":"B\u016bvniec\u012bbas inform\u0101cijas sist\u0113m\u0101 pieejams Dz\u012bvok\u013cu \u012bpa\u0161nieku kop\u012bbu re\u0123istrs"},"content":{"rendered":"<p>                        <img fetchpriority=\"high\" decoding=\"async\" width=\"1024\" height=\"673\" src=\"https:\/\/www.europesays.com\/lv\/wp-content\/uploads\/2026\/01\/BIS_gov-1024x673.jpg\" alt=\"\" class=\"wp-image-1088994\"  \/>Publicit\u0101tes att\u0113ls.<\/p>\n<p>Saska\u0146\u0101 ar groz\u012bjumiem Dz\u012bvok\u013ca \u012bpa\u0161uma likum\u0101 ir izveidots Dz\u012bvok\u013cu \u012bpa\u0161nieku kop\u012bbu re\u0123istrs, kura p\u0101rzinis ir B\u016bvniec\u012bbas valsts kontroles birojs (BVKB), a\u0123ent\u016bru LETA inform\u0113ja BVKB.<\/p>\n<p>Dz\u012bvok\u013cu \u012bpa\u0161nieku kop\u012bbu re\u0123istrs ir pieejams B\u016bvniec\u012bbas inform\u0101cijas sist\u0113mas (BIS) sada\u013c\u0101 \u201cRe\u0123istri\u201d apak\u0161sada\u013c\u0101 \u201cDz\u012bvok\u013cu \u012bpa\u0161nieku kop\u012bbu re\u0123istrs\u201d.<\/p>\n<p>Dz\u012bvok\u013cu \u012bpa\u0161nieku kop\u012bba ir p\u0101rvaldes instit\u016bcija daudzdz\u012bvok\u013cu m\u0101j\u0101, un t\u0101 var ieg\u016bt ties\u012bbas, uz\u0146emties kred\u012btsaist\u012bbas un sl\u0113gt l\u012bgumus.<\/p>\n<p>Dz\u012bvok\u013cu \u012bpa\u0161nieku kop\u012bbu re\u0123istrs ir informat\u012bvs re\u0123istrs, un t\u0101 m\u0113r\u0137is ir nodro\u0161in\u0101t publiski pieejamu un ticamu inform\u0101ciju par vis\u0101m dz\u012bvok\u013cu \u012bpa\u0161nieku kop\u012bb\u0101m Latvij\u0101, skaidro BVKB. Re\u0123istr\u0101 tiek iek\u013cauta inform\u0101cija par ikvienu dz\u012bvojamo m\u0101ju, kas ir sadal\u012bta dz\u012bvok\u013cu \u012bpa\u0161umos, l\u012bdz ar to dz\u012bvok\u013cu \u012bpa\u0161niekiem nav j\u0101veic papildu darb\u012bbas.<\/p>\n<p>Re\u0123istr\u0101 par dz\u012bvok\u013cu \u012bpa\u0161nieku kop\u012bbu ir ietverts identifikators, nosaukums, dz\u012bvojam\u0101s m\u0101jas p\u0101rvaldnieks \u2013 p\u0101rvaldnieka nosaukums, re\u0123istr\u0101cijas numurs, juridisk\u0101 adrese un ofici\u0101l\u0101 elektronisk\u0101 adrese, ja p\u0101rvaldnieks ir juridiska persona, vai ar\u012b p\u0101rvaldnieka v\u0101rds, uzv\u0101rds, personas kods un elektronisk\u0101 pasta adrese, ja p\u0101rvaldnieks ir fiziska persona.<\/p>\n<p>T\u0101pat re\u0123istr\u0101 pieejama dz\u012bvok\u013cu \u012bpa\u0161nieku kop\u012bbas noteikt\u0101s kontaktpersonas elektronisk\u0101 pasta adrese vai cits sazi\u0146as kan\u0101ls, ja dz\u012bvok\u013cu \u012bpa\u0161nieku kop\u012bba to ir nor\u0101d\u012bjusi.<\/p>\n<p>BVKB atg\u0101dina, ka, lai Dz\u012bvok\u013cu \u012bpa\u0161nieku kop\u012bbu re\u0123istr\u0101 tiktu att\u0113lota piln\u012bga inform\u0101cija par dz\u012bvok\u013cu \u012bpa\u0161nieku kop\u012bbu, ir nepiecie\u0161ams, ka dz\u012bvojam\u0101s m\u0101jas p\u0101rvaldnieks ir re\u0123istr\u0113ts BIS Dz\u012bvojamo m\u0101ju p\u0101rvaldnieku re\u0123istr\u0101. Ja p\u0101rvaldnieks nav re\u0123istr\u0113ts min\u0113taj\u0101 re\u0123istr\u0101, Dz\u012bvok\u013cu \u012bpa\u0161nieku kop\u012bbu re\u0123istr\u0101 neb\u016bs pieejama pilnv\u0113rt\u012bga inform\u0101cija par kop\u012bbas p\u0101rst\u0101vi. L\u012bdz ar to bank\u0101m un cit\u0101m instit\u016bcij\u0101m neb\u016bs iesp\u0113jams autom\u0101tiski p\u0101rliecin\u0101ties par personu, kas ir ties\u012bga p\u0101rst\u0101v\u0113t kop\u012bbu, un tas var apgr\u016btin\u0101t bankas konta atv\u0113r\u0161anu, aizdevuma sa\u0146em\u0161anu vai l\u012bgumu sl\u0113g\u0161anu kop\u012bbas v\u0101rd\u0101.<\/p>\n<p>Gad\u012bjum\u0101, ja m\u0101ju faktiski p\u0101rvalda persona vai uz\u0146\u0113mums, kas nav re\u0123istr\u0113ts BIS, dz\u012bvok\u013cu \u012bpa\u0161niekiem ir ieteicams aicin\u0101t p\u0101rvaldnieku re\u0123istr\u0113ties BIS vai lemt par citas pilnvarotas personas iecel\u0161anu un attiec\u012bgu pilnvarojuma noform\u0113\u0161anu.<\/p>\n<p>BIS sada\u013c\u0101 \u201cM\u0101jas lieta\u201d pa\u0161laik ir re\u0123istr\u0113ti aptuveni 1600 akt\u012bvi p\u0101rvaldnieki. P\u0101rvaldnieku aktivit\u0101te ir nevienm\u0113r\u012bga \u2013 BVKB ieskat\u0101 mazajiem p\u0101rvaldniekiem b\u016btu j\u0101b\u016bt akt\u012bv\u0101kiem, un BVKB to ar\u012b sagaida n\u0101kotn\u0113.<\/p>\n","protected":false},"excerpt":{"rendered":"Publicit\u0101tes att\u0113ls. Saska\u0146\u0101 ar groz\u012bjumiem Dz\u012bvok\u013ca \u012bpa\u0161uma likum\u0101 ir izveidots Dz\u012bvok\u013cu \u012bpa\u0161nieku kop\u012bbu re\u0123istrs, kura p\u0101rzinis ir B\u016bvniec\u012bbas&hellip;\n","protected":false},"author":2,"featured_media":96491,"comment_status":"","ping_status":"","sticky":false,"template":"","format":"standard","meta":{"footnotes":""},"categories":[5],"tags":[23,28,29,32,33,22,30,31,35,39,38,36,37,34,40,20,26,27,24,25,21],"class_list":{"0":"post-96490","1":"post","2":"type-post","3":"status-publish","4":"format-standard","5":"has-post-thumbnail","7":"category-aktualitates","8":"tag-aktualitates","9":"tag-breaking-news","10":"tag-breakingnews","11":"tag-featured-news","12":"tag-featurednews","13":"tag-headlines","14":"tag-latest-news","15":"tag-latestnews","16":"tag-latvia","17":"tag-latvian","18":"tag-latviesu","19":"tag-latviesu-valoda","20":"tag-latviesuvaloda","21":"tag-latvija","22":"tag-lv","23":"tag-news","24":"tag-popularakas-zinas","25":"tag-popularakaszinas","26":"tag-top-stories","27":"tag-topstories","28":"tag-zinas"},"share_on_mastodon":{"url":"https:\/\/pubeurope.com\/@lv\/115849589326717223","error":""},"_links":{"self":[{"href":"https:\/\/www.europesays.com\/lv\/wp-json\/wp\/v2\/posts\/96490","targetHints":{"allow":["GET"]}}],"collection":[{"href":"https:\/\/www.europesays.com\/lv\/wp-json\/wp\/v2\/posts"}],"about":[{"href":"https:\/\/www.europesays.com\/lv\/wp-json\/wp\/v2\/types\/post"}],"author":[{"embeddable":true,"href":"https:\/\/www.europesays.com\/lv\/wp-json\/wp\/v2\/users\/2"}],"replies":[{"embeddable":true,"href":"https:\/\/www.europesays.com\/lv\/wp-json\/wp\/v2\/comments?post=96490"}],"version-history":[{"count":0,"href":"https:\/\/www.europesays.com\/lv\/wp-json\/wp\/v2\/posts\/96490\/revisions"}],"wp:featuredmedia":[{"embeddable":true,"href":"https:\/\/www.europesays.com\/lv\/wp-json\/wp\/v2\/media\/96491"}],"wp:attachment":[{"href":"https:\/\/www.europesays.com\/lv\/wp-json\/wp\/v2\/media?parent=96490"}],"wp:term":[{"taxonomy":"category","embeddable":true,"href":"https:\/\/www.europesays.com\/lv\/wp-json\/wp\/v2\/categories?post=96490"},{"taxonomy":"post_tag","embeddable":true,"href":"https:\/\/www.europesays.com\/lv\/wp-json\/wp\/v2\/tags?post=96490"}],"curies":[{"name":"wp","href":"https:\/\/api.w.org\/{rel}","templated":true}]}}