{"id":96494,"date":"2026-01-06T18:34:07","date_gmt":"2026-01-06T18:34:07","guid":{"rendered":"https:\/\/www.europesays.com\/lv\/96494\/"},"modified":"2026-01-06T18:34:07","modified_gmt":"2026-01-06T18:34:07","slug":"bauska-izkar-balto-karogu-akmentins-un-dulbe-parcelas-uz-valmieru-florbols-sportacentrs-com","status":"publish","type":"post","link":"https:\/\/www.europesays.com\/lv\/96494\/","title":{"rendered":"\u201cBauska\u201d izkar balto karogu? Akmenti\u0146\u0161 un Dulbe p\u0101rce\u013cas uz Valmieru \u2013 Florbols \u2013 Sportacentrs.com"},"content":{"rendered":"<p>Br\u012bd\u012b, kad l\u012bdz regul\u0101r\u0101s sezonas beig\u0101m atliku\u0161as septi\u0146as sp\u0113\u013cu k\u0101rtas, \u201cBauska\u201d ar devi\u0146iem punktiem ie\u0146em p\u0113d\u0113jo vietu, par pieciem punktiem punktiem atpaliekot no pirmsp\u0113d\u0113j\u0101 viet\u0101 eso\u0161ajiem \u201cIrlava\/I.S.A.M.\u201d florbolistiem, kuri, turkl\u0101t, nosp\u0113l\u0113ju\u0161i par vienu sp\u0113li maz\u0101k. Bau\u0161\u0137enieku sp\u0113l\u0113jo\u0161\u0101 trenera kurp\u0113s uz piec\u0101m sp\u0113l\u0113m \u201ciek\u0101pa\u201d vi\u0146u \u0161\u012bs sezonas galvenais treneris Aivis Barkovskis, uzreiz piesakot sevi k\u0101 vienu no l\u012bderiem, \u0161aj\u0101s piec\u0101s sp\u0113l\u0113s tiekot pie 10 (3+7) punktiem. Tom\u0113r \u012bsi pirms gadu mijas vi\u0146\u0161 nosl\u0113dza p\u0101reju uz 1. l\u012bgas komandu \u201cSaulkalne\/Salaspils\u201d, ar kuriem esot m\u0113r\u0137is pac\u012bn\u012bties par vietu l\u012bgas fin\u0101l\u0101.<\/p>\n<p>\u0160odien k\u013cuvis zin\u0101ms, ka komandu vismaz l\u012bdz sezonas beig\u0101m atst\u0101j v\u0113l divi l\u012bderi. Mat\u012bss Dulbe, kur\u0161 \u0161aj\u0101 sezon\u0101 17 sp\u0113l\u0113s atz\u012bm\u0113jies ar 30 (17+13) rezultativit\u0101tes punktiem un Ralfs Akmenti\u0146\u0161, kuram 18 sp\u0113l\u0113s pa\u0161laik 28 (15+13) punkti, nol\u0113mu\u0161i pievienoties FBK \u201cValmiera\u201d komandai. Valmierie\u0161i pa\u0161laik ar 28 punktiem 20 sp\u0113l\u0113s ie\u0146em diezgan stabilu piekto poz\u012bciju, par desmit punktiem atpaliekot no ceturt\u0101s vietas, vienlaikus esot divu uzvaru tiesu jeb se\u0161us punktus priek\u0161\u0101 sestaj\u0101 viet\u0101 eso\u0161ajiem \u201c\u0136ekava\/RB&amp;B\u201d sp\u0113l\u0113t\u0101jiem.<\/p>\n<p>Dulbe, kur\u0161 aizvada savu l\u012bdz \u0161im lab\u0101ko sezonu karjer\u0101, visu laiku p\u0101rst\u0101v\u0113jis Bauskas vien\u012bbu. Savuk\u0101rt Ralfs Akmenti\u0146\u0161, kuram ar\u012b \u0161\u012b ir lab\u0101k\u0101 sezona karjer\u0101, p\u0113rn jau bija pievienojies Valmieras vien\u012bbai, kam\u0113r vi\u0146a dzimtais klubs bija izkritis no virsl\u012bgas. Tur gan vi\u0146\u0161 p\u0101rsvar\u0101 darboj\u0101s aizsarga poz\u012bcij\u0101s, 36 sp\u0113l\u0113s iekr\u0101jot vien nieka 3 (3+0) rezultativit\u0101tes punktus.<\/p>\n","protected":false},"excerpt":{"rendered":"Br\u012bd\u012b, kad l\u012bdz regul\u0101r\u0101s sezonas beig\u0101m atliku\u0161as septi\u0146as sp\u0113\u013cu k\u0101rtas, \u201cBauska\u201d ar devi\u0146iem punktiem ie\u0146em p\u0113d\u0113jo vietu, par&hellip;\n","protected":false},"author":2,"featured_media":96495,"comment_status":"","ping_status":"","sticky":false,"template":"","format":"standard","meta":{"footnotes":""},"categories":[17],"tags":[283,35,39,38,36,37,34,40,67],"class_list":{"0":"post-96494","1":"post","2":"type-post","3":"status-publish","4":"format-standard","5":"has-post-thumbnail","7":"category-sports","8":"tag-florbols","9":"tag-latvia","10":"tag-latvian","11":"tag-latviesu","12":"tag-latviesu-valoda","13":"tag-latviesuvaloda","14":"tag-latvija","15":"tag-lv","16":"tag-sports"},"share_on_mastodon":{"url":"https:\/\/pubeurope.com\/@lv\/115849596897119393","error":""},"_links":{"self":[{"href":"https:\/\/www.europesays.com\/lv\/wp-json\/wp\/v2\/posts\/96494","targetHints":{"allow":["GET"]}}],"collection":[{"href":"https:\/\/www.europesays.com\/lv\/wp-json\/wp\/v2\/posts"}],"about":[{"href":"https:\/\/www.europesays.com\/lv\/wp-json\/wp\/v2\/types\/post"}],"author":[{"embeddable":true,"href":"https:\/\/www.europesays.com\/lv\/wp-json\/wp\/v2\/users\/2"}],"replies":[{"embeddable":true,"href":"https:\/\/www.europesays.com\/lv\/wp-json\/wp\/v2\/comments?post=96494"}],"version-history":[{"count":0,"href":"https:\/\/www.europesays.com\/lv\/wp-json\/wp\/v2\/posts\/96494\/revisions"}],"wp:featuredmedia":[{"embeddable":true,"href":"https:\/\/www.europesays.com\/lv\/wp-json\/wp\/v2\/media\/96495"}],"wp:attachment":[{"href":"https:\/\/www.europesays.com\/lv\/wp-json\/wp\/v2\/media?parent=96494"}],"wp:term":[{"taxonomy":"category","embeddable":true,"href":"https:\/\/www.europesays.com\/lv\/wp-json\/wp\/v2\/categories?post=96494"},{"taxonomy":"post_tag","embeddable":true,"href":"https:\/\/www.europesays.com\/lv\/wp-json\/wp\/v2\/tags?post=96494"}],"curies":[{"name":"wp","href":"https:\/\/api.w.org\/{rel}","templated":true}]}}