{"id":96504,"date":"2026-01-06T18:42:07","date_gmt":"2026-01-06T18:42:07","guid":{"rendered":"https:\/\/www.europesays.com\/lv\/96504\/"},"modified":"2026-01-06T18:42:07","modified_gmt":"2026-01-06T18:42:07","slug":"vasingtona-pieminas-gajiena-piedalas-ekstremistu-grupejums-raksts","status":"publish","type":"post","link":"https:\/\/www.europesays.com\/lv\/96504\/","title":{"rendered":"Va\u0161ington\u0101 piemi\u0146as g\u0101jien\u0101 piedal\u0101s ekstr\u0113mistu grup\u0113jums \/ Raksts"},"content":{"rendered":"<p>\n                        \u0160odien, 18:37                    <\/p>\n<p>\n                            Papildin\u0101ts \u0161odien, 20:31                        <\/p>\n<p>Aprit pieci gadi kop\u0161 grauti\u0146iem ASV Kapitolij\u0101. P\u0113c Donalda Trampa zaud\u0113juma prezidenta v\u0113l\u0113\u0161an\u0101s demokr\u0101tam D\u017eo Baidenam un uzrunas pie Balt\u0101 nama agres\u012bvs p\u016blis dev\u0101s uz Kongresa \u0113ku un vardarb\u012bgi taj\u0101 iebruka. Toreiz dz\u012bv\u012bbu zaud\u0113ja pieci cilv\u0113ki, ar\u012b viens policists, un daudzi guva ievainojumus.\u00a0<\/p>\n<p>Otrdien notiku\u0161o piemin Va\u0161ington\u0101, un pils\u0113tas centr\u0101\u00a0s\u0101cies ar\u012b ekstr\u0113mistu\u00a0grup\u0113juma &#8220;Proud Boys&#8221; jeb &#8220;Lepnie z\u0113ni&#8221; g\u0101jiens.\u00a0Grup\u0113juma\u00a0p\u0101rst\u0101vjus atzina par vain\u012bgiem sazv\u0113rest\u012bb\u0101 pret valsti un noties\u0101ja.<\/p>\n<p>Ekstr\u0113mistu grup\u0113jums sapulc\u0113jies centra viesn\u012bcas pagalm\u0101 un\u00a0ar plak\u0101tiem un\u00a0ska\u013cru\u0146iem uzs\u0101ka g\u0101jienu uz Va\u0161ingtonas pieminek\u013ca pusi, lai b\u016btu tuv\u0101k vietai, kur pirms pieciem\u00a0gadiem s\u0101k\u0101s iebrukums.\u00a0Jau ce\u013ca s\u0101kum\u0101 g\u0101jiens\u00a0k\u013cuva\u00a0agres\u012bvs, iesaist\u012bjusies ar\u012b policija.\u00a0\u00a0S\u0101kotn\u0113ji cilv\u0113ku nebija daudz, tom\u0113r g\u0101jienam turpinoties,tam pievienoj\u0101s arvien liel\u0101ks p\u016blis.<\/p>\n<blockquote class=\"tiktok-embed\" cite=\"https:\/\/www.tiktok.com\/@ltvzinas\/video\/7592304990023126294\" data-video-id=\"7592304990023126294\" style=\"max-width: 605px;min-width: 325px;\"><p>  <a target=\"_blank\" title=\"@ltvzinas\" href=\"https:\/\/www.tiktok.com\/@ltvzinas?refer=embed\" rel=\"nofollow noopener\">@ltvzinas<\/a> Vair\u0101ki 6. janv\u0101ra Kapitolija grauti\u0146u aps\u016bdz\u0113tie \u0161odien Va\u0161ington\u0101 r\u012bko g\u0101jienu, atz\u012bm\u0113jot piekto gadadienu kop\u0161 2021. gada uzbrukuma ASV Kapitolijam. Pas\u0101kumu populariz\u0113 organizatoru grupa, kur\u0101 darbojas gal\u0113ji lab\u0113j\u0101s kust\u012bbas &#8220;Proud Boys&#8221; biju\u0161ais l\u012bderis. <a title=\"ltvzi\u0146as\" target=\"_blank\" href=\"https:\/\/www.tiktok.com\/tag\/ltvzi%C5%86as?refer=embed\" rel=\"nofollow noopener\">#LTVzi\u0146as<\/a> <a title=\"ltv\" target=\"_blank\" href=\"https:\/\/www.tiktok.com\/tag\/ltv?refer=embed\" rel=\"nofollow noopener\">#LTV<\/a> <a title=\"washington\" target=\"_blank\" href=\"https:\/\/www.tiktok.com\/tag\/washington?refer=embed\" rel=\"nofollow noopener\">#Washington<\/a> <a title=\"january6\" target=\"_blank\" href=\"https:\/\/www.tiktok.com\/tag\/january6?refer=embed\" rel=\"nofollow noopener\">#January6<\/a> <a title=\"capitol\" target=\"_blank\" href=\"https:\/\/www.tiktok.com\/tag\/capitol?refer=embed\" rel=\"nofollow noopener\">#Capitol<\/a> <a title=\"washingtondc\" target=\"_blank\" href=\"https:\/\/www.tiktok.com\/tag\/washingtondc?refer=embed\" rel=\"nofollow noopener\">#WashingtonDC<\/a> <a target=\"_blank\" title=\"\u266c original sound \u00a0- LTV Zi\u0146u dienests\" href=\"https:\/\/www.tiktok.com\/music\/original-sound-LTV-Zi%C5%86u-dienests-7592305036958681878?refer=embed\" rel=\"nofollow noopener\">\u266c original sound \u00a0&#8211; LTV Zi\u0146u dienests<\/a>  <\/p><\/blockquote>\n<p>Tramps Kenedija centr\u0101, kuru vi\u0146a sabiedrotie p\u0101rd\u0113v\u0113ju\u0161i par Kenedija\u2013Trampa\u00a0centru,\u00a0r\u012bko tik\u0161anos ar P\u0101rst\u0101vju pal\u0101tas republik\u0101\u0146iem.<\/p>\n<p>Savuk\u0101rt demokr\u0101ti r\u012bko gadadienas atz\u012bm\u0113\u0161anu, kur\u0101 galven\u0101 uzman\u012bba tiks piev\u0113rsta &#8220;past\u0101v\u012bgajiem draudiem br\u012bv\u0101m un god\u012bg\u0101m v\u0113l\u0113\u0161an\u0101m, ko rada nekontrol\u0113jam\u0101 Trampa administr\u0101cija&#8221;, un &#8220;draudiem sabiedr\u012bbas dro\u0161\u012bbai, ko rada simtiem vardarb\u012bgu noziedznieku, kuri tika ap\u017e\u0113loti prezidenta pirmaj\u0101 amata dien\u0101&#8221;.<\/p>\n<p>Notiku\u0161ais izrais\u012bja milz\u012bgu vi\u013c\u0146o\u0161anos ASV sabiedr\u012bb\u0101, kur Konstit\u016bcija un Kapitolijs ir neaizskarami. P\u0113c grauti\u0146iem sekoja imp\u012b\u010dmenta ierosin\u0101jums pret Trampu, tika noties\u0101ti vair\u0101k nek\u0101 1000 cilv\u0113ku, kuri tagad ir atbr\u012bvoti.<\/p>\n<p>KONTEKSTS:<\/p>\n<p>2021. gada 6. janv\u0101r\u012b vair\u0101ki simti ASV biju\u0161\u0101 prezidenta Donalda Trampa atbalst\u012bt\u0101ju iebruka Kapitolij\u0101, lai nepie\u013cautu, ka kongresme\u0146i apstiprina D\u017eo Baidena uzvaru 2020. gada prezidenta v\u0113l\u0113\u0161an\u0101s. Iebrukuma laik\u0101 dz\u012bv\u012bbu zaud\u0113ja pieci cilv\u0113ki, ar\u012b viens policists.<\/p>\n<p>Vair\u0101k nek\u0101 1100 cilv\u0113ku tika arest\u0113ti saist\u012bb\u0101 ar aps\u016bdz\u012bb\u0101m par nemieriem Kapitolij\u0101.\u00a0<\/p>\n<p>Tramps jau iepriek\u0161 bija sol\u012bjis\u00a0ap\u017e\u0113lot liel\u0101ko da\u013cu vai visus nek\u0101rt\u012bbu c\u0113l\u0101jus, ja vi\u0146\u0161 2024. gad\u0101 tiks atk\u0101rtoti iev\u0113l\u0113ts par prezidentu.<\/p>\n<p>                    Valodas k\u013c\u016bda rakst\u0101?<\/p>\n<p class=\"d-none d-md-block\">Iez\u012bm\u0113jiet tekstu un spiediet Ctrl+Enter, lai nos\u016bt\u012btu labojamo teksta fragmentu redaktoram! Par faktu k\u013c\u016bd\u0101m l\u016bdzam zi\u0146ot e-past\u0101 <a href=\"https:\/\/www.lsm.lv\/cdn-cgi\/l\/email-protection\" class=\"__cf_email__\" data-cfemail=\"89fbecede8e2eae0e3e8c9e5fae4a7e5ff\" rel=\"nofollow noopener\" target=\"_blank\">[email\u00a0protected]<\/a>.<\/p>\n<p class=\"d-md-none\">Iez\u012bm\u0113jiet tekstu un spiediet uz Zi\u0146ot par k\u013c\u016bdu pogas, lai nos\u016bt\u012btu labojamo teksta fragmentu redaktoram!<\/p>\n<p>\n                    Zi\u0146ot par k\u013c\u016bdu\n                <\/p>\n<p>            <script async src=\"\/\/www.tiktok.com\/embed.js\"><\/script><\/p>\n","protected":false},"excerpt":{"rendered":"\u0160odien, 18:37 Papildin\u0101ts \u0161odien, 20:31 Aprit pieci gadi kop\u0161 grauti\u0146iem ASV Kapitolij\u0101. P\u0113c Donalda Trampa zaud\u0113juma prezidenta v\u0113l\u0113\u0161an\u0101s&hellip;\n","protected":false},"author":2,"featured_media":96505,"comment_status":"","ping_status":"","sticky":false,"template":"","format":"standard","meta":{"footnotes":""},"categories":[14],"tags":[23,57,28,29,32,33,22,30,31,35,39,38,36,37,34,40,20,26,27,24,25,54,55,56,21,58],"class_list":{"0":"post-96504","1":"post","2":"type-post","3":"status-publish","4":"format-standard","5":"has-post-thumbnail","7":"category-zinas-no-arvalstim","8":"tag-aktualitates","9":"tag-arvalstim","10":"tag-breaking-news","11":"tag-breakingnews","12":"tag-featured-news","13":"tag-featurednews","14":"tag-headlines","15":"tag-latest-news","16":"tag-latestnews","17":"tag-latvia","18":"tag-latvian","19":"tag-latviesu","20":"tag-latviesu-valoda","21":"tag-latviesuvaloda","22":"tag-latvija","23":"tag-lv","24":"tag-news","25":"tag-popularakas-zinas","26":"tag-popularakaszinas","27":"tag-top-stories","28":"tag-topstories","29":"tag-world","30":"tag-world-news","31":"tag-worldnews","32":"tag-zinas","33":"tag-zinas-no-arvalstim"},"share_on_mastodon":{"url":"https:\/\/pubeurope.com\/@lv\/115849628392974667","error":""},"_links":{"self":[{"href":"https:\/\/www.europesays.com\/lv\/wp-json\/wp\/v2\/posts\/96504","targetHints":{"allow":["GET"]}}],"collection":[{"href":"https:\/\/www.europesays.com\/lv\/wp-json\/wp\/v2\/posts"}],"about":[{"href":"https:\/\/www.europesays.com\/lv\/wp-json\/wp\/v2\/types\/post"}],"author":[{"embeddable":true,"href":"https:\/\/www.europesays.com\/lv\/wp-json\/wp\/v2\/users\/2"}],"replies":[{"embeddable":true,"href":"https:\/\/www.europesays.com\/lv\/wp-json\/wp\/v2\/comments?post=96504"}],"version-history":[{"count":0,"href":"https:\/\/www.europesays.com\/lv\/wp-json\/wp\/v2\/posts\/96504\/revisions"}],"wp:featuredmedia":[{"embeddable":true,"href":"https:\/\/www.europesays.com\/lv\/wp-json\/wp\/v2\/media\/96505"}],"wp:attachment":[{"href":"https:\/\/www.europesays.com\/lv\/wp-json\/wp\/v2\/media?parent=96504"}],"wp:term":[{"taxonomy":"category","embeddable":true,"href":"https:\/\/www.europesays.com\/lv\/wp-json\/wp\/v2\/categories?post=96504"},{"taxonomy":"post_tag","embeddable":true,"href":"https:\/\/www.europesays.com\/lv\/wp-json\/wp\/v2\/tags?post=96504"}],"curies":[{"name":"wp","href":"https:\/\/api.w.org\/{rel}","templated":true}]}}