{"id":96537,"date":"2026-01-06T19:27:14","date_gmt":"2026-01-06T19:27:14","guid":{"rendered":"https:\/\/www.europesays.com\/lv\/96537\/"},"modified":"2026-01-06T19:27:14","modified_gmt":"2026-01-06T19:27:14","slug":"dziedataja-ieva-sutugova-sagaida-otro-meitinu-ziemassvetkos-lente-lv","status":"publish","type":"post","link":"https:\/\/www.europesays.com\/lv\/96537\/","title":{"rendered":"Dzied\u0101t\u0101ja Ieva Sutugova sagaida otro meiti\u0146u Ziemassv\u0113tkos\u00a0\u2014\u00a0Lente.lv"},"content":{"rendered":"<p>Priec\u012bga zi\u0146a \u0123imen\u0113<\/p>\n<p>Dzied\u0101t\u0101ja Ieva Sutugova Ziemassv\u0113tku laik\u0101 ir k\u013cuvusi par m\u0101mi\u0146u savam otrajam b\u0113rni\u0146am \u2013 vi\u0146as un m\u016bzi\u0137a J\u0101\u0146a Milti\u0146a \u0123imen\u0113 pasaul\u0113 n\u0101kusi meiti\u0146a. Jaunajai \u0123imenes loceklei dots v\u0101rds Rota. \u0160is priec\u012bgais notikums ir sag\u0101d\u0101jis daudz prieka gan pa\u0161iem vec\u0101kiem, gan vi\u0146u tuviniekiem un draugiem.<\/p>\n<p>Rotas dzim\u0161ana un \u0123imenes prieki<\/p>\n<p>Meiti\u0146a Rota ir n\u0101ku\u0161i pasaul\u0113 2025. gada Ziemassv\u0113tkos. K\u0101 zin\u0101ms, dzied\u0101t\u0101jas pirmais b\u0113rns, d\u0113ls Austris, n\u0101cis pasaul\u0113 2022. gada novembr\u012b. Vec\u0101kajam d\u0113lam Austrim nu jau ir vair\u0101k nek\u0101 tr\u012bs gadi. Ieva Sutugova ir atzinusi, ka b\u0113rna ien\u0101k\u0161ana vi\u0146as dz\u012bv\u0113 ir \u012bpa\u0161s notikums, kas atnesis lielu laimi. Neskatoties uz jaun\u0101s atvases piedzim\u0161anu, Ieva turpina savus darbus, nesen apmekl\u0113jot koncerta m\u0113\u0123in\u0101jumu kop\u0101 ar nepilnu tr\u012bs ned\u0113\u013cu veco meiti\u0146u.<\/p>\n<p>Ievas Sutugovas un J\u0101\u0146a Milti\u0146a attiec\u012bbu ce\u013c\u0161<\/p>\n<p>Ieva Sutugova un m\u016bzi\u0137is J\u0101nis Milti\u0146\u0161 savas attiec\u012bbas ofici\u0101li noform\u0113ja pirms vair\u0101kiem gadiem, ta\u010du vi\u0146u ce\u013c\u0161 l\u012bdz harmoniskai \u0123imenei nav bijis vienk\u0101r\u0161s. Vi\u0146i savulaik bija ar\u012b ofici\u0101li \u0161\u0137\u012bru\u0161ies, ta\u010du, k\u0101 Ieva atkl\u0101jusi, pamati vi\u0146u attiec\u012bb\u0101m ir \u013coti stipri. Vi\u0146a uzsver, ka abiem bija nepiecie\u0161ams laiks, lai katrs sak\u0101rtotu savas lietas, pirms vi\u0146i nol\u0113ma kop\u012bgi veidot \u0123imeni no jauna. \u0160is atkalapvieno\u0161an\u0101s process bijis lo\u0123isks un skaidrs l\u0113mums vi\u0146u \u0123imenei.<\/p>\n<p>Dzied\u0101t\u0101jas karjera un rado\u0161\u0101 darb\u012bba<\/p>\n<p>Ieva Sutugova ir dzied\u0101t\u0101ja, kas sevi sp\u0113j izpaust da\u017e\u0101dos m\u016bzikas \u017eanros. Vi\u0146a absolv\u0113jusies J\u0101zepa Medi\u0146a R\u012bgas M\u016bzikas vidusskolu d\u017eeza un popul\u0101r\u0101s m\u016bzikas noda\u013c\u0101. Savu muzik\u0101lo pieredzi vi\u0146a ir guvusi, sadarbojoties ar t\u0101diem latvie\u0161u komponistiem k\u0101 Raimonds Pauls, J\u0101nis L\u016bs\u0113ns un citiem. Vi\u0146a ir piedal\u012bjusies ar\u012b da\u017e\u0101dos m\u016bziklos un te\u0101tra izr\u0101d\u0113s, k\u0101 ar\u012b telev\u012bzijas \u0161ovos. Pand\u0113mijas laik\u0101 Ieva piev\u0113rs\u0101s ar\u012b rotu darin\u0101\u0161anai, radot savas kolekcijas. Vi\u0146a ir izdevusi jaunus singlus un akt\u012bvi koncert\u0113.<\/p>\n<p>Pravietiskie v\u0101rdi un gaid\u012bbas<\/p>\n<p>Pirms meiti\u0146as dzim\u0161anas dzied\u0101t\u0101ja soci\u0101lajos t\u012bklos dal\u012bjusies ar emocion\u0101lu atzi\u0146u, dziedot J\u0101\u0146a Petera dzejas rindas, kas izr\u0101d\u012bju\u0161\u0101s pravietiskas: \u201cCitgad Ziemassv\u0113tkos klons kad viz\u0113s spodri, M\u0113nesn\u012bc\u0101 skaidr\u0101 atn\u0101cis b\u016bs otris.\u201d Taj\u0101 br\u012bd\u012b vi\u0146a v\u0113l nenojauta, ka tie\u0161i Ziemassv\u0113tkos \u0123imen\u0113 ierad\u012bsies meiti\u0146a Rota. Par otr\u0101 b\u0113rni\u0146a gaid\u012bb\u0101m Ieva publiski pazi\u0146oja 2025. gada septembr\u012b, nor\u0101dot, ka b\u0113rni\u0146\u0161 pasaul\u0113 n\u0101ks ziem\u0101.<\/p>\n","protected":false},"excerpt":{"rendered":"Priec\u012bga zi\u0146a \u0123imen\u0113 Dzied\u0101t\u0101ja Ieva Sutugova Ziemassv\u0113tku laik\u0101 ir k\u013cuvusi par m\u0101mi\u0146u savam otrajam b\u0113rni\u0146am \u2013 vi\u0146as un&hellip;\n","protected":false},"author":2,"featured_media":96538,"comment_status":"","ping_status":"","sticky":false,"template":"","format":"standard","meta":{"footnotes":""},"categories":[19],"tags":[23029,89,23287,90,23925,35,39,38,36,37,34,40,17157,23288],"class_list":{"0":"post-96537","1":"post","2":"type-post","3":"status-publish","4":"format-standard","5":"has-post-thumbnail","7":"category-izklaide","8":"tag-berna-piedzimsana","9":"tag-entertainment","10":"tag-ieva-sutugova","11":"tag-izklaide","12":"tag-janis-miltins","13":"tag-latvia","14":"tag-latvian","15":"tag-latviesu","16":"tag-latviesu-valoda","17":"tag-latviesuvaloda","18":"tag-latvija","19":"tag-lv","20":"tag-muziki","21":"tag-rota"},"share_on_mastodon":{"url":"https:\/\/pubeurope.com\/@lv\/115849805473580731","error":""},"_links":{"self":[{"href":"https:\/\/www.europesays.com\/lv\/wp-json\/wp\/v2\/posts\/96537","targetHints":{"allow":["GET"]}}],"collection":[{"href":"https:\/\/www.europesays.com\/lv\/wp-json\/wp\/v2\/posts"}],"about":[{"href":"https:\/\/www.europesays.com\/lv\/wp-json\/wp\/v2\/types\/post"}],"author":[{"embeddable":true,"href":"https:\/\/www.europesays.com\/lv\/wp-json\/wp\/v2\/users\/2"}],"replies":[{"embeddable":true,"href":"https:\/\/www.europesays.com\/lv\/wp-json\/wp\/v2\/comments?post=96537"}],"version-history":[{"count":0,"href":"https:\/\/www.europesays.com\/lv\/wp-json\/wp\/v2\/posts\/96537\/revisions"}],"wp:featuredmedia":[{"embeddable":true,"href":"https:\/\/www.europesays.com\/lv\/wp-json\/wp\/v2\/media\/96538"}],"wp:attachment":[{"href":"https:\/\/www.europesays.com\/lv\/wp-json\/wp\/v2\/media?parent=96537"}],"wp:term":[{"taxonomy":"category","embeddable":true,"href":"https:\/\/www.europesays.com\/lv\/wp-json\/wp\/v2\/categories?post=96537"},{"taxonomy":"post_tag","embeddable":true,"href":"https:\/\/www.europesays.com\/lv\/wp-json\/wp\/v2\/tags?post=96537"}],"curies":[{"name":"wp","href":"https:\/\/api.w.org\/{rel}","templated":true}]}}