{"id":96560,"date":"2026-01-06T20:00:08","date_gmt":"2026-01-06T20:00:08","guid":{"rendered":"https:\/\/www.europesays.com\/lv\/96560\/"},"modified":"2026-01-06T20:00:08","modified_gmt":"2026-01-06T20:00:08","slug":"asv-militara-operacija-venecuela-ka-reages-eiropa","status":"publish","type":"post","link":"https:\/\/www.europesays.com\/lv\/96560\/","title":{"rendered":"ASV milit\u0101r\u0101 oper\u0101cija Venecu\u0113l\u0101: k\u0101 rea\u0123\u0113s Eiropa?"},"content":{"rendered":"<p class=\"descr\">ASV oper\u0101cija Venecu\u0113l\u0101 b\u016btiski ietekm\u0113s glob\u0101lo dro\u0161\u012bbas situ\u0101ciju, un Eiropai pret to j\u0101izturas re\u0101listiski un t\u0101lredz\u012bgi, a\u0123ent\u016brai LETA pauda Eiropas Parlamenta (EP) deput\u0101ts Ivars Ijabs (LA).<\/p>\n<p>Vi\u0146\u0161 nor\u0101d\u012bja, ka Eiropai j\u0101saglab\u0101 ap\u0146em\u0161an\u0101s iest\u0101ties par starptautisko tiesiskumu, vienlaikus cen\u0161oties izprast ASV r\u012bc\u012bbas mot\u012bvus, tostarp narkotiku tranz\u012bta apkaro\u0161anu, kas ilgsto\u0161i bijusi b\u016btiska ASV un ar\u012b pa\u0161a ASV prezidenta Donalda Trampa iek\u0161politikas probl\u0113ma. T\u0101d\u0113\u013c, p\u0113c Ijaba dom\u0101m, ASV r\u012bc\u012bba nav reduc\u0113jama tikai uz ietekmes sf\u0113ru papla\u0161in\u0101\u0161anu.<\/p>\n<p>Vi\u0146apr\u0101t, ASV oper\u0101cija apliecina, ka m\u016bsdienu pasaul\u0113 vairs nevar pa\u013cauties uz to, ka Va\u0161ingtona savas darb\u012bbas vienm\u0113r saska\u0146os ar pla\u0161u sabiedroto loku, un notikumi Venecu\u0113l\u0101 daudziem Eirop\u0101 bijis p\u0101rsteigums. EP deput\u0101ts kl\u0101st\u012bja, ka patlaban situ\u0101cija ir r\u016bp\u012bgi j\u0101v\u0113ro un j\u0101analiz\u0113 &#8211; Venecu\u0113las prezidents Nikolass Maduro gan ir deport\u0113ts uz ASV, bet valsti vada amerik\u0101\u0146iem paz\u012bstam\u0101 un \u0161\u0137ietami pragmatisk\u0101 viceprezidente Delsija Rodrigesa. Politi\u0137is nor\u0101d\u012bja, ka, par sp\u012bti Trampa run\u0101m, par ASV &#8220;vald\u012b\u0161anu&#8221; Venecu\u0113l\u0101, tas vismaz pagaid\u0101m v\u0113l nenoz\u012bm\u0113 re\u017e\u012bma mai\u0146u.<\/p>\n<p>Ijabs uzsv\u0113ra, ka Eiropai nek\u0101d\u0101 gad\u012bjum\u0101 nevajadz\u0113tu &#8220;raud\u0101t&#8221; par Venecu\u0113las l\u012bdz\u0161in\u0113j\u0101s vad\u012bbas nomai\u0146u. \u0160o re\u017e\u012bmu vi\u0146\u0161 raksturoja k\u0101 destrukt\u012bvu, kreisi populistisku un teroristisku, kas daudzu gadu gait\u0101 valsti ar iev\u0113rojamiem dabas resursiem novedis l\u012bdz gal\u0113jai nabadz\u012bbai. Turkl\u0101t re\u017e\u012bms da\u017e\u0101dos veidos ir apdraud\u0113jis ar\u012b p\u0101r\u0113jo pasauli, un Krievija vienm\u0113r ir pieder\u0113jusi t\u0101 galvenajiem sabiedrotajiem, sac\u012bja eiroparlament\u0101rietis.<\/p>\n<p>Run\u0101jot par Trampa izteikumiem p\u0113c oper\u0101cijas, tostarp par Kolumbiju, Meksiku un Grenlandi, Ijabs nor\u0101d\u012bja, ka Eiropai \u0161aj\u0101 jaut\u0101jum\u0101 nepiecie\u0161ama skaidra politiska saruna ar ASV administr\u0101ciju, \u0146emot v\u0113r\u0101 ar\u012b Eiropas valstu intereses. Vi\u0146\u0161 nor\u0101d\u012bja, ka Eiropas Savien\u012bba (ES) nevar at\u013cauties ignor\u0113t savu dal\u012bbvalstu dro\u0161\u012bbas un politisk\u0101s intereses, tostarp D\u0101nijas k\u0101 Latvijas cie\u0161a sabiedrot\u0101 intereses.<\/p>\n<p>Koment\u0113jot risku, ka ASV r\u012bc\u012bba <a href=\"https:\/\/nra.lv\/pasaule\/510702-ka-asv-operacija-venecuela-ietekmes-krievijas-un-kinas-ricibu.htm\" data-item-link=\"true\" data-item-id=\"510702\" rel=\"nofollow noopener\" target=\"_blank\">var\u0113tu atrais\u012bt rokas cit\u0101m lielvar\u0101m, <\/a>piem\u0113ram, Krievijai vai \u0136\u012bnai, EP deput\u0101ts nor\u0101d\u012bja, ka Pekina un Maskava \u0161o soli kritiz\u0113ju\u0161as piesardz\u012bgi, kas var liecin\u0101t par jaunas &#8220;normalit\u0101tes&#8221; veido\u0161anos starptautiskaj\u0101s attiec\u012bb\u0101s. Vi\u0146apr\u0101t, ASV savas glob\u0101l\u0101s ietekmes saglab\u0101\u0161anai b\u016btu j\u0101demonstr\u0113 sava ietekme ar\u012b citos re\u0123ionos, tostarp turpinot atbalstu Ukrainai. Savuk\u0101rt Eiropai \u0161aj\u0101 situ\u0101cij\u0101 j\u0101turpina atbalst\u012bt Ukrainu, vienlaikus str\u0101d\u0101jot pie attiec\u012bb\u0101m ar ASV administr\u0101ciju, \u0146emot v\u0113r\u0101 t\u0101s pa\u0161reiz\u0113jo nost\u0101ju, pauda Ijabs.<\/p>\n<p>EP deput\u0101ts ar\u012b nor\u0101d\u012bja, ka potenci\u0101li jut\u012bgs re\u0123ions n\u0101kotn\u0113 var\u0113tu b\u016bt Taiv\u0101na, \u0146emot v\u0113r\u0101 \u0136\u012bnas vad\u012bbas izteikumus. Vi\u0146\u0161 pauda cer\u012bbu, ka Krievija Venecu\u0113las piem\u0113ru neinterpret\u0113s k\u0101 ASV dotu sankciju r\u012bkoties sav\u0101 pa\u0161pasludin\u0101taj\u0101 ietekmes sf\u0113r\u0101, \u012bpa\u0161i attiec\u012bb\u0101 uz Ukrainu.<\/p>\n<p>Run\u0101jot par ES nost\u0101ju, politi\u0137is atz\u012bm\u0113ja, ka Eiropai j\u0101b\u016bt ASV sabiedrotajai, ta\u010du \u0161\u012bm attiec\u012bb\u0101m j\u0101b\u016bt l\u012bdzsvarot\u0101m. Vi\u0146apr\u0101t, ES politikai ir j\u0101b\u016bt v\u0113rstai uz vienot\u012bbu, solidarit\u0101ti, sadarb\u012bbu ar NATO un sp\u0113ju aizst\u0101v\u0113t savas intereses.<\/p>\n<p>Eiroparlament\u0101rietis uzsv\u0113ra ES politisk\u0101 dialoga un sadarb\u012bbas ar ASV noz\u012bmi Eiropas dro\u0161\u012bbas nodro\u0161in\u0101\u0161an\u0101 p\u0101rskat\u0101m\u0101 n\u0101kotn\u0113, \u0146emot v\u0113r\u0101 ASV administr\u0101cijas koncentr\u0113\u0161anos uz Rietumu puslodi Trampa atjaunotaj\u0101 &#8220;Monro doktr\u012bn\u0101&#8221;. \u0136\u012bnas un Krievijas glob\u0101lo amb\u012bciju ierobe\u017eo\u0161an\u0101 ASV ir vajadz\u012bgi partneri, t\u0101d\u0113\u013c Eiropai un ASV ir laikus j\u0101s\u0101k str\u0101d\u0101t pie jauniem partner\u012bbas nosac\u012bjumiem.<\/p>\n<p>Jau zi\u0146ots, ka Venecu\u0113las viceprezidente Rodrigesa pirmdien nodeva pagaidu prezidentes zv\u0113restu un ir nor\u0101d\u012bjusi, ka sadarbosies ar Va\u0161ingtonu.<\/p>\n<p>Venecu\u0113las prezidents Maduro un vi\u0146a sieva sestdien tika sag\u016bst\u012bti ASV milit\u0101r\u0101 oper\u0101cij\u0101 un nog\u0101d\u0101ti \u0145ujork\u0101, kur tiks ties\u0101ti saist\u012bb\u0101 ar krimin\u0101laps\u016bdz\u012bb\u0101m par narkotiku nog\u0101d\u0101\u0161anu uz ASV.<\/p>\n<p>ASV valsts sekret\u0101rs Marko Rubio pazi\u0146ojis, ka Va\u0161ingtona ir gatava sadarboties ar Rodrigesu un p\u0101r\u0113jiem Venecu\u0113las l\u012bderiem, un uzsv\u0113ris, ka ASV vi\u0146us v\u0113rt\u0113s p\u0113c darbiem, nevis p\u0113c publiskajiem izteikumiem.<\/p>\n<p>\t\t\t\t\t\tinfo<\/p>\n<p>Uzzini pirmais<br \/>kas interesants noticis Latvij\u0101 un pasaul\u0113,<br \/>pievienojoties mums <a href=\"https:\/\/t.me\/neatkariga\" rel=\"nofollow\">Telegram<\/a> vai <a href=\"https:\/\/whatsapp.com\/channel\/0029VaMLFUH5K3zLU5s4wm3y\" rel=\"nofollow noopener\" target=\"_blank\">Whatsapp<\/a> kan\u0101l\u0101<\/p>\n","protected":false},"excerpt":{"rendered":"ASV oper\u0101cija Venecu\u0113l\u0101 b\u016btiski ietekm\u0113s glob\u0101lo dro\u0161\u012bbas situ\u0101ciju, un Eiropai pret to j\u0101izturas re\u0101listiski un t\u0101lredz\u012bgi, a\u0123ent\u016brai LETA&hellip;\n","protected":false},"author":2,"featured_media":96561,"comment_status":"","ping_status":"","sticky":false,"template":"","format":"standard","meta":{"footnotes":""},"categories":[14],"tags":[23,57,28,29,32,33,22,30,31,35,39,38,36,37,34,40,20,26,27,24,25,54,55,56,21,58],"class_list":{"0":"post-96560","1":"post","2":"type-post","3":"status-publish","4":"format-standard","5":"has-post-thumbnail","7":"category-zinas-no-arvalstim","8":"tag-aktualitates","9":"tag-arvalstim","10":"tag-breaking-news","11":"tag-breakingnews","12":"tag-featured-news","13":"tag-featurednews","14":"tag-headlines","15":"tag-latest-news","16":"tag-latestnews","17":"tag-latvia","18":"tag-latvian","19":"tag-latviesu","20":"tag-latviesu-valoda","21":"tag-latviesuvaloda","22":"tag-latvija","23":"tag-lv","24":"tag-news","25":"tag-popularakas-zinas","26":"tag-popularakaszinas","27":"tag-top-stories","28":"tag-topstories","29":"tag-world","30":"tag-world-news","31":"tag-worldnews","32":"tag-zinas","33":"tag-zinas-no-arvalstim"},"share_on_mastodon":{"url":"https:\/\/pubeurope.com\/@lv\/115849935093372794","error":""},"_links":{"self":[{"href":"https:\/\/www.europesays.com\/lv\/wp-json\/wp\/v2\/posts\/96560","targetHints":{"allow":["GET"]}}],"collection":[{"href":"https:\/\/www.europesays.com\/lv\/wp-json\/wp\/v2\/posts"}],"about":[{"href":"https:\/\/www.europesays.com\/lv\/wp-json\/wp\/v2\/types\/post"}],"author":[{"embeddable":true,"href":"https:\/\/www.europesays.com\/lv\/wp-json\/wp\/v2\/users\/2"}],"replies":[{"embeddable":true,"href":"https:\/\/www.europesays.com\/lv\/wp-json\/wp\/v2\/comments?post=96560"}],"version-history":[{"count":0,"href":"https:\/\/www.europesays.com\/lv\/wp-json\/wp\/v2\/posts\/96560\/revisions"}],"wp:featuredmedia":[{"embeddable":true,"href":"https:\/\/www.europesays.com\/lv\/wp-json\/wp\/v2\/media\/96561"}],"wp:attachment":[{"href":"https:\/\/www.europesays.com\/lv\/wp-json\/wp\/v2\/media?parent=96560"}],"wp:term":[{"taxonomy":"category","embeddable":true,"href":"https:\/\/www.europesays.com\/lv\/wp-json\/wp\/v2\/categories?post=96560"},{"taxonomy":"post_tag","embeddable":true,"href":"https:\/\/www.europesays.com\/lv\/wp-json\/wp\/v2\/tags?post=96560"}],"curies":[{"name":"wp","href":"https:\/\/api.w.org\/{rel}","templated":true}]}}