{"id":96566,"date":"2026-01-06T20:07:08","date_gmt":"2026-01-06T20:07:08","guid":{"rendered":"https:\/\/www.europesays.com\/lv\/96566\/"},"modified":"2026-01-06T20:07:08","modified_gmt":"2026-01-06T20:07:08","slug":"jauniesi-ir-samera-optimistiski-par-atalgojumu","status":"publish","type":"post","link":"https:\/\/www.europesays.com\/lv\/96566\/","title":{"rendered":"Jaunie\u0161i ir sam\u0113r\u0101 optimistiski par atalgojumu"},"content":{"rendered":"<p>Vienlaikus jaunie\u0161i piesardz\u012bg\u0101k v\u0113rt\u0113 to, cik labi ieg\u016bt\u0101s zin\u0101\u0161anas atbilst darba tirgus pras\u012bb\u0101m. Ap 78% jaunie\u0161u uzskata, ka vi\u0146u zin\u0101\u0161anas n\u0101kotn\u0113 nodro\u0161in\u0101s stabilu vietu darba tirg\u016b, ta\u010du tikai ap 25% tam piln\u012bb\u0101 piekr\u012bt. V\u0113rt\u0113jot iesp\u0113jas str\u0101d\u0101t labi atalgotu darbu Latvij\u0101, pozit\u012bvi noska\u0146oti ir ap 63% respondentu, savuk\u0101rt attiec\u012bb\u0101 uz darbu \u0101rvalst\u012bs &#8211; ap 72%.<\/p>\n<p>61% jaunie\u0161u uzskata, ka vi\u0146u zin\u0101\u0161anas \u013cautu dibin\u0101t savu biznesu, tom\u0113r piln\u012bgu p\u0101rliec\u012bbu paudu\u0161i vien 21,6%.<\/p>\n<p>Vienlaikus jaunie\u0161i nor\u0101da ar\u012b uz \u0161\u0137\u0113r\u0161\u013ciem, kas kav\u0113 prasmju pilnveidi. K\u0101 b\u016btisk\u0101kie faktori tika min\u0113tas gr\u016bt\u012bbas savienot m\u0101c\u012bbas ar darbu vai \u0123imenes dz\u012bvi, finan\u0161u l\u012bdzek\u013cu vai motiv\u0101cijas tr\u016bkums, k\u0101 ar\u012b inform\u0101cijas tr\u016bkums par iesp\u0113j\u0101m, kur un k\u0101 apg\u016bt jaunas prasmes.<\/p>\n<p>72% jaunie\u0161u ir piln\u012bb\u0101 vai dr\u012bz\u0101k apmierin\u0101ti ar savu pa\u0161reiz\u0113jo finansi\u0101lo st\u0101vokli, savuk\u0101rt ap 28% ir dr\u012bz\u0101k vai piln\u012bb\u0101 neapmierin\u0101ti. Taj\u0101 pa\u0161\u0101 laik\u0101 jaunie\u0161i n\u0101kotn\u0113 raug\u0101s sam\u0113r\u0101 optimistiski &#8211; ap 66% prognoz\u0113, ka vi\u0146u finansi\u0101lais st\u0101voklis n\u0101kamo 12 m\u0113ne\u0161u laik\u0101 uzlabosies, bet tikai 4% paredz iev\u0113rojamu pasliktin\u0101\u0161anos.<\/p>\n","protected":false},"excerpt":{"rendered":"Vienlaikus jaunie\u0161i piesardz\u012bg\u0101k v\u0113rt\u0113 to, cik labi ieg\u016bt\u0101s zin\u0101\u0161anas atbilst darba tirgus pras\u012bb\u0101m. Ap 78% jaunie\u0161u uzskata, ka&hellip;\n","protected":false},"author":2,"featured_media":52448,"comment_status":"","ping_status":"","sticky":false,"template":"","format":"standard","meta":{"footnotes":""},"categories":[12],"tags":[23,732,28,29,23279,32,33,22,705,30,31,35,39,38,36,37,34,40,20,1311,26,27,24,25,21],"class_list":{"0":"post-96566","1":"post","2":"type-post","3":"status-publish","4":"format-standard","5":"has-post-thumbnail","7":"category-latvija","8":"tag-aktualitates","9":"tag-aptauja","10":"tag-breaking-news","11":"tag-breakingnews","12":"tag-fakti","13":"tag-featured-news","14":"tag-featurednews","15":"tag-headlines","16":"tag-jauniesi","17":"tag-latest-news","18":"tag-latestnews","19":"tag-latvia","20":"tag-latvian","21":"tag-latviesu","22":"tag-latviesu-valoda","23":"tag-latviesuvaloda","24":"tag-latvija","25":"tag-lv","26":"tag-news","27":"tag-petijumi-un-aptaujas","28":"tag-popularakas-zinas","29":"tag-popularakaszinas","30":"tag-top-stories","31":"tag-topstories","32":"tag-zinas"},"share_on_mastodon":{"url":"https:\/\/pubeurope.com\/@lv\/115849962651788235","error":""},"_links":{"self":[{"href":"https:\/\/www.europesays.com\/lv\/wp-json\/wp\/v2\/posts\/96566","targetHints":{"allow":["GET"]}}],"collection":[{"href":"https:\/\/www.europesays.com\/lv\/wp-json\/wp\/v2\/posts"}],"about":[{"href":"https:\/\/www.europesays.com\/lv\/wp-json\/wp\/v2\/types\/post"}],"author":[{"embeddable":true,"href":"https:\/\/www.europesays.com\/lv\/wp-json\/wp\/v2\/users\/2"}],"replies":[{"embeddable":true,"href":"https:\/\/www.europesays.com\/lv\/wp-json\/wp\/v2\/comments?post=96566"}],"version-history":[{"count":0,"href":"https:\/\/www.europesays.com\/lv\/wp-json\/wp\/v2\/posts\/96566\/revisions"}],"wp:featuredmedia":[{"embeddable":true,"href":"https:\/\/www.europesays.com\/lv\/wp-json\/wp\/v2\/media\/52448"}],"wp:attachment":[{"href":"https:\/\/www.europesays.com\/lv\/wp-json\/wp\/v2\/media?parent=96566"}],"wp:term":[{"taxonomy":"category","embeddable":true,"href":"https:\/\/www.europesays.com\/lv\/wp-json\/wp\/v2\/categories?post=96566"},{"taxonomy":"post_tag","embeddable":true,"href":"https:\/\/www.europesays.com\/lv\/wp-json\/wp\/v2\/tags?post=96566"}],"curies":[{"name":"wp","href":"https:\/\/api.w.org\/{rel}","templated":true}]}}