{"id":96567,"date":"2026-01-06T20:10:19","date_gmt":"2026-01-06T20:10:19","guid":{"rendered":"https:\/\/www.europesays.com\/lv\/96567\/"},"modified":"2026-01-06T20:10:19","modified_gmt":"2026-01-06T20:10:19","slug":"grigals-ari-nakamsezon-parstaves-somijas-komandu-saipa","status":"publish","type":"post","link":"https:\/\/www.europesays.com\/lv\/96567\/","title":{"rendered":"Grigals ar\u012b n\u0101kamsezon p\u0101rst\u0101v\u0113s Somijas komandu &#8220;SaiPa&#8221;"},"content":{"rendered":"<p>27 gadus vecais Grigals \u0161osezon Somijas \u010dempion\u0101t\u0101 15 sp\u0113l\u0113s sekm\u0113jis &#8220;SaiPa&#8221; komandai asto\u0146as uzvaras, vid\u0113ji ielaidis 2,96 v\u0101rtus un atvair\u012bjis 88,1% pretinieku metienu.<\/p>\n<p>Iepriek\u0161\u0113j\u0101 sezon\u0101 Grigals p\u0101rst\u0101v\u0113ja Slov\u0101kijas ekstral\u012bgas vien\u012bbu Tren\u010d\u012bnas &#8220;Dukla&#8221;. Savuk\u0101rt pirms tam vi\u0146\u0161 vair\u0101kas sezonas sp\u0113l\u0113ja Zieme\u013camerikas profesion\u0101laj\u0101s l\u012bg\u0101s (AHL un ECHL).<\/p>\n<p>Grigals vair\u0101kas sezonas sp\u0113l\u0113jis ar\u012b ASV studentu \u010dempion\u0101t\u0101 NCAA. Pirms do\u0161an\u0101s uz Zieme\u013cameriku vi\u0146\u0161 p\u0101rst\u0101v\u0113ja R\u012bgas &#8220;Dinamo&#8221; jaunie\u0161u komandu HK &#8220;R\u012bga&#8221;.<\/p>\n<p>Latvijas v\u0101rtsarga p\u0101rst\u0101v\u0113t\u0101 &#8220;SaiPa&#8221; \u0161osezon Somijas augst\u0101kaj\u0101 l\u012bg\u0101 36 sp\u0113l\u0113s izc\u012bn\u012bjusi 62 punktus, kas komandai patlaban dod piekto vietu kopv\u0113rt\u0113jum\u0101.<\/p>\n<p>&#8220;Gustavs ar saviem p\u016bli\u0146iem ir izc\u012bn\u012bjis vietu komand\u0101. Vi\u0146\u0161 ikdien\u0101 str\u0101d\u0101 lieliski. Lieliski, ka \u0161obr\u012bd mums ir divi v\u0101rtsargi n\u0101kamajai sezonai,&#8221; pazi\u0146ojum\u0101 nor\u0101d\u012bja &#8220;SaiPa&#8221; sporta direktors Harri Aho.<\/p>\n<p>Grigals p\u0101rst\u0101v\u0113jis Latvijas izlasi trijos pasaules \u010dempion\u0101tos, ta\u010du laukum\u0101 devies tikai vien\u0101 sp\u0113l\u0113.<\/p>\n","protected":false},"excerpt":{"rendered":"27 gadus vecais Grigals \u0161osezon Somijas \u010dempion\u0101t\u0101 15 sp\u0113l\u0113s sekm\u0113jis &#8220;SaiPa&#8221; komandai asto\u0146as uzvaras, vid\u0113ji ielaidis 2,96 v\u0101rtus&hellip;\n","protected":false},"author":2,"featured_media":96568,"comment_status":"","ping_status":"","sticky":false,"template":"","format":"standard","meta":{"footnotes":""},"categories":[17],"tags":[2084,836,838,394,721,35,39,38,36,37,34,40,67],"class_list":{"0":"post-96567","1":"post","2":"type-post","3":"status-publish","4":"format-standard","5":"has-post-thumbnail","7":"category-sports","8":"tag-gustavs-davis-grigals","9":"tag-hokeja-jaunumi","10":"tag-hokejisti-arzemes","11":"tag-hokejs","12":"tag-hokejs-pasaule","13":"tag-latvia","14":"tag-latvian","15":"tag-latviesu","16":"tag-latviesu-valoda","17":"tag-latviesuvaloda","18":"tag-latvija","19":"tag-lv","20":"tag-sports"},"share_on_mastodon":{"url":"https:\/\/pubeurope.com\/@lv\/115849974441177620","error":""},"_links":{"self":[{"href":"https:\/\/www.europesays.com\/lv\/wp-json\/wp\/v2\/posts\/96567","targetHints":{"allow":["GET"]}}],"collection":[{"href":"https:\/\/www.europesays.com\/lv\/wp-json\/wp\/v2\/posts"}],"about":[{"href":"https:\/\/www.europesays.com\/lv\/wp-json\/wp\/v2\/types\/post"}],"author":[{"embeddable":true,"href":"https:\/\/www.europesays.com\/lv\/wp-json\/wp\/v2\/users\/2"}],"replies":[{"embeddable":true,"href":"https:\/\/www.europesays.com\/lv\/wp-json\/wp\/v2\/comments?post=96567"}],"version-history":[{"count":0,"href":"https:\/\/www.europesays.com\/lv\/wp-json\/wp\/v2\/posts\/96567\/revisions"}],"wp:featuredmedia":[{"embeddable":true,"href":"https:\/\/www.europesays.com\/lv\/wp-json\/wp\/v2\/media\/96568"}],"wp:attachment":[{"href":"https:\/\/www.europesays.com\/lv\/wp-json\/wp\/v2\/media?parent=96567"}],"wp:term":[{"taxonomy":"category","embeddable":true,"href":"https:\/\/www.europesays.com\/lv\/wp-json\/wp\/v2\/categories?post=96567"},{"taxonomy":"post_tag","embeddable":true,"href":"https:\/\/www.europesays.com\/lv\/wp-json\/wp\/v2\/tags?post=96567"}],"curies":[{"name":"wp","href":"https:\/\/api.w.org\/{rel}","templated":true}]}}