{"id":96569,"date":"2026-01-06T20:12:08","date_gmt":"2026-01-06T20:12:08","guid":{"rendered":"https:\/\/www.europesays.com\/lv\/96569\/"},"modified":"2026-01-06T20:12:08","modified_gmt":"2026-01-06T20:12:08","slug":"asv-operacija-venecuela-kritusi-55-kubiesu-un-venecueliesu-karaviri","status":"publish","type":"post","link":"https:\/\/www.europesays.com\/lv\/96569\/","title":{"rendered":"ASV oper\u0101cij\u0101 Venecu\u0113l\u0101 kritu\u0161i 55 kubie\u0161u un venecu\u0113lie\u0161u karav\u012bri"},"content":{"rendered":"<p>Maduro, l\u012bdz\u012bgi k\u0101 iepriek\u0161\u0113jais Venecu\u0113las l\u012bderis Ugo \u010cavess, algoja Kubas karav\u012brus savai apsardzei.<\/p>\n<p>Venecu\u0113las aizsardz\u012bbas ministrs Vladimirs Padr\u012bno Lopess sv\u0113tdien pazi\u0146oja, ka <a href=\"https:\/\/www.tvnet.lv\/term\/555410\/asv\" class=\"topicLink\" target=\"_blank\" rel=\"nofollow noopener\">ASV<\/a> aukstasin\u012bgi likvid\u0113ja Maduro apsardzi.<\/p>\n<p>Kuba public\u0113jusi 32 karav\u012bru v\u0101rdus, kuri g\u0101ja boj\u0101 ASV milit\u0101raj\u0101 oper\u0101cij\u0101 3. janv\u0101r\u012b. Nogalin\u0101to vid\u016b ir tr\u012bs augsta ranga milit\u0101rpersonas no Kubas Iek\u0161lietu ministrijas.<\/p>\n<p>Venecu\u0113las bru\u0146otie sp\u0113ki tie\u0161saist\u0113 public\u0113ju\u0161i sarakstu ar 23 nogalin\u0101t\u0101m milit\u0101rperson\u0101m, kuru vid\u016b ir pieci admir\u0101\u013ci.<\/p>\n","protected":false},"excerpt":{"rendered":"Maduro, l\u012bdz\u012bgi k\u0101 iepriek\u0161\u0113jais Venecu\u0113las l\u012bderis Ugo \u010cavess, algoja Kubas karav\u012brus savai apsardzei. Venecu\u0113las aizsardz\u012bbas ministrs Vladimirs Padr\u012bno&hellip;\n","protected":false},"author":2,"featured_media":96570,"comment_status":"","ping_status":"","sticky":false,"template":"","format":"standard","meta":{"footnotes":""},"categories":[14],"tags":[23,57,292,28,29,32,33,22,30,31,35,39,38,36,37,34,40,20,26,27,24,25,358,54,55,56,21,58],"class_list":{"0":"post-96569","1":"post","2":"type-post","3":"status-publish","4":"format-standard","5":"has-post-thumbnail","7":"category-zinas-no-arvalstim","8":"tag-aktualitates","9":"tag-arvalstim","10":"tag-asv","11":"tag-breaking-news","12":"tag-breakingnews","13":"tag-featured-news","14":"tag-featurednews","15":"tag-headlines","16":"tag-latest-news","17":"tag-latestnews","18":"tag-latvia","19":"tag-latvian","20":"tag-latviesu","21":"tag-latviesu-valoda","22":"tag-latviesuvaloda","23":"tag-latvija","24":"tag-lv","25":"tag-news","26":"tag-popularakas-zinas","27":"tag-popularakaszinas","28":"tag-top-stories","29":"tag-topstories","30":"tag-venecuela","31":"tag-world","32":"tag-world-news","33":"tag-worldnews","34":"tag-zinas","35":"tag-zinas-no-arvalstim"},"share_on_mastodon":{"url":"https:\/\/pubeurope.com\/@lv\/115849982302737826","error":""},"_links":{"self":[{"href":"https:\/\/www.europesays.com\/lv\/wp-json\/wp\/v2\/posts\/96569","targetHints":{"allow":["GET"]}}],"collection":[{"href":"https:\/\/www.europesays.com\/lv\/wp-json\/wp\/v2\/posts"}],"about":[{"href":"https:\/\/www.europesays.com\/lv\/wp-json\/wp\/v2\/types\/post"}],"author":[{"embeddable":true,"href":"https:\/\/www.europesays.com\/lv\/wp-json\/wp\/v2\/users\/2"}],"replies":[{"embeddable":true,"href":"https:\/\/www.europesays.com\/lv\/wp-json\/wp\/v2\/comments?post=96569"}],"version-history":[{"count":0,"href":"https:\/\/www.europesays.com\/lv\/wp-json\/wp\/v2\/posts\/96569\/revisions"}],"wp:featuredmedia":[{"embeddable":true,"href":"https:\/\/www.europesays.com\/lv\/wp-json\/wp\/v2\/media\/96570"}],"wp:attachment":[{"href":"https:\/\/www.europesays.com\/lv\/wp-json\/wp\/v2\/media?parent=96569"}],"wp:term":[{"taxonomy":"category","embeddable":true,"href":"https:\/\/www.europesays.com\/lv\/wp-json\/wp\/v2\/categories?post=96569"},{"taxonomy":"post_tag","embeddable":true,"href":"https:\/\/www.europesays.com\/lv\/wp-json\/wp\/v2\/tags?post=96569"}],"curies":[{"name":"wp","href":"https:\/\/api.w.org\/{rel}","templated":true}]}}