{"id":96575,"date":"2026-01-06T20:19:08","date_gmt":"2026-01-06T20:19:08","guid":{"rendered":"https:\/\/www.europesays.com\/lv\/96575\/"},"modified":"2026-01-06T20:19:08","modified_gmt":"2026-01-06T20:19:08","slug":"saeimas-nacionalas-drosibas-komisija-ir-butiski-panakt-ukrainai-pienemamus-drosibas-garantiju-nosacijumus","status":"publish","type":"post","link":"https:\/\/www.europesays.com\/lv\/96575\/","title":{"rendered":"Saeimas Nacion\u0101l\u0101s dro\u0161\u012bbas komisija: ir b\u016btiski pan\u0101kt Ukrainai pie\u0146emamus dro\u0161\u012bbas garantiju nosac\u012bjumus"},"content":{"rendered":"<p>\t\t\t(06.01.2026.)\n\t\t<\/p>\n<p>\t\t\t\t\t<img decoding=\"async\" src=\"https:\/\/www.europesays.com\/lv\/wp-content\/uploads\/2026\/01\/Gy8JT2.jpg\" alt=\"\"\/>\t\t\t\t<\/p>\n<p>Saeimas Nacion\u0101l\u0101s dro\u0161\u012bbas komisijas deput\u0101ti otrdien, 6.janv\u0101r\u012b, uzklaus\u012bja \u0101rlietu un aizsardz\u012bbas ministrus par jaut\u0101jumiem, kas \u0161odien tiks skat\u012bti labas gribas koal\u012bcijas valstu l\u012bderu san\u0101ksm\u0113 Par\u012bz\u0113, Francij\u0101. Apspriedes darbak\u0101rt\u012bb\u0101 ir atbalsta turpin\u0101\u0161ana Ukrainai, dro\u0161\u012bbas garantiju stiprin\u0101\u0161ana un kop\u012bga nost\u0101ja ce\u013c\u0101 uz taisn\u012bgu un ilgsto\u0161u mieru Eirop\u0101.<\/p>\n<p>S\u0113des dal\u012bbnieki pauda, ka ir b\u016btiski pan\u0101kt Ukrainai pie\u0146emamus dro\u0161\u012bbas garantiju nosac\u012bjumus, kas ietver gan Ukrainas bru\u0146oto sp\u0113ku stiprin\u0101\u0161anu, gan sabiedroto valstu atbalstu nosl\u0113gt\u0101 miera l\u012bguma nosac\u012bjumu iev\u0113ro\u0161anas uzraudz\u012bb\u0101 un turpm\u0101kas ilgtermi\u0146a sadarb\u012bbas padzi\u013cin\u0101\u0161an\u0101.<\/p>\n<p>Liela loma \u0161o pl\u0101nu izstr\u0101d\u0113 un iedz\u012bvin\u0101\u0161an\u0101 ir tie\u0161i Amerikas Savienotaj\u0101m Valst\u012bm, ta\u010du ne maz\u0101k svar\u012bgs b\u016bs katras labas gribas koal\u012bcijas dal\u012bbvalsts atbalsts un ieguld\u012bjums, nor\u0101da komisijas priek\u0161s\u0113d\u0113t\u0101js Ainars Latkovskis.<\/p>\n<p>\u201cLatvija ir bijis nepagursto\u0161s Ukrainas sabiedrotais kop\u0161 kara pirm\u0101s dienas, un apliecin\u0101m, ka ar\u012b \u0161aj\u0101 garaj\u0101 un sare\u017e\u0123\u012btaj\u0101 proces\u0101 Ukraina var r\u0113\u0137in\u0101ties ar m\u016bsu nedal\u012btu atbalstu k\u0101 izpildvaras, t\u0101 ar\u012b parlamenta l\u012bmen\u012b,\u201d uzsver A.Latkovskis.<\/p>\n<p>\u00a0<\/p>\n<p>Saeimas Preses dienests<\/p>\n","protected":false},"excerpt":{"rendered":"(06.01.2026.) Saeimas Nacion\u0101l\u0101s dro\u0161\u012bbas komisijas deput\u0101ti otrdien, 6.janv\u0101r\u012b, uzklaus\u012bja \u0101rlietu un aizsardz\u012bbas ministrus par jaut\u0101jumiem, kas \u0161odien tiks&hellip;\n","protected":false},"author":2,"featured_media":96576,"comment_status":"","ping_status":"","sticky":false,"template":"","format":"standard","meta":{"footnotes":""},"categories":[14],"tags":[23,57,28,29,32,33,22,30,31,35,39,38,36,37,34,40,20,26,27,24,25,54,55,56,21,58],"class_list":{"0":"post-96575","1":"post","2":"type-post","3":"status-publish","4":"format-standard","5":"has-post-thumbnail","7":"category-zinas-no-arvalstim","8":"tag-aktualitates","9":"tag-arvalstim","10":"tag-breaking-news","11":"tag-breakingnews","12":"tag-featured-news","13":"tag-featurednews","14":"tag-headlines","15":"tag-latest-news","16":"tag-latestnews","17":"tag-latvia","18":"tag-latvian","19":"tag-latviesu","20":"tag-latviesu-valoda","21":"tag-latviesuvaloda","22":"tag-latvija","23":"tag-lv","24":"tag-news","25":"tag-popularakas-zinas","26":"tag-popularakaszinas","27":"tag-top-stories","28":"tag-topstories","29":"tag-world","30":"tag-world-news","31":"tag-worldnews","32":"tag-zinas","33":"tag-zinas-no-arvalstim"},"share_on_mastodon":{"url":"https:\/\/pubeurope.com\/@lv\/115850009842265270","error":""},"_links":{"self":[{"href":"https:\/\/www.europesays.com\/lv\/wp-json\/wp\/v2\/posts\/96575","targetHints":{"allow":["GET"]}}],"collection":[{"href":"https:\/\/www.europesays.com\/lv\/wp-json\/wp\/v2\/posts"}],"about":[{"href":"https:\/\/www.europesays.com\/lv\/wp-json\/wp\/v2\/types\/post"}],"author":[{"embeddable":true,"href":"https:\/\/www.europesays.com\/lv\/wp-json\/wp\/v2\/users\/2"}],"replies":[{"embeddable":true,"href":"https:\/\/www.europesays.com\/lv\/wp-json\/wp\/v2\/comments?post=96575"}],"version-history":[{"count":0,"href":"https:\/\/www.europesays.com\/lv\/wp-json\/wp\/v2\/posts\/96575\/revisions"}],"wp:featuredmedia":[{"embeddable":true,"href":"https:\/\/www.europesays.com\/lv\/wp-json\/wp\/v2\/media\/96576"}],"wp:attachment":[{"href":"https:\/\/www.europesays.com\/lv\/wp-json\/wp\/v2\/media?parent=96575"}],"wp:term":[{"taxonomy":"category","embeddable":true,"href":"https:\/\/www.europesays.com\/lv\/wp-json\/wp\/v2\/categories?post=96575"},{"taxonomy":"post_tag","embeddable":true,"href":"https:\/\/www.europesays.com\/lv\/wp-json\/wp\/v2\/tags?post=96575"}],"curies":[{"name":"wp","href":"https:\/\/api.w.org\/{rel}","templated":true}]}}