{"id":96579,"date":"2026-01-06T20:23:03","date_gmt":"2026-01-06T20:23:03","guid":{"rendered":"https:\/\/www.europesays.com\/lv\/96579\/"},"modified":"2026-01-06T20:23:03","modified_gmt":"2026-01-06T20:23:03","slug":"latviesu-uzbrucejs-marko-regza-pievienojas-cehijas-futbola-klubam-hradec-kralove-lente-lv","status":"publish","type":"post","link":"https:\/\/www.europesays.com\/lv\/96579\/","title":{"rendered":"Latvie\u0161u uzbruc\u0113js Marko Reg\u017ea pievienojas \u010cehijas futbola klubam &#8220;Hradec Kr\u00e1lov\u00e9&#8221;\u00a0\u2014\u00a0Lente.lv"},"content":{"rendered":"<p>Reg\u017ea paraksta l\u012bgumu ar jauno klubu<\/p>\n<p>Latvijas futbola izlases uzbruc\u0113js Marko Reg\u017ea turpm\u0101k p\u0101rst\u0101v\u0113s \u010cehijas augst\u0101k\u0101s l\u012bgas komandu &#8220;Hradec Kr\u00e1lov\u00e9&#8221;. Klubs ofici\u0101li pazi\u0146ojis par vieno\u0161anos ar 26 gadus veco futbolistu. K\u0101 zi\u0146o av\u012bze Diena, Reg\u017ea ar jauno klubu nosl\u0113dzis l\u012bgumu uz divarpus gadiem, kas paredz vi\u0146a pirmo profesion\u0101lo pieredzi \u0101rpus Latvijas.<\/p>\n<p>No R\u012bgas FC uz \u010cehiju<\/p>\n<p>Pirms pievieno\u0161an\u0101s &#8220;Hradec Kr\u00e1lov\u00e9&#8221;, Reg\u017ea tr\u012bs sezonas aizvad\u012bjis &#8220;Riga FC&#8221; rind\u0101s, kur sevi apliecin\u0101ja k\u0101 vienu no rezultat\u012bv\u0101kajiem uzbruc\u0113jiem Latvijas virsl\u012bg\u0101. 2025. gad\u0101 vi\u0146\u0161 &#8220;Riga FC&#8221; sast\u0101v\u0101 visu sacens\u012bbu form\u0101tos aizvad\u012bjis 40 sp\u0113les, g\u016bstot 20 v\u0101rtus. Kopum\u0101 vi\u0146\u0161 &#8220;Riga FC&#8221; lab\u0101 120 sp\u0113l\u0113s guvis 61 v\u0101rtus, kas ir kluba rekords. Reg\u017ea p\u0101rc\u0113l\u0101s uz &#8220;Hradec Kr\u00e1lov\u00e9&#8221; pirms 2026. gada sezona s\u0101kuma, kas s\u0101kas agr\u0101 pavasar\u012b, un vi\u0146am tika nodro\u0161in\u0101ta dal\u012bba jau pirmssezonas treni\u0146os.<\/p>\n<p>Karjeras izaugsme un v\u0101rti<\/p>\n<p>Marko Reg\u017ea dzimis 1999. gad\u0101 R\u012bg\u0101. Vi\u0146\u0161 savas jaunatnes karjeras laik\u0101 ir tren\u0113jies V\u0101cijas klubos &#8220;Fortuna D\u00fcsseldorf&#8221; un &#8220;Schalke 04&#8221;, ta\u010du traumas d\u0113\u013c atgriez\u0101s Latvij\u0101. Pirms pievieno\u0161an\u0101s &#8220;Riga FC&#8221;, Reg\u017ea sp\u0113l\u0113jis ar\u012b &#8220;RFS&#8221;, &#8220;Super Nova&#8221; un &#8220;BFC Daugavpils&#8221; komand\u0101s. Vi\u0146\u0161 ir ar\u012b Latvijas nacion\u0101l\u0101s izlases sp\u0113l\u0113t\u0101js, aizvadot 16 sp\u0113les. Reg\u017ea tiek rakturots k\u0101 sp\u0113l\u0113t\u0101js ar \u013coti labu meistar\u012bbu nosl\u0113guma f\u0101z\u0113, ko vi\u0146\u0161 apliecin\u0101jis ar\u012b iepriek\u0161\u0113j\u0101s sezon\u0101s Latvijas l\u012bg\u0101. &#8220;Hradec Kr\u00e1lov\u00e9&#8221; pa\u0161laik ie\u0146em sept\u012bto vietu \u010cehijas virsl\u012bg\u0101.<\/p>\n<p>Latvie\u0161u sp\u0113l\u0113t\u0101ju piepl\u016bdums \u010cehij\u0101<\/p>\n<p>Reg\u017eas p\u0101reja uz &#8220;Hradec Kr\u00e1lov\u00e9&#8221; ir da\u013ca no tendences, ka arvien vair\u0101k latvie\u0161u futbolisti veiksm\u012bgi sp\u0113l\u0113 sp\u0113c\u012bg\u0101kaj\u0101s Eiropas l\u012bg\u0101s. Vi\u0146\u0161 k\u013cuvis par ceturto Latvijas sp\u0113l\u0113t\u0101ju, kur\u0161 p\u0101rst\u0101v k\u0101du \u010cehijas augst\u0101k\u0101s l\u012bgas klubu. Vi\u0146am pievienoju\u0161ies ar\u012b Rihards Matrevics (&#8220;Dukla Prague&#8221;), Raimonds Krollis (&#8220;Slovan Liberec&#8221;) un Kristers Penkevics (&#8220;Zl\u00edn&#8221;).<\/p>\n","protected":false},"excerpt":{"rendered":"Reg\u017ea paraksta l\u012bgumu ar jauno klubu Latvijas futbola izlases uzbruc\u0113js Marko Reg\u017ea turpm\u0101k p\u0101rst\u0101v\u0113s \u010cehijas augst\u0101k\u0101s l\u012bgas komandu&hellip;\n","protected":false},"author":2,"featured_media":96580,"comment_status":"","ping_status":"","sticky":false,"template":"","format":"standard","meta":{"footnotes":""},"categories":[17],"tags":[23939,23765,35,39,38,36,37,34,4016,40,23764,67,7666],"class_list":{"0":"post-96579","1":"post","2":"type-post","3":"status-publish","4":"format-standard","5":"has-post-thumbnail","7":"category-sports","8":"tag-cehijas-futbola-virsliga","9":"tag-hradec-kralove","10":"tag-latvia","11":"tag-latvian","12":"tag-latviesu","13":"tag-latviesu-valoda","14":"tag-latviesuvaloda","15":"tag-latvija","16":"tag-latvijas-futbola-izlase","17":"tag-lv","18":"tag-marko-regza","19":"tag-sports","20":"tag-transfers"},"share_on_mastodon":{"url":"https:\/\/pubeurope.com\/@lv\/115850025580463670","error":""},"_links":{"self":[{"href":"https:\/\/www.europesays.com\/lv\/wp-json\/wp\/v2\/posts\/96579","targetHints":{"allow":["GET"]}}],"collection":[{"href":"https:\/\/www.europesays.com\/lv\/wp-json\/wp\/v2\/posts"}],"about":[{"href":"https:\/\/www.europesays.com\/lv\/wp-json\/wp\/v2\/types\/post"}],"author":[{"embeddable":true,"href":"https:\/\/www.europesays.com\/lv\/wp-json\/wp\/v2\/users\/2"}],"replies":[{"embeddable":true,"href":"https:\/\/www.europesays.com\/lv\/wp-json\/wp\/v2\/comments?post=96579"}],"version-history":[{"count":0,"href":"https:\/\/www.europesays.com\/lv\/wp-json\/wp\/v2\/posts\/96579\/revisions"}],"wp:featuredmedia":[{"embeddable":true,"href":"https:\/\/www.europesays.com\/lv\/wp-json\/wp\/v2\/media\/96580"}],"wp:attachment":[{"href":"https:\/\/www.europesays.com\/lv\/wp-json\/wp\/v2\/media?parent=96579"}],"wp:term":[{"taxonomy":"category","embeddable":true,"href":"https:\/\/www.europesays.com\/lv\/wp-json\/wp\/v2\/categories?post=96579"},{"taxonomy":"post_tag","embeddable":true,"href":"https:\/\/www.europesays.com\/lv\/wp-json\/wp\/v2\/tags?post=96579"}],"curies":[{"name":"wp","href":"https:\/\/api.w.org\/{rel}","templated":true}]}}