{"id":96593,"date":"2026-01-06T20:57:08","date_gmt":"2026-01-06T20:57:08","guid":{"rendered":"https:\/\/www.europesays.com\/lv\/96593\/"},"modified":"2026-01-06T20:57:08","modified_gmt":"2026-01-06T20:57:08","slug":"latvija-apliecina-gatavibu-sniegt-ieguldijumu-ukrainas-drosibas-garantijas","status":"publish","type":"post","link":"https:\/\/www.europesays.com\/lv\/96593\/","title":{"rendered":"Latvija apliecina gatav\u012bbu sniegt ieguld\u012bjumu Ukrainas dro\u0161\u012bbas garantij\u0101s"},"content":{"rendered":"<p>K\u0101 v\u0113st\u012bts, Francija, Lielbrit\u0101nija un <a href=\"https:\/\/www.tvnet.lv\/term\/8497\/ukraina\" class=\"topicLink\" target=\"_blank\" rel=\"nofollow noopener\">Ukraina<\/a> otrdien Labas gribas koal\u012bcijas valstu l\u012bderu san\u0101ksm\u0113 Par\u012bz\u0113 parakst\u012bja deklar\u0101ciju par daudznacion\u0101lo sp\u0113ku izvieto\u0161anu Ukrain\u0101 p\u0113c pamiera pan\u0101k\u0161anas.<\/p>\n<p>K\u0101 sac\u012bja Francijas prezidents Emanuels Makrons, \u0161\u012bs dro\u0161\u012bbas garantijas noz\u012bm\u0113, ka Ukrainai neb\u016bs j\u0101padodas un ka n\u0101kotn\u0113 netiks p\u0101rk\u0101pts neviens miera l\u012bgums.<\/p>\n<p>Eiropadomes priek\u0161s\u0113d\u0113t\u0101js Antoniu Ko\u0161ta p\u0113c san\u0101ksmes pav\u0113st\u012bja, ka Eiropas Savien\u012bba (ES) ir gatava atbalst\u012bt miera l\u012bgumu Ukrain\u0101 ar civilaj\u0101m un milit\u0101raj\u0101m misij\u0101m uz vietas. &#8220;M\u0113s pal\u012bdz\u0113sim, izmantojot ES civil\u0101s un milit\u0101r\u0101s misijas uz vietas. Ukrainai ir j\u0101b\u016bt vissp\u0113c\u012bg\u0101kaj\u0101 iesp\u0113jamaj\u0101 poz\u012bcij\u0101 &#8211; pirms pamiera, t\u0101 laik\u0101 un p\u0113c t\u0101,&#8221; vi\u0146\u0161 teica.<\/p>\n<p>Ar\u012b Sp\u0101nijas premjerministrs Pedro San\u010dess sac\u012bja, ka ir gatavs &#8220;nostiprin\u0101t mieru Ukrain\u0101 ar milit\u0101ru kl\u0101tb\u016btni&#8221;.<\/p>\n<p>It\u0101lija un Polija, glu\u017ei pret\u0113ji, nor\u0101d\u012bja, ka to karasp\u0113ka kl\u0101tb\u016btne Ukrain\u0101 k\u0101 da\u013ca no dro\u0161\u012bbas garantij\u0101m nav sagaid\u0101ma.<\/p>\n<p>Eiropas Komisijas prezidente Urzula fon der Leiena pav\u0113st\u012bja, ka Ukrainas sabiedroto san\u0101ksm\u0113 Par\u012bz\u0113 tika demonstr\u0113ta sp\u0113c\u012bga vienot\u012bba.<\/p>\n","protected":false},"excerpt":{"rendered":"K\u0101 v\u0113st\u012bts, Francija, Lielbrit\u0101nija un Ukraina otrdien Labas gribas koal\u012bcijas valstu l\u012bderu san\u0101ksm\u0113 Par\u012bz\u0113 parakst\u012bja deklar\u0101ciju par daudznacion\u0101lo&hellip;\n","protected":false},"author":2,"featured_media":96594,"comment_status":"","ping_status":"","sticky":false,"template":"","format":"standard","meta":{"footnotes":""},"categories":[5],"tags":[23,28,29,1249,32,33,22,30,31,35,39,38,36,37,34,40,20,26,27,24,25,276,21],"class_list":{"0":"post-96593","1":"post","2":"type-post","3":"status-publish","4":"format-standard","5":"has-post-thumbnail","7":"category-aktualitates","8":"tag-aktualitates","9":"tag-breaking-news","10":"tag-breakingnews","11":"tag-evika-silina","12":"tag-featured-news","13":"tag-featurednews","14":"tag-headlines","15":"tag-latest-news","16":"tag-latestnews","17":"tag-latvia","18":"tag-latvian","19":"tag-latviesu","20":"tag-latviesu-valoda","21":"tag-latviesuvaloda","22":"tag-latvija","23":"tag-lv","24":"tag-news","25":"tag-popularakas-zinas","26":"tag-popularakaszinas","27":"tag-top-stories","28":"tag-topstories","29":"tag-ukraina","30":"tag-zinas"},"share_on_mastodon":{"url":"https:\/\/pubeurope.com\/@lv\/115850159229087314","error":""},"_links":{"self":[{"href":"https:\/\/www.europesays.com\/lv\/wp-json\/wp\/v2\/posts\/96593","targetHints":{"allow":["GET"]}}],"collection":[{"href":"https:\/\/www.europesays.com\/lv\/wp-json\/wp\/v2\/posts"}],"about":[{"href":"https:\/\/www.europesays.com\/lv\/wp-json\/wp\/v2\/types\/post"}],"author":[{"embeddable":true,"href":"https:\/\/www.europesays.com\/lv\/wp-json\/wp\/v2\/users\/2"}],"replies":[{"embeddable":true,"href":"https:\/\/www.europesays.com\/lv\/wp-json\/wp\/v2\/comments?post=96593"}],"version-history":[{"count":0,"href":"https:\/\/www.europesays.com\/lv\/wp-json\/wp\/v2\/posts\/96593\/revisions"}],"wp:featuredmedia":[{"embeddable":true,"href":"https:\/\/www.europesays.com\/lv\/wp-json\/wp\/v2\/media\/96594"}],"wp:attachment":[{"href":"https:\/\/www.europesays.com\/lv\/wp-json\/wp\/v2\/media?parent=96593"}],"wp:term":[{"taxonomy":"category","embeddable":true,"href":"https:\/\/www.europesays.com\/lv\/wp-json\/wp\/v2\/categories?post=96593"},{"taxonomy":"post_tag","embeddable":true,"href":"https:\/\/www.europesays.com\/lv\/wp-json\/wp\/v2\/tags?post=96593"}],"curies":[{"name":"wp","href":"https:\/\/api.w.org\/{rel}","templated":true}]}}