{"id":96601,"date":"2026-01-06T21:09:15","date_gmt":"2026-01-06T21:09:15","guid":{"rendered":"https:\/\/www.europesays.com\/lv\/96601\/"},"modified":"2026-01-06T21:09:15","modified_gmt":"2026-01-06T21:09:15","slug":"lai-sie-svetki-stiprina-ticibu-dava-ceribu-un-vieno-mus-kopiga-labestiba-2","status":"publish","type":"post","link":"https:\/\/www.europesays.com\/lv\/96601\/","title":{"rendered":"Lai \u0161ie sv\u0113tki stiprina tic\u012bbu, d\u0101v\u0101 cer\u012bbu un vieno m\u016bs kop\u012bg\u0101 labest\u012bb\u0101"},"content":{"rendered":"<p>\t\t        \t<a href=\"https:\/\/www.daugavpils.lv\/assets\/upload\/news\/2026\/01\/majaslapai-andrejs-001_max.jpg\" rel=\"nofollow noopener\" target=\"_blank\"><img decoding=\"async\" src=\"https:\/\/www.europesays.com\/lv\/wp-content\/uploads\/2026\/01\/majaslapai-andrejs-001_sml.jpg\" class=\"news-image\" title=\"A. Elksni\u0146\u0161: Lai \u0161ie sv\u0113tki stiprina tic\u012bbu, d\u0101v\u0101 cer\u012bbu un vieno m\u016bs kop\u012bg\u0101 labest\u012bb\u0101\" alt=\"A. Elksni\u0146\u0161: Lai \u0161ie sv\u0113tki stiprina tic\u012bbu, d\u0101v\u0101 cer\u012bbu un vieno m\u016bs kop\u012bg\u0101 labest\u012bb\u0101\"\/><\/a><\/p>\n<p style=\"text-align: justify;\">D\u0101rgie pareiztic\u012bgie un vectic\u012bbnieki!<\/p>\n<p>&#13;<\/p>\n<p style=\"text-align: justify;\">\u0160os Ziemassv\u0113tkus m\u016bsu pils\u0113ta svin \u201cMaz\u0101 prin\u010da\u201d st\u0101sta iedvesmota. Vi\u0146a ce\u013c\u0161 pa t\u0101l\u0101m galaktik\u0101m atg\u0101dina mums, ka vissvar\u012bg\u0101kais nav saredzams ar ac\u012bm, bet gan ar sirdi &#8211; tie\u0161i t\u0101pat k\u0101 Ziemassv\u0113tku br\u012bnums!<\/p>\n<p>&#13;<\/p>\n<p style=\"text-align: justify;\">Krist\u012bgaj\u0101 trad\u012bcij\u0101 Ziemassv\u0113tki ir cer\u012bbas un piedo\u0161anas sv\u0113tki, kad pasaule atveras gaismai, kas piedzimst k\u0101 J\u0113zus b\u0113rns. \u0160\u012b gaisma mudina m\u016bs k\u013c\u016bt lab\u0101kiem, iej\u016bt\u012bg\u0101kiem un tuv\u0101kiem viens otram.<\/p>\n<p>&#13;<\/p>\n<p style=\"text-align: justify;\">T\u0101pat k\u0101 Mazais princis r\u016bp\u0113j\u0101s par savu maz\u0101ko plan\u0113tu un rozi, ar\u012b mums ir sava plan\u0113ta \u2013 m\u016bsu pils\u0113ta! Daugavpils ir m\u016bsu kop\u012bg\u0101s r\u016bpes un m\u016bsu kop\u012bg\u0101 atbild\u012bba. Jo vair\u0101k labest\u012bbas katrs no mums ienes sav\u0101 \u0123imen\u0113 un ikdien\u0101, jo gai\u0161\u0101ka k\u013c\u016bst visa pils\u0113ta.<\/p>\n<p>&#13;<\/p>\n<p style=\"text-align: justify;\">Nov\u0113lu ikvienam mierpilnus, siltus un sv\u0113t\u012bgiem notikumiem bag\u0101tus Ziemassv\u0113tkus. Lai \u0161ie sv\u0113tki stiprina tic\u012bbu, d\u0101v\u0101 cer\u012bbu un vieno m\u016bs kop\u012bg\u0101 labest\u012bb\u0101.<\/p>\n<p>&#13;<\/p>\n<p style=\"text-align: justify;\">Priec\u012bgus Ziemassv\u0113tkus!<\/p>\n<p>&#13;<\/p>\n<p style=\"text-align: justify;\">Daugavpils valstspils\u0113tas pa\u0161vald\u012bbas domes priek\u0161s\u0113d\u0113t\u0101js Andrejs Elksni\u0146\u0161<\/p>\n<p>&#13;<\/p>\n","protected":false},"excerpt":{"rendered":"D\u0101rgie pareiztic\u012bgie un vectic\u012bbnieki! &#13; \u0160os Ziemassv\u0113tkus m\u016bsu pils\u0113ta svin \u201cMaz\u0101 prin\u010da\u201d st\u0101sta iedvesmota. Vi\u0146a ce\u013c\u0161 pa t\u0101l\u0101m&hellip;\n","protected":false},"author":2,"featured_media":96602,"comment_status":"","ping_status":"","sticky":false,"template":"","format":"standard","meta":{"footnotes":""},"categories":[5],"tags":[23941,23,28,29,23942,32,33,22,30,31,35,39,38,36,37,34,40,20,26,27,24,25,21],"class_list":{"0":"post-96601","1":"post","2":"type-post","3":"status-publish","4":"format-standard","5":"has-post-thumbnail","7":"category-aktualitates","8":"tag-a-elksnins-lai-sie-svetki-stiprina-ticibu","9":"tag-aktualitates","10":"tag-breaking-news","11":"tag-breakingnews","12":"tag-dava-ceribu-un-vieno-mus-kopiga-labestiba","13":"tag-featured-news","14":"tag-featurednews","15":"tag-headlines","16":"tag-latest-news","17":"tag-latestnews","18":"tag-latvia","19":"tag-latvian","20":"tag-latviesu","21":"tag-latviesu-valoda","22":"tag-latviesuvaloda","23":"tag-latvija","24":"tag-lv","25":"tag-news","26":"tag-popularakas-zinas","27":"tag-popularakaszinas","28":"tag-top-stories","29":"tag-topstories","30":"tag-zinas"},"share_on_mastodon":{"url":"https:\/\/pubeurope.com\/@lv\/115850206456720521","error":""},"_links":{"self":[{"href":"https:\/\/www.europesays.com\/lv\/wp-json\/wp\/v2\/posts\/96601","targetHints":{"allow":["GET"]}}],"collection":[{"href":"https:\/\/www.europesays.com\/lv\/wp-json\/wp\/v2\/posts"}],"about":[{"href":"https:\/\/www.europesays.com\/lv\/wp-json\/wp\/v2\/types\/post"}],"author":[{"embeddable":true,"href":"https:\/\/www.europesays.com\/lv\/wp-json\/wp\/v2\/users\/2"}],"replies":[{"embeddable":true,"href":"https:\/\/www.europesays.com\/lv\/wp-json\/wp\/v2\/comments?post=96601"}],"version-history":[{"count":0,"href":"https:\/\/www.europesays.com\/lv\/wp-json\/wp\/v2\/posts\/96601\/revisions"}],"wp:featuredmedia":[{"embeddable":true,"href":"https:\/\/www.europesays.com\/lv\/wp-json\/wp\/v2\/media\/96602"}],"wp:attachment":[{"href":"https:\/\/www.europesays.com\/lv\/wp-json\/wp\/v2\/media?parent=96601"}],"wp:term":[{"taxonomy":"category","embeddable":true,"href":"https:\/\/www.europesays.com\/lv\/wp-json\/wp\/v2\/categories?post=96601"},{"taxonomy":"post_tag","embeddable":true,"href":"https:\/\/www.europesays.com\/lv\/wp-json\/wp\/v2\/tags?post=96601"}],"curies":[{"name":"wp","href":"https:\/\/api.w.org\/{rel}","templated":true}]}}