{"id":96612,"date":"2026-01-06T21:25:08","date_gmt":"2026-01-06T21:25:08","guid":{"rendered":"https:\/\/www.europesays.com\/lv\/96612\/"},"modified":"2026-01-06T21:25:08","modified_gmt":"2026-01-06T21:25:08","slug":"video-cilveki-tris-dienas-ziemas-aukstuma-bez-elektribas-pasauli-izsit-no-sliedem-laundari-kuri-pasi-atzinusies","status":"publish","type":"post","link":"https:\/\/www.europesays.com\/lv\/96612\/","title":{"rendered":"VIDEO. Cilv\u0113ki tr\u012bs dienas ziemas aukstum\u0101 bez elektr\u012bbas; pasauli \u201cizsit no slied\u0113m\u201d \u013caundari, kuri pa\u0161i atzinu\u0161ies"},"content":{"rendered":"<p>    <img decoding=\"async\" src=\"https:\/\/www.europesays.com\/lv\/wp-content\/uploads\/2026\/01\/260105-99-81822_dpai-1024x683.jpg\" alt=\"&#10;\"\/><\/p>\n<p>Foto: DPA\/SCANPIX\/LETA\n<\/p>\n<p>Gal\u0113ji kreis\u0101 sp\u0101rna grupa ir uz\u0146\u0113musies atbild\u012bbu par dedzin\u0101\u0161anu, kas ned\u0113\u013cas nogal\u0113 izrais\u012bja elektroapg\u0101des p\u0101rtraukumu, kas sk\u0101ra aptuveni 45 000 m\u0101jsaimniec\u012bbu un vair\u0101k nek\u0101 2000 uz\u0146\u0113mumu Berl\u012bn\u0113, raksta Politico. <\/p>\n<p>        Las\u012bt\u0101kie<br \/>\n        <a data-imagesrc=\"{&quot;300&quot;:&quot;https:\\\/\\\/lastatic.ams3.cdn.digitaloceanspaces.com\\\/2026\\\/01\\\/FotoJet-2026-01-05T150916.451-300x200.jpg&quot;,&quot;1024&quot;:&quot;https:\\\/\\\/lastatic.ams3.cdn.digitaloceanspaces.com\\\/2026\\\/01\\\/FotoJet-2026-01-05T150916.451-1024x683.jpg&quot;,&quot;1536&quot;:&quot;https:\\\/\\\/lastatic.ams3.cdn.digitaloceanspaces.com\\\/2026\\\/01\\\/FotoJet-2026-01-05T150916.451-1536x1024.jpg&quot;,&quot;500&quot;:&quot;https:\\\/\\\/lastatic.ams3.cdn.digitaloceanspaces.com\\\/2026\\\/01\\\/FotoJet-2026-01-05T150916.451-500x333.jpg&quot;,&quot;800&quot;:&quot;https:\\\/\\\/lastatic.ams3.cdn.digitaloceanspaces.com\\\/2026\\\/01\\\/FotoJet-2026-01-05T150916.451-800x533.jpg&quot;,&quot;1800&quot;:&quot;https:\\\/\\\/lastatic.ams3.cdn.digitaloceanspaces.com\\\/2026\\\/01\\\/FotoJet-2026-01-05T150916.451.jpg&quot;}\" data-focuspoint=\"&quot;&quot;\" data-p=\"2488270\" href=\"https:\/\/www.la.lv\/tris-zodiaka-zimes-driz-klus-pasakaini-bagatas-nauda-pie-tam-pludis-ka-upe\" class=\"content-item lazy-load\" wp_automatic_readability=\"26\" rel=\"nofollow noopener\" target=\"_blank\"><\/p>\n<p>                                <img decoding=\"async\" src=\"\" alt=\"\" style=\"\" data-imageid=\"\"\/><\/p>\n<p>                                Kokteilis<\/p>\n<p>\n                                                Tr\u012bs zodiaka z\u012bmes dr\u012bz k\u013c\u016bs pasakaini bag\u0101tas: nauda pie t\u0101m pl\u016bd\u012bs k\u0101 upe\n                            <\/p>\n<p><\/a><a data-imagesrc=\"{&quot;300&quot;:&quot;https:\\\/\\\/lastatic.ams3.cdn.digitaloceanspaces.com\\\/2026\\\/01\\\/17b1e396-2c9c-4558-bdd3-405119a978ab-300x200.jpg&quot;,&quot;1024&quot;:&quot;https:\\\/\\\/lastatic.ams3.cdn.digitaloceanspaces.com\\\/2026\\\/01\\\/17b1e396-2c9c-4558-bdd3-405119a978ab-1024x683.jpg&quot;,&quot;1536&quot;:&quot;https:\\\/\\\/lastatic.ams3.cdn.digitaloceanspaces.com\\\/2026\\\/01\\\/17b1e396-2c9c-4558-bdd3-405119a978ab-1536x1024.jpg&quot;,&quot;500&quot;:&quot;https:\\\/\\\/lastatic.ams3.cdn.digitaloceanspaces.com\\\/2026\\\/01\\\/17b1e396-2c9c-4558-bdd3-405119a978ab-500x333.jpg&quot;,&quot;800&quot;:&quot;https:\\\/\\\/lastatic.ams3.cdn.digitaloceanspaces.com\\\/2026\\\/01\\\/17b1e396-2c9c-4558-bdd3-405119a978ab-800x533.jpg&quot;,&quot;1800&quot;:&quot;https:\\\/\\\/lastatic.ams3.cdn.digitaloceanspaces.com\\\/2026\\\/01\\\/17b1e396-2c9c-4558-bdd3-405119a978ab.jpg&quot;}\" data-focuspoint=\"&quot;&quot;\" data-p=\"2489199\" href=\"https:\/\/www.la.lv\/kas-notiek-ar-kermeni-ja-nepietiek-magnija-10-trauksmes-signali-ko-tev-vajadzetu-pamanit\" class=\"content-item lazy-load\" wp_automatic_readability=\"27\" rel=\"nofollow noopener\" target=\"_blank\"><\/p>\n<p>                                <img decoding=\"async\" src=\"\" alt=\"\" style=\"\" data-imageid=\"\"\/><\/p>\n<p>                                Veselam<\/p>\n<p>\n                                                Kas notiek ar \u0137ermeni, ja nepietiek magnija: 10 trauksmes sign\u0101li, ko tev vajadz\u0113tu paman\u012bt\n                            <\/p>\n<p><\/a><a data-imagesrc=\"{&quot;300&quot;:&quot;https:\\\/\\\/lastatic.ams3.cdn.digitaloceanspaces.com\\\/2026\\\/01\\\/be21f5a0-bc7e-4caf-bdfe-675b5525668e-300x200.jpg&quot;,&quot;1024&quot;:&quot;https:\\\/\\\/lastatic.ams3.cdn.digitaloceanspaces.com\\\/2026\\\/01\\\/be21f5a0-bc7e-4caf-bdfe-675b5525668e-1024x683.jpg&quot;,&quot;1536&quot;:&quot;https:\\\/\\\/lastatic.ams3.cdn.digitaloceanspaces.com\\\/2026\\\/01\\\/be21f5a0-bc7e-4caf-bdfe-675b5525668e-1536x1024.jpg&quot;,&quot;500&quot;:&quot;https:\\\/\\\/lastatic.ams3.cdn.digitaloceanspaces.com\\\/2026\\\/01\\\/be21f5a0-bc7e-4caf-bdfe-675b5525668e-500x333.jpg&quot;,&quot;800&quot;:&quot;https:\\\/\\\/lastatic.ams3.cdn.digitaloceanspaces.com\\\/2026\\\/01\\\/be21f5a0-bc7e-4caf-bdfe-675b5525668e-800x533.jpg&quot;,&quot;1800&quot;:&quot;https:\\\/\\\/lastatic.ams3.cdn.digitaloceanspaces.com\\\/2026\\\/01\\\/be21f5a0-bc7e-4caf-bdfe-675b5525668e.jpg&quot;}\" data-focuspoint=\"&quot;&quot;\" data-p=\"2489181\" href=\"https:\/\/www.la.lv\/gads-ir-iestajies-loti-specifiski-skaista-aktriste-lede-dreimane-un-vel-daudzi-citi-peksni-atlaisti-no-dailes-teatra\" class=\"content-item lazy-load\" wp_automatic_readability=\"26.5\" rel=\"nofollow noopener\" target=\"_blank\"><\/p>\n<p>                                <img decoding=\"async\" src=\"\" alt=\"\" style=\"\" data-imageid=\"\"\/><\/p>\n<p>                                            \u201cGads ir ies\u0101cies \u013coti specifiski!\u201d Aktrise Lelde Dreimane un v\u0113l ap 20 cilv\u0113ku p\u0113k\u0161\u0146i atlaisti no Dailes te\u0101tra<\/p>\n<p><\/a><br \/>\n        <a class=\"read-more\" href=\"https:\/\/www.la.lv\/top\" rel=\"nofollow noopener\" target=\"_blank\">Las\u012bt citas zi\u0146as<\/a><\/p>\n<p>\u201cTas nav tikai dedzin\u0101\u0161ana vai sabot\u0101\u017ea. Tas ir terorisms,\u201d sv\u0113tdien sac\u012bja Berl\u012bnes m\u0113rs Kai Vegners par uzbrukumu, kas dega caur kabeli, kas savienots ar vienu no pils\u0113tas liel\u0101kaj\u0101m g\u0101zes sp\u0113kstacij\u0101m.<\/p>\n<p>T\u0101 d\u0113v\u0113t\u0101s Vulkan grupas locek\u013ci, kas paz\u012bstami ar l\u012bdz\u012bgiem uzbrukumiem kritiskajai infrastrukt\u016brai pag\u0101tn\u0113, uz\u0146\u0113m\u0101s atbild\u012bbu par sabot\u0101\u017eu v\u0113stul\u0113 ar nosaukumu \u201cElektroener\u0123ijas p\u0101rtrauk\u0161ana tiem, kas ir pie varas\u201d, kas tika public\u0113ta tie\u0161saist\u0113.<\/p>\n<p>    CITI \u0160OBR\u012aD LASA<\/p>\n<blockquote class=\"twitter-tweet\" wp_automatic_readability=\"12.516795865633\">\n<p lang=\"lv\" dir=\"ltr\">Norm\u0101la diversija Berl\u012bn\u0113. Kreiso ekstr\u0113mistu grupa, kas it k\u0101 uz\u0146\u0113musies atbild\u012bbu, dibin\u0101ta 2011.g. un l\u012bdz \u0161im par to ir zin\u0101ms tie\u0161i nekas. Bijusi saist\u012bta ar vair\u0101k\u0101m cit\u0101m dedzin\u0101\u0161an\u0101m, \u013coti profesion\u0101li izpild\u012bt\u0101m. K\u0101di 30 000 m\u0101jsaimniec\u012bbu jau tre\u0161o dienu bez elektr\u012bbas <a href=\"https:\/\/t.co\/hJ0s0Bru8Q\" rel=\"nofollow\">pic.twitter.com\/hJ0s0Bru8Q<\/a><\/p>\n<p>\u2014 J\u0101nis Tere\u0161ko (@JanisTeresko) <a href=\"https:\/\/twitter.com\/JanisTeresko\/status\/2008183463753724180?ref_src=twsrc%5Etfw\" rel=\"nofollow noopener\" target=\"_blank\">January 5, 2026<\/a><\/p>\n<\/blockquote>\n<p>\u201cEner\u0123ijas alkat\u012bb\u0101 zeme tiek noplicin\u0101ta, izs\u016bcin\u0101ta, sadedzin\u0101ta, izpost\u012bta, izvarota, izn\u012bcin\u0101ta,\u201d v\u0113stul\u0113 teikts grup\u0113jumam, kuru Berl\u012bnes izl\u016bkdienesti ir uzskait\u012bju\u0161i k\u0101 kreiso ekstr\u0113mistu organiz\u0101ciju.<\/p>\n<p>\u201cDarb\u012bbas m\u0113r\u0137is ir nodar\u012bt b\u016btisku kait\u0113jumu g\u0101zes nozarei un alkat\u012bbai p\u0113c ener\u0123ijas,\u201d rakst\u012bja t\u0101s autori. Grupa ir izmantojusi l\u012bdz\u012bgus sazi\u0146as l\u012bdzek\u013cus agr\u0101k, un Berl\u012bnes policija uzskat\u012bja, ka v\u0113stule ir \u012bsta.<\/p>\n<p>Temperat\u016brai V\u0101cijas galvaspils\u0113t\u0101 zem nulles, skolas un b\u0113rnud\u0101rzi dienvidu rajonos, kurus sk\u0101ra elektr\u012bbas padeves p\u0101rtraukums, pirmdienas r\u012bt\u0101 palika sl\u0113gti. Aptuveni 30 000 m\u0101jsaimniec\u012bbu un aptuveni 1,700 uz\u0146\u0113mumu tre\u0161aj\u0101 str\u0101vas padeves p\u0101rtraukuma dien\u0101 joproj\u0101m bija bez str\u0101vas. Paredzams, ka piln\u012bga pieg\u0101des atjauno\u0161ana ilgs l\u012bdz ceturtdienai.<\/p>\n<p>Pils\u0113tas ener\u0123\u0113tikas senatore Franziska Giffey pirmdien Politico Berlin Playbook Podcast sac\u012bja, ka Berl\u012bnes kritiskajai infrastrukt\u016brai ir nepiecie\u0161ama lab\u0101ka aizsardz\u012bba.<\/p>\n<p>\u201cIr daudz publiskas inform\u0101cijas par m\u016bsu kritisko infrastrukt\u016bru, kas mums ir j\u0101public\u0113 un j\u0101padara p\u0101rredzama. N\u0101kotn\u0113 mums b\u016bs j\u0101apsver, k\u0101 m\u0113s varam r\u012bkoties cit\u0101di un k\u0101 m\u0113s varam v\u0113l lab\u0101k aizsarg\u0101t sevi pret \u0161iem jaut\u0101jumiem,\u201d vi\u0146a sac\u012bja.<\/p>\n<p>Atsevi\u0161\u0137\u0101 intervij\u0101 Berl\u012bnes sabiedriskajai raidorganiz\u0101cijai RBB Giffey sac\u012bja, ka prokuroriem valsts l\u012bmen\u012b b\u016bs j\u0101pal\u012bdz izmekl\u0113\u0161an\u0101.<\/p>\n<p>\u201cJaut\u0101jums ir, vai \u0161\u012bs ir tikai kreis\u0101 sp\u0101rna akt\u012bvistu grupas, kas darbojas ideolo\u0123ijas v\u0101rd\u0101, vai ar\u012b taj\u0101 ir vair\u0101k? Tas noteikti ir j\u0101izmekl\u0113,\u201d sac\u012bja politi\u0137is no centriski kreis\u0101s Soci\u0101ldemokr\u0101tisk\u0101s partijas, kas p\u0101rvalda Berl\u012bni koal\u012bcij\u0101 ar Vegnera konservat\u012bviem.<\/p>\n<p>\u201cTas ir ne tikai uzbrukums m\u016bsu infrastrukt\u016brai, bet ar\u012b uzbrukums m\u016bsu br\u012bvajai sabiedr\u012bbai.\u201d<\/p>\n<p>T\u0113mas<\/p>\n<p>    SAIST\u012aTIE RAKSTI<\/p>\n<p>                            <script async src=\"https:\/\/platform.twitter.com\/widgets.js\" charset=\"utf-8\"><\/script><\/p>\n","protected":false},"excerpt":{"rendered":"Foto: DPA\/SCANPIX\/LETA Gal\u0113ji kreis\u0101 sp\u0101rna grupa ir uz\u0146\u0113musies atbild\u012bbu par dedzin\u0101\u0161anu, kas ned\u0113\u013cas nogal\u0113 izrais\u012bja elektroapg\u0101des p\u0101rtraukumu, kas&hellip;\n","protected":false},"author":2,"featured_media":96613,"comment_status":"","ping_status":"","sticky":false,"template":"","format":"standard","meta":{"footnotes":""},"categories":[14],"tags":[23,57,28,29,32,33,22,30,31,35,39,38,36,37,34,40,20,26,27,24,25,54,55,56,21,58],"class_list":{"0":"post-96612","1":"post","2":"type-post","3":"status-publish","4":"format-standard","5":"has-post-thumbnail","7":"category-zinas-no-arvalstim","8":"tag-aktualitates","9":"tag-arvalstim","10":"tag-breaking-news","11":"tag-breakingnews","12":"tag-featured-news","13":"tag-featurednews","14":"tag-headlines","15":"tag-latest-news","16":"tag-latestnews","17":"tag-latvia","18":"tag-latvian","19":"tag-latviesu","20":"tag-latviesu-valoda","21":"tag-latviesuvaloda","22":"tag-latvija","23":"tag-lv","24":"tag-news","25":"tag-popularakas-zinas","26":"tag-popularakaszinas","27":"tag-top-stories","28":"tag-topstories","29":"tag-world","30":"tag-world-news","31":"tag-worldnews","32":"tag-zinas","33":"tag-zinas-no-arvalstim"},"share_on_mastodon":{"url":"https:\/\/pubeurope.com\/@lv\/115850269346371581","error":""},"_links":{"self":[{"href":"https:\/\/www.europesays.com\/lv\/wp-json\/wp\/v2\/posts\/96612","targetHints":{"allow":["GET"]}}],"collection":[{"href":"https:\/\/www.europesays.com\/lv\/wp-json\/wp\/v2\/posts"}],"about":[{"href":"https:\/\/www.europesays.com\/lv\/wp-json\/wp\/v2\/types\/post"}],"author":[{"embeddable":true,"href":"https:\/\/www.europesays.com\/lv\/wp-json\/wp\/v2\/users\/2"}],"replies":[{"embeddable":true,"href":"https:\/\/www.europesays.com\/lv\/wp-json\/wp\/v2\/comments?post=96612"}],"version-history":[{"count":0,"href":"https:\/\/www.europesays.com\/lv\/wp-json\/wp\/v2\/posts\/96612\/revisions"}],"wp:featuredmedia":[{"embeddable":true,"href":"https:\/\/www.europesays.com\/lv\/wp-json\/wp\/v2\/media\/96613"}],"wp:attachment":[{"href":"https:\/\/www.europesays.com\/lv\/wp-json\/wp\/v2\/media?parent=96612"}],"wp:term":[{"taxonomy":"category","embeddable":true,"href":"https:\/\/www.europesays.com\/lv\/wp-json\/wp\/v2\/categories?post=96612"},{"taxonomy":"post_tag","embeddable":true,"href":"https:\/\/www.europesays.com\/lv\/wp-json\/wp\/v2\/tags?post=96612"}],"curies":[{"name":"wp","href":"https:\/\/api.w.org\/{rel}","templated":true}]}}