{"id":96614,"date":"2026-01-06T21:27:03","date_gmt":"2026-01-06T21:27:03","guid":{"rendered":"https:\/\/www.europesays.com\/lv\/96614\/"},"modified":"2026-01-06T21:27:03","modified_gmt":"2026-01-06T21:27:03","slug":"izsludinats-bridinajums-par-apjomigu-snigsanu","status":"publish","type":"post","link":"https:\/\/www.europesays.com\/lv\/96614\/","title":{"rendered":"Izsludin\u0101ts br\u012bdin\u0101jums par apjom\u012bgu snig\u0161anu"},"content":{"rendered":"<p class=\"descr\">Otrdienas vakar\u0101 un gaid\u0101maj\u0101 nakt\u012b daudzviet turpin\u0101s snigt, a\u0123ent\u016bru LETA inform\u0113ja Latvijas Vides, \u0123eolo\u0123ijas un meteorolo\u0123ijas centr\u0101.<\/p>\n<p>Viet\u0101m austrumu da\u013c\u0101 sniega sega palielin\u0101sies par pieciem l\u012bdz septi\u0146iem centimetriem. Nokri\u0161\u0146i mit\u0113sies nakts otraj\u0101 pus\u0113.<\/p>\n<p>Saist\u012bb\u0101 ar snig\u0161anu centrs izsludin\u0101jis dzelteno br\u012bdin\u0101jumu, kas b\u016bs sp\u0113k\u0101 l\u012bdz plkst. 3.<\/p>\n<p>\t\t\t\t\t\tinfo<\/p>\n<p>Uzzini pirmais<br \/>kas interesants noticis Latvij\u0101 un pasaul\u0113,<br \/>pievienojoties mums <a href=\"https:\/\/t.me\/neatkariga\" rel=\"nofollow\">Telegram<\/a> vai <a href=\"https:\/\/whatsapp.com\/channel\/0029VaMLFUH5K3zLU5s4wm3y\" rel=\"nofollow noopener\" target=\"_blank\">Whatsapp<\/a> kan\u0101l\u0101<\/p>\n","protected":false},"excerpt":{"rendered":"Otrdienas vakar\u0101 un gaid\u0101maj\u0101 nakt\u012b daudzviet turpin\u0101s snigt, a\u0123ent\u016bru LETA inform\u0113ja Latvijas Vides, \u0123eolo\u0123ijas un meteorolo\u0123ijas centr\u0101. Viet\u0101m&hellip;\n","protected":false},"author":2,"featured_media":96615,"comment_status":"","ping_status":"","sticky":false,"template":"","format":"standard","meta":{"footnotes":""},"categories":[5],"tags":[23,28,29,32,33,22,30,31,35,39,38,36,37,34,40,20,26,27,24,25,21],"class_list":{"0":"post-96614","1":"post","2":"type-post","3":"status-publish","4":"format-standard","5":"has-post-thumbnail","7":"category-aktualitates","8":"tag-aktualitates","9":"tag-breaking-news","10":"tag-breakingnews","11":"tag-featured-news","12":"tag-featurednews","13":"tag-headlines","14":"tag-latest-news","15":"tag-latestnews","16":"tag-latvia","17":"tag-latvian","18":"tag-latviesu","19":"tag-latviesu-valoda","20":"tag-latviesuvaloda","21":"tag-latvija","22":"tag-lv","23":"tag-news","24":"tag-popularakas-zinas","25":"tag-popularakaszinas","26":"tag-top-stories","27":"tag-topstories","28":"tag-zinas"},"share_on_mastodon":{"url":"https:\/\/pubeurope.com\/@lv\/115850277215731917","error":""},"_links":{"self":[{"href":"https:\/\/www.europesays.com\/lv\/wp-json\/wp\/v2\/posts\/96614","targetHints":{"allow":["GET"]}}],"collection":[{"href":"https:\/\/www.europesays.com\/lv\/wp-json\/wp\/v2\/posts"}],"about":[{"href":"https:\/\/www.europesays.com\/lv\/wp-json\/wp\/v2\/types\/post"}],"author":[{"embeddable":true,"href":"https:\/\/www.europesays.com\/lv\/wp-json\/wp\/v2\/users\/2"}],"replies":[{"embeddable":true,"href":"https:\/\/www.europesays.com\/lv\/wp-json\/wp\/v2\/comments?post=96614"}],"version-history":[{"count":0,"href":"https:\/\/www.europesays.com\/lv\/wp-json\/wp\/v2\/posts\/96614\/revisions"}],"wp:featuredmedia":[{"embeddable":true,"href":"https:\/\/www.europesays.com\/lv\/wp-json\/wp\/v2\/media\/96615"}],"wp:attachment":[{"href":"https:\/\/www.europesays.com\/lv\/wp-json\/wp\/v2\/media?parent=96614"}],"wp:term":[{"taxonomy":"category","embeddable":true,"href":"https:\/\/www.europesays.com\/lv\/wp-json\/wp\/v2\/categories?post=96614"},{"taxonomy":"post_tag","embeddable":true,"href":"https:\/\/www.europesays.com\/lv\/wp-json\/wp\/v2\/tags?post=96614"}],"curies":[{"name":"wp","href":"https:\/\/api.w.org\/{rel}","templated":true}]}}