{"id":96616,"date":"2026-01-06T21:29:12","date_gmt":"2026-01-06T21:29:12","guid":{"rendered":"https:\/\/www.europesays.com\/lv\/96616\/"},"modified":"2026-01-06T21:29:12","modified_gmt":"2026-01-06T21:29:12","slug":"valmiera-piemin-aigaru-fadejevu-50-dzimsanas-diena-ar-olimpiesu-piedalisanos-lente-lv","status":"publish","type":"post","link":"https:\/\/www.europesays.com\/lv\/96616\/","title":{"rendered":"Valmier\u0101 piemin Aigaru Fadejevu 50. dzim\u0161anas dien\u0101 ar olimpie\u0161u piedal\u012b\u0161anos\u00a0\u2014\u00a0Lente.lv"},"content":{"rendered":"<p>Atmi\u0146u br\u012bdis J\u0101\u0146a Dali\u0146a stadion\u0101<\/p>\n<p>Valmier\u0101, J\u0101\u0146a Dali\u0146a stadion\u0101, svin\u012bgi aizvad\u012bts Atmi\u0146u br\u012bdis par godu olimpisk\u0101 vice\u010dempiona Aigara Fadejeva 50. dzim\u0161anas dienai. Pas\u0101kum\u0101 pulc\u0113j\u0101s sportista \u0123imenes locek\u013ci, biju\u0161ie un eso\u0161ie sporta biedri, k\u0101 ar\u012b jaun\u0101s paaudzes so\u013cot\u0101ji, godinot vi\u0146a noz\u012bm\u012bgo ieguld\u012bjumu vieglatl\u0113tik\u0101.<\/p>\n<p>Simboliskais &#8220;sudraba kilometrs&#8221;<\/p>\n<p>Pas\u0101kuma centr\u0101lais notikums bija simboliskais &#8220;sudraba kilometrs&#8221;, ko veica kl\u0101teso\u0161ie so\u013cot\u0101ji. \u0160\u012b distance iecer\u0113ta, lai piemin\u0113tu Aigara Fadejeva spo\u017e\u0101ko sasniegumu \u2013 sudraba meda\u013cu Atlantas Olimpiskaj\u0101s sp\u0113l\u0113s 1996. gad\u0101, k\u0101 ar\u012b lai iedvesmotu jaunos sportistus.<\/p>\n<p>Atbalsts un atzin\u012bba<\/p>\n<p>L\u012bdz\u0101s \u0123imenei un kol\u0113\u0123iem, pas\u0101kum\u0101 piedal\u012bj\u0101s ar\u012b citi sabiedr\u012bb\u0101 zin\u0101mi cilv\u0113ki, kuri pauda atzin\u012bbu Aigaram Fadejevam par vi\u0146a sasniegumiem un ilggad\u0113jo darbu sporta att\u012bst\u012bb\u0101 Latvij\u0101. Kl\u0101teso\u0161ajiem bija iesp\u0113ja dal\u012bties atmi\u0146\u0101s un nov\u0113l\u0113jumos.<\/p>\n<p>Iedvesma jaunajai paaudzei<\/p>\n<p>Aigara Fadejeva piemi\u0146as br\u012bdis kalpoja ne tikai k\u0101 atskats uz pag\u0101tni, bet ar\u012b k\u0101 iedvesmas avots n\u0101kamaj\u0101m sportistu paaudz\u0113m. Jaunie so\u013cot\u0101ji guva motiv\u0101ciju turpin\u0101t ies\u0101kto ce\u013cu, sekojot Aigara piem\u0113ram un tiecoties p\u0113c augstiem rezult\u0101tiem.<\/p>\n","protected":false},"excerpt":{"rendered":"Atmi\u0146u br\u012bdis J\u0101\u0146a Dali\u0146a stadion\u0101 Valmier\u0101, J\u0101\u0146a Dali\u0146a stadion\u0101, svin\u012bgi aizvad\u012bts Atmi\u0146u br\u012bdis par godu olimpisk\u0101 vice\u010dempiona Aigara&hellip;\n","protected":false},"author":2,"featured_media":96617,"comment_status":"","ping_status":"","sticky":false,"template":"","format":"standard","meta":{"footnotes":""},"categories":[17],"tags":[23948,23949,35,39,38,36,37,34,40,1500,67,481,434],"class_list":{"0":"post-96616","1":"post","2":"type-post","3":"status-publish","4":"format-standard","5":"has-post-thumbnail","7":"category-sports","8":"tag-aigars-fadejevs","9":"tag-atminu-bridis","10":"tag-latvia","11":"tag-latvian","12":"tag-latviesu","13":"tag-latviesu-valoda","14":"tag-latviesuvaloda","15":"tag-latvija","16":"tag-lv","17":"tag-olimpiskas-speles","18":"tag-sports","19":"tag-valmiera","20":"tag-vieglatletika"},"share_on_mastodon":{"url":"https:\/\/pubeurope.com\/@lv\/115850285095670250","error":""},"_links":{"self":[{"href":"https:\/\/www.europesays.com\/lv\/wp-json\/wp\/v2\/posts\/96616","targetHints":{"allow":["GET"]}}],"collection":[{"href":"https:\/\/www.europesays.com\/lv\/wp-json\/wp\/v2\/posts"}],"about":[{"href":"https:\/\/www.europesays.com\/lv\/wp-json\/wp\/v2\/types\/post"}],"author":[{"embeddable":true,"href":"https:\/\/www.europesays.com\/lv\/wp-json\/wp\/v2\/users\/2"}],"replies":[{"embeddable":true,"href":"https:\/\/www.europesays.com\/lv\/wp-json\/wp\/v2\/comments?post=96616"}],"version-history":[{"count":0,"href":"https:\/\/www.europesays.com\/lv\/wp-json\/wp\/v2\/posts\/96616\/revisions"}],"wp:featuredmedia":[{"embeddable":true,"href":"https:\/\/www.europesays.com\/lv\/wp-json\/wp\/v2\/media\/96617"}],"wp:attachment":[{"href":"https:\/\/www.europesays.com\/lv\/wp-json\/wp\/v2\/media?parent=96616"}],"wp:term":[{"taxonomy":"category","embeddable":true,"href":"https:\/\/www.europesays.com\/lv\/wp-json\/wp\/v2\/categories?post=96616"},{"taxonomy":"post_tag","embeddable":true,"href":"https:\/\/www.europesays.com\/lv\/wp-json\/wp\/v2\/tags?post=96616"}],"curies":[{"name":"wp","href":"https:\/\/api.w.org\/{rel}","templated":true}]}}