{"id":96634,"date":"2026-01-06T22:15:39","date_gmt":"2026-01-06T22:15:39","guid":{"rendered":"https:\/\/www.europesays.com\/lv\/96634\/"},"modified":"2026-01-06T22:15:39","modified_gmt":"2026-01-06T22:15:39","slug":"zemkopibas-ministrs-a-krauze-piedalisies-es-lauksaimniecibas-ministru-arkartas-sanaksme","status":"publish","type":"post","link":"https:\/\/www.europesays.com\/lv\/96634\/","title":{"rendered":"Zemkop\u012bbas ministrs A. Krauze piedal\u012bsies ES lauksaimniec\u012bbas ministru \u0101rk\u0101rtas san\u0101ksm\u0113"},"content":{"rendered":"<p>Zemkop\u012bbas ministrs Armands Krauze tre\u0161dien, 7. janv\u0101r\u012b, Brisel\u0113, Be\u013c\u0123ij\u0101, piedal\u012bsies Eiropas Savien\u012bbas lauksaimniec\u012bbas ministru \u0101rk\u0101rtas san\u0101ksm\u0113 par ES lauksaimnieku konkur\u0113tsp\u0113ju un tirdzniec\u012bbas jaut\u0101jumiem. Steidzamo san\u0101ksmi Eiropas Komisija (EK) organiz\u0113, rea\u0123\u0113jot uz pag\u0101ju\u0161\u0101 gada 18. decembr\u012b Brisel\u0113 notiku\u0161o lauksaimnieku protestu, kas bija pla\u0161\u0101kais p\u0113d\u0113jo 30 gadu laik\u0101.<\/p>\n<p>San\u0101ksmi r\u012bko ES Lauksaimniec\u012bbas un p\u0101rtikas komis\u0101rs Kristofs Hanzens un ES Tirdzniec\u012bbas un ekonomisk\u0101s dro\u0161\u012bbas komis\u0101rs Maro\u0161s \u0160ef\u010dovi\u010ds, piedaloties ar\u012b ES Vesel\u012bbas un dz\u012bvnieku labtur\u012bbas komis\u0101ram Oliv\u0113ram V\u0101rheji. T\u0101s laik\u0101 tiks p\u0101rrun\u0101ta lauksaimniec\u012bbas un p\u0101rtikas nodro\u0161in\u0101juma n\u0101kotne Eirop\u0101 un sagaid\u0101m\u0101 ES r\u012bc\u012bba 2026. gad\u0101, \u0146emot v\u0113r\u0101 protestu laik\u0101 paust\u0101s ba\u017eas. K\u0101 galven\u0101s sarunu t\u0113mas izvirz\u012btas darb\u012bbas un pas\u0101kumi, lai nodro\u0161in\u0101tu vienl\u012bdz\u012bg\u0101kus konkurences apst\u0101k\u013cus pasaul\u0113, tostarp lab\u0101k saska\u0146ojot ra\u017eo\u0161anas standartus un pastiprinot importa kontroli, k\u0101 ar\u012b Kop\u0113j\u0101s lauksaimniec\u012bbas politikas (KLP) n\u0101kotne p\u0113c 2027. gada.<\/p>\n<p>Zemkop\u012bbas ministrs jau vair\u0101kk\u0101rt, tiekoties ar augsta l\u012bme\u0146a ES amatperson\u0101m ir nor\u0101d\u012bjis, ka Latvija neatbalsta KLP iek\u013cau\u0161anu vienot\u0101 valstu un re\u0123ionu partner\u012bbas pl\u0101n\u0101 un fond\u0101, jo tas mazin\u0101s lauksaimniec\u012bbas un p\u0101rtikas ra\u017eo\u0161anas nozares strat\u0113\u0123isko noz\u012bmi un apdraud\u0113s iesp\u0113jas sniegt stabilu atbalstu lauksaimniekiem. Latvijai ir svar\u012bgi, lai finans\u0113jums strat\u0113\u0123iski svar\u012bgajai nozarei \u2013 lauksaimniec\u012bbai netiktu samazin\u0101ts un lai tiktu iev\u0113rota konsekvence ce\u013c\u0101 uz lauksaimniec\u012bbas politikas vienk\u0101r\u0161o\u0161anu.<\/p>\n<p>Savuk\u0101rt, lai nodro\u0161in\u0101tu ES lauksaimnieku konkur\u0113tsp\u0113ju, svar\u012bgi, lai tirdzniec\u012bbas nol\u012bgumos tiktu ietverti nosac\u012bjumi par ES import\u0113to tre\u0161o valstu lauksaimniec\u012bbas produktu atbilst\u012bbu l\u012bdzv\u0113rt\u012bgiem standartiem, k\u0101di ir noteikti ES vienotaj\u0101 tirg\u016b.<\/p>\n<p>          <img decoding=\"async\" src=\"https:\/\/www.europesays.com\/lv\/wp-content\/uploads\/2026\/01\/1767645852_487_logo-lv.png\" alt=\"\"\/><\/p>\n<p>                  \u0160\u012b inform\u0101cija ir publisks pazi\u0146ojums un neatspogu\u013co LV port\u0101la viedokli. Par t\u0101s saturu atbild ies\u016bt\u012bt\u0101js. <a data-popup=\"rules\">Public\u0113\u0161anas noteikumi<\/a><\/p>\n","protected":false},"excerpt":{"rendered":"Zemkop\u012bbas ministrs Armands Krauze tre\u0161dien, 7. janv\u0101r\u012b, Brisel\u0113, Be\u013c\u0123ij\u0101, piedal\u012bsies Eiropas Savien\u012bbas lauksaimniec\u012bbas ministru \u0101rk\u0101rtas san\u0101ksm\u0113 par ES&hellip;\n","protected":false},"author":2,"featured_media":95583,"comment_status":"","ping_status":"","sticky":false,"template":"","format":"standard","meta":{"footnotes":""},"categories":[5],"tags":[23,28,29,32,33,22,30,31,35,39,38,36,37,34,40,20,26,27,24,25,21],"class_list":{"0":"post-96634","1":"post","2":"type-post","3":"status-publish","4":"format-standard","5":"has-post-thumbnail","7":"category-aktualitates","8":"tag-aktualitates","9":"tag-breaking-news","10":"tag-breakingnews","11":"tag-featured-news","12":"tag-featurednews","13":"tag-headlines","14":"tag-latest-news","15":"tag-latestnews","16":"tag-latvia","17":"tag-latvian","18":"tag-latviesu","19":"tag-latviesu-valoda","20":"tag-latviesuvaloda","21":"tag-latvija","22":"tag-lv","23":"tag-news","24":"tag-popularakas-zinas","25":"tag-popularakaszinas","26":"tag-top-stories","27":"tag-topstories","28":"tag-zinas"},"share_on_mastodon":{"url":"https:\/\/pubeurope.com\/@lv\/115850465949355181","error":""},"_links":{"self":[{"href":"https:\/\/www.europesays.com\/lv\/wp-json\/wp\/v2\/posts\/96634","targetHints":{"allow":["GET"]}}],"collection":[{"href":"https:\/\/www.europesays.com\/lv\/wp-json\/wp\/v2\/posts"}],"about":[{"href":"https:\/\/www.europesays.com\/lv\/wp-json\/wp\/v2\/types\/post"}],"author":[{"embeddable":true,"href":"https:\/\/www.europesays.com\/lv\/wp-json\/wp\/v2\/users\/2"}],"replies":[{"embeddable":true,"href":"https:\/\/www.europesays.com\/lv\/wp-json\/wp\/v2\/comments?post=96634"}],"version-history":[{"count":0,"href":"https:\/\/www.europesays.com\/lv\/wp-json\/wp\/v2\/posts\/96634\/revisions"}],"wp:featuredmedia":[{"embeddable":true,"href":"https:\/\/www.europesays.com\/lv\/wp-json\/wp\/v2\/media\/95583"}],"wp:attachment":[{"href":"https:\/\/www.europesays.com\/lv\/wp-json\/wp\/v2\/media?parent=96634"}],"wp:term":[{"taxonomy":"category","embeddable":true,"href":"https:\/\/www.europesays.com\/lv\/wp-json\/wp\/v2\/categories?post=96634"},{"taxonomy":"post_tag","embeddable":true,"href":"https:\/\/www.europesays.com\/lv\/wp-json\/wp\/v2\/tags?post=96634"}],"curies":[{"name":"wp","href":"https:\/\/api.w.org\/{rel}","templated":true}]}}