{"id":96637,"date":"2026-01-06T22:34:07","date_gmt":"2026-01-06T22:34:07","guid":{"rendered":"https:\/\/www.europesays.com\/lv\/96637\/"},"modified":"2026-01-06T22:34:07","modified_gmt":"2026-01-06T22:34:07","slug":"video-%e2%9f%a9-dreimani-parsteidz-zagara-riciba-aktrisi-meginats-piespiest-pamest-dailes-teatri","status":"publish","type":"post","link":"https:\/\/www.europesays.com\/lv\/96637\/","title":{"rendered":"VIDEO \u27e9 Dreimani p\u0101rsteidz \u017dagara r\u012bc\u012bba \u2013 aktrisi m\u0113\u0123in\u0101ts piespiest pamest Dailes te\u0101tri"},"content":{"rendered":"<p>&#8220;Gads ir ies\u0101cies \u013coti specifiski,&#8221; teic Dreimane, kura sa\u0146\u0113musi zi\u0146u no Dailes te\u0101tra direktora Jura \u017dagara ar aicin\u0101jumu uz sarunu.<\/p>\n<p>Dreimane teic, ka sarunas laik\u0101 vi\u0146a tikusi inform\u0113ta par \u0161tatu samazin\u0101\u0161anu.<\/p>\n<p>Aktrise apgalvo, ka nost\u0101d\u012bta izv\u0113les priek\u0161\u0101 &#8211; vai nu vi\u0146a paraksta vieno\u0161anos un pati dodas prom vai te\u0101tris samazina vi\u0146as \u0161tata vietu un notiek atlai\u0161anas proced\u016bra.<\/p>\n<p>Dreimane nor\u0101da, ka &#8220;piespiedu k\u0101rt\u0101 parakst\u012bjusi&#8221; pazi\u0146ojumu par darba tiesisko attiec\u012bbu p\u0101rtrauk\u0161anu.<\/p>\n<p>&#8220;Man ir liels sa\u0161utums par \u0161\u0101du Jura l\u0113mumu. (..) Es sazin\u0101jos ar savu juristu un m\u0113s risin\u0101sim \u0161o jaut\u0101jumu likumiski, caursp\u012bd\u012bgi, k\u0101 to paredz proced\u016bra, jo es p\u0101rst\u0101vu profesion\u0101lu te\u0101tra trad\u012bciju, kur \u0161tata attiec\u012bbas noz\u012bm\u0113 kvalit\u0101ti, lojalit\u0101ti un atbild\u012bbu,&#8221; saviem sekot\u0101jiem pau\u017e Dreimane.<\/p>\n<p>T\u0101pat Dreimane savam video pievienojusi ierakstu, liekot noprast, ka no te\u0101tra atlaisti ar\u012b citi \u0161tata aktieri.<\/p>\n","protected":false},"excerpt":{"rendered":"&#8220;Gads ir ies\u0101cies \u013coti specifiski,&#8221; teic Dreimane, kura sa\u0146\u0113musi zi\u0146u no Dailes te\u0101tra direktora Jura \u017dagara ar aicin\u0101jumu&hellip;\n","protected":false},"author":2,"featured_media":96638,"comment_status":"","ping_status":"","sticky":false,"template":"","format":"standard","meta":{"footnotes":""},"categories":[19],"tags":[454,89,90,35,39,38,36,37,34,3714,40,264],"class_list":{"0":"post-96637","1":"post","2":"type-post","3":"status-publish","4":"format-standard","5":"has-post-thumbnail","7":"category-izklaide","8":"tag-dailes-teatris","9":"tag-entertainment","10":"tag-izklaide","11":"tag-latvia","12":"tag-latvian","13":"tag-latviesu","14":"tag-latviesu-valoda","15":"tag-latviesuvaloda","16":"tag-latvija","17":"tag-lelde-dreimane","18":"tag-lv","19":"tag-skandals"},"share_on_mastodon":{"url":"https:\/\/pubeurope.com\/@lv\/115850540649492190","error":""},"_links":{"self":[{"href":"https:\/\/www.europesays.com\/lv\/wp-json\/wp\/v2\/posts\/96637","targetHints":{"allow":["GET"]}}],"collection":[{"href":"https:\/\/www.europesays.com\/lv\/wp-json\/wp\/v2\/posts"}],"about":[{"href":"https:\/\/www.europesays.com\/lv\/wp-json\/wp\/v2\/types\/post"}],"author":[{"embeddable":true,"href":"https:\/\/www.europesays.com\/lv\/wp-json\/wp\/v2\/users\/2"}],"replies":[{"embeddable":true,"href":"https:\/\/www.europesays.com\/lv\/wp-json\/wp\/v2\/comments?post=96637"}],"version-history":[{"count":0,"href":"https:\/\/www.europesays.com\/lv\/wp-json\/wp\/v2\/posts\/96637\/revisions"}],"wp:featuredmedia":[{"embeddable":true,"href":"https:\/\/www.europesays.com\/lv\/wp-json\/wp\/v2\/media\/96638"}],"wp:attachment":[{"href":"https:\/\/www.europesays.com\/lv\/wp-json\/wp\/v2\/media?parent=96637"}],"wp:term":[{"taxonomy":"category","embeddable":true,"href":"https:\/\/www.europesays.com\/lv\/wp-json\/wp\/v2\/categories?post=96637"},{"taxonomy":"post_tag","embeddable":true,"href":"https:\/\/www.europesays.com\/lv\/wp-json\/wp\/v2\/tags?post=96637"}],"curies":[{"name":"wp","href":"https:\/\/api.w.org\/{rel}","templated":true}]}}