{"id":96645,"date":"2026-01-06T22:45:28","date_gmt":"2026-01-06T22:45:28","guid":{"rendered":"https:\/\/www.europesays.com\/lv\/96645\/"},"modified":"2026-01-06T22:45:28","modified_gmt":"2026-01-06T22:45:28","slug":"jaunakas-prognozes-7-dienam-liek-sarosities-vai-mus-sagaida-pirmais-20-gradu-rekords","status":"publish","type":"post","link":"https:\/\/www.europesays.com\/lv\/96645\/","title":{"rendered":"Jaun\u0101k\u0101s prognozes 7 dien\u0101m liek saros\u012bties \u2013 vai m\u016bs sagaida pirmais -20 gr\u0101du rekords"},"content":{"rendered":"<p><img loading=\"lazy\" decoding=\"async\" class=\"lazy lazy-hidden alignnone wp-image-114771\" src=\"data:image\/gif;base64,R0lGODlhAQABAIAAAAAAAP\/\/\/yH5BAEAAAAALAAAAAABAAEAAAIBRAA7\" data-lazy-type=\"image\" data-lazy-src=\"https:\/\/www.europesays.com\/lv\/wp-content\/uploads\/2026\/01\/Vetra.jpg\" alt=\"\" width=\"907\" height=\"510\" data-lazy- data-lazy-\/><\/p>\n<p>Jaunais gads Latvij\u0101 ies\u0101cies ar izteikti ziem\u012bgiem laikapst\u0101k\u013ciem \u2013 valsti p\u0101r\u0146\u0113musi notur\u012bga sniega sega un j\u016btams sals.<\/p>\n<p>Ar\u012b turpm\u0101kaj\u0101s dien\u0101s ziemas raksturs nemain\u012bsies: n\u0101kamaj\u0101 ned\u0113\u013c\u0101 saglab\u0101sies auksts laiks, turkl\u0101t sals pak\u0101peniski pastiprin\u0101sies. Ned\u0113\u013cas pirmaj\u0101 pus\u0113 daudzviet gaisa temperat\u016bra pazemin\u0101sies l\u012bdz \u20138\u2026\u201310 gr\u0101diem, savuk\u0101rt ned\u0113\u013cas otraj\u0101 pus\u0113 atsevi\u0161\u0137os rajonos iesp\u0113jams v\u0113l barg\u0101ks aukstums \u2013 viet\u0101m termometra stabi\u0146\u0161 var pietuvoties pat \u201320 gr\u0101du atz\u012bmei.<\/p>\n<p>Tas raisa jaut\u0101jumu \u2013 vai piedz\u012bvosim \u0161\u012bs ziemas pirmo \u201320 gr\u0101du salu? Sinopti\u0137i jau publiskoju\u0161i jaun\u0101k\u0101s septi\u0146u dienu prognozes. Dienas p\u0101rsvar\u0101 b\u016bs m\u0101ko\u0146ainas, tom\u0113r br\u012b\u017eiem m\u0101ko\u0146u sega var k\u013c\u016bt pl\u0101n\u0101ka.<\/p>\n<p><img loading=\"lazy\" decoding=\"async\" class=\"lazy lazy-hidden alignnone size-full wp-image-120494\" src=\"data:image\/gif;base64,R0lGODlhAQABAIAAAAAAAP\/\/\/yH5BAEAAAAALAAAAAABAAEAAAIBRAA7\" data-lazy-type=\"image\" data-lazy-src=\"https:\/\/www.europesays.com\/lv\/wp-content\/uploads\/2026\/01\/Vetras.jpg\" alt=\"\" width=\"818\" height=\"499\" data-lazy- data-lazy-\/><\/p>\n<blockquote class=\"wp-embedded-content\" data-secret=\"wkTUERNiul\">\n<p><a href=\"https:\/\/spogulis.baltic-course.com\/astrologu-prognoze-tris-zodiaka-zimes-kuram-somenes-gaidams-liels-finansials-uzplaukums\/166055\" rel=\"nofollow noopener\" target=\"_blank\">Astrologu prognoze: Tr\u012bs zodiaka z\u012bmes, kur\u0101m \u0161om\u0113nes gaid\u0101ms liels finansi\u0101ls uzplaukums<\/a><\/p>\n<\/blockquote>\n<p><img decoding=\"async\" src=\"data:image\/gif;base64,R0lGODlhAQABAIAAAAAAAP\/\/\/yH5BAEAAAAALAAAAAABAAEAAAIBRAA7\" class=\"lazy lazy-hidden\" data-lazy-type=\"iframe\" data-lazy-src=\"&lt;iframe loading=&quot;lazy&quot; class=&quot;wp-embedded-content&quot; sandbox=&quot;allow-scripts&quot; security=&quot;restricted&quot; style=&quot;position: absolute; visibility: hidden;&quot; title=&quot;\u201cAstrologu prognoze: Tr\u012bs zodiaka z\u012bmes, kur\u0101m \u0161om\u0113nes gaid\u0101ms liels finansi\u0101ls uzplaukums\u201d \u2014 Spogulis&quot; src=&quot;https:\/\/spogulis.baltic-course.com\/astrologu-prognoze-tris-zodiaka-zimes-kuram-somenes-gaidams-liels-finansials-uzplaukums\/166055\/embed#?secret=syu78CEkoT#?secret=wkTUERNiul&quot; data-secret=&quot;wkTUERNiul&quot; width=&quot;600&quot; height=&quot;338&quot; frameborder=&quot;0&quot; marginwidth=&quot;0&quot; marginheight=&quot;0&quot; scrolling=&quot;no&quot;&gt;&lt;\/iframe&gt;\" alt=\"\"\/><\/p>\n<p><a href=\"https:\/\/spogulis.baltic-course.com\/700-eiro-menesi-edienam-ir-pilnigs-sviests-davis-rada-ka-ieklauties-200-eiro-budzeta\/166072\" rel=\"nofollow noopener\" target=\"_blank\"><img class=\"lazy lazy-hidden\" decoding=\"async\" src=\"data:image\/gif;base64,R0lGODlhAQABAIAAAAAAAP\/\/\/yH5BAEAAAAALAAAAAABAAEAAAIBRAA7\" data-lazy-type=\"image\" data-lazy-src=\"https:\/\/www.europesays.com\/lv\/wp-content\/uploads\/2026\/01\/Ediens.jpg\" data-lazy- alt=\"700 Eiro m\u0113nes\u012b \u0113dienam ir piln\u012bgs sviests!\u201d D\u0101vis r\u0101da, k\u0101 iek\u013cauties 200 eiro bud\u017eet\u0101\"\/><\/a>\u0160obr\u012bd aktu\u0101li<a class=\"monsterinsights-inline-popular-posts-title\" href=\"https:\/\/spogulis.baltic-course.com\/700-eiro-menesi-edienam-ir-pilnigs-sviests-davis-rada-ka-ieklauties-200-eiro-budzeta\/166072\" rel=\"nofollow noopener\" target=\"_blank\">700 Eiro m\u0113nes\u012b \u0113dienam ir piln\u012bgs sviests!\u201d D\u0101vis r\u0101da, k\u0101 iek\u013cauties 200 eiro bud\u017eet\u0101<\/a><\/p>\n<p>Atsevi\u0161\u0137os re\u0123ionos gaid\u0101ma snig\u0161ana, kas viet\u0101m palielin\u0101s sniega segas biezumu v\u0113l par vair\u0101kiem centimetriem. Latvijas Vides, \u0123eolo\u0123ijas un meteorolo\u0123ijas centrs nor\u0101da, ka b\u016btiski nokri\u0161\u0146i nav gaid\u0101mi, tom\u0113r ziem\u012bg\u0101 saj\u016bta saglab\u0101sies vis\u0101 valst\u012b.<\/p>\n<p>Otrdienas nakt\u012b snigs daudzviet Latvij\u0101, bet dienas laik\u0101 sniegs saglab\u0101sies galvenok\u0101rt austrumu rajonos. P\u016bt\u012bs l\u0113ns l\u012bdz m\u0113rens dienvidaustrumu un austrumu v\u0113j\u0161, kas b\u016btiski nepastiprin\u0101s aukstuma saj\u016btu, tom\u0113r skaidr\u0101k\u0101s nakt\u012bs sals var k\u013c\u016bt j\u016btam\u0101ks.<\/p>\n<p>Gaisa temperat\u016bra gan nakt\u012b, gan dien\u0101 liel\u0101koties b\u016bs \u20132\u2026\u20137 gr\u0101du robe\u017e\u0101s, ta\u010du viet\u0101m, \u012bpa\u0161i zieme\u013crietumu rajonos, kur debesis uz br\u012bdi skaidrosies, temperat\u016bra nakt\u012b var nosl\u012bd\u0113t l\u012bdz pat \u201310 gr\u0101diem.<\/p>\n<p><img loading=\"lazy\" decoding=\"async\" class=\"lazy lazy-hidden alignnone size-full wp-image-120997\" src=\"data:image\/gif;base64,R0lGODlhAQABAIAAAAAAAP\/\/\/yH5BAEAAAAALAAAAAABAAEAAAIBRAA7\" data-lazy-type=\"image\" data-lazy-src=\"https:\/\/www.europesays.com\/lv\/wp-content\/uploads\/2026\/01\/1767739526_460_Vetra.jpg\" alt=\"\" width=\"818\" height=\"544\" data-lazy- data-lazy-\/><\/p>\n<p><a href=\"https:\/\/spogulis.baltic-course.com\/cela-uz-labklajibu-volodina-nosauc-5-zodiaka-zimes-kuras-2026-gada-var-piedzivot-negaiditu-uzplaukumu\/166121\" rel=\"nofollow noopener\" target=\"_blank\"><img class=\"lazy lazy-hidden\" decoding=\"async\" src=\"data:image\/gif;base64,R0lGODlhAQABAIAAAAAAAP\/\/\/yH5BAEAAAAALAAAAAABAAEAAAIBRAA7\" data-lazy-type=\"image\" data-lazy-src=\"https:\/\/www.europesays.com\/lv\/wp-content\/uploads\/2026\/01\/vasiljija.jpg\" data-lazy- alt=\"Ce\u013c\u0101 uz labkl\u0101j\u012bbu: Volodina nosauc 5 zodiaka z\u012bmes, kuras 2026. gad\u0101 var piedz\u012bvot negaid\u012btu uzplaukumu\"\/><\/a>\u0160obr\u012bd aktu\u0101li<a class=\"monsterinsights-inline-popular-posts-title\" href=\"https:\/\/spogulis.baltic-course.com\/cela-uz-labklajibu-volodina-nosauc-5-zodiaka-zimes-kuras-2026-gada-var-piedzivot-negaiditu-uzplaukumu\/166121\" rel=\"nofollow noopener\" target=\"_blank\">Ce\u013c\u0101 uz labkl\u0101j\u012bbu: Volodina nosauc 5 zodiaka z\u012bmes, kuras 2026. gad\u0101 var piedz\u012bvot negaid\u012btu uzplaukumu<\/a><\/p>\n<p>\u00a0<\/p>\n<p>Tre\u0161dien laikapst\u0101k\u013cus Latvij\u0101 noteiks p\u0101rsvar\u0101 apm\u0101cies laiks. Nakts stund\u0101s sniegs gaid\u0101ms daudzviet valst\u012b, radot papildu sniega segas pieaugumu, savuk\u0101rt dienas laik\u0101 nokri\u0161\u0146i b\u016bs maz\u0101k izplat\u012bti un snig\u0161ana prognoz\u0113ta galvenok\u0101rt atsevi\u0161\u0137os rietumu rajonos.<\/p>\n<p>V\u0113j\u0161 saglab\u0101sies l\u0113ns l\u012bdz m\u0113rens, p\u016bt\u012bs no dienvidu puses un b\u016btisku ietekmi uz laikapst\u0101k\u013cu raksturu neatst\u0101s.<\/p>\n<p>Gaisa temperat\u016bra nakt\u012b pazemin\u0101sies l\u012bdz \u20134\u2026\u20139 gr\u0101diem, un ar\u012b dien\u0101 saglab\u0101sies l\u012bdz\u012bgs aukstums \u2013 liel\u0101kaj\u0101 valsts da\u013c\u0101 termometra stabi\u0146\u0161 nepak\u0101psies augst\u0101k par \u20133\u2026\u20137 gr\u0101diem. Nedaudz maig\u0101ki laikapst\u0101k\u013ci gaid\u0101mi Kurzemes piekrast\u0113, kur diennakts gai\u0161aj\u0101 laik\u0101, j\u016bras tuvuma ietekm\u0113, b\u016bs sal\u012bdzino\u0161i silt\u0101ks \u2013 temperat\u016bra tur sv\u0101rst\u012bsies ap \u20131\u2026\u20133 gr\u0101diem. Kopum\u0101 tre\u0161dien saglab\u0101sies notur\u012bgs ziem\u012bgs sals un apm\u0101cies laiks.<\/p>\n<p>Ned\u0113\u013cas otraj\u0101 pus\u0113 Latvij\u0101 arvien liel\u0101ku ietekmi ieg\u016bs augsta atmosf\u0113ras spiediena apgabals, kas nes\u012bs stabil\u0101kus laikapst\u0101k\u013cus. L\u012bdz ar to nokri\u0161\u0146u daudzums pak\u0101peniski samazin\u0101sies, un snig\u0161ana k\u013c\u016bs reti sastopama. Atsevi\u0161\u0137\u0101s dien\u0101s m\u0101ko\u0146u sega k\u013c\u016bs pl\u0101n\u0101ka, debesis bie\u017e\u0101k skaidrosies un uzsp\u012bd\u0113s ar\u012b saule, \u012bpa\u0161i zin\u0101m\u0101s stund\u0101s dienas laik\u0101.<\/p>\n<p>Tom\u0113r l\u012bdz ar skaidr\u0101ku laiku gaid\u0101ms ar\u012b izteikt\u0101ks sals. Gaisa temperat\u016bra, sal\u012bdzinot ar ned\u0113\u013cas pirmo pusi, pazemin\u0101sies v\u0113l par vair\u0101kiem gr\u0101diem, un nakt\u012bs aukstums k\u013c\u016bs j\u016btam\u0101ks. \u0160\u0101dos apst\u0101k\u013cos past\u0101v liel\u0101ka iesp\u0113jam\u012bba, ka atsevi\u0161\u0137os re\u0123ionos tiks sasniegtas ar\u012b \u012bpa\u0161i zemas temperat\u016bras, pastiprinot ziemas raksturu vis\u0101 valst\u012b.<\/p>\n<p><a href=\"https:\/\/spogulis.baltic-course.com\/astrologu-prognoze-tris-zodiaka-zimes-kuram-somenes-gaidams-liels-finansials-uzplaukums\/166055\" rel=\"nofollow noopener\" target=\"_blank\"><img class=\"lazy lazy-hidden\" decoding=\"async\" src=\"data:image\/gif;base64,R0lGODlhAQABAIAAAAAAAP\/\/\/yH5BAEAAAAALAAAAAABAAEAAAIBRAA7\" data-lazy-type=\"image\" data-lazy-src=\"https:\/\/www.europesays.com\/lv\/wp-content\/uploads\/2026\/01\/Naudins.jpg\" data-lazy- alt=\"Astrologu prognoze: Tr\u012bs zodiaka z\u012bmes, kur\u0101m \u0161om\u0113nes gaid\u0101ms liels finansi\u0101ls uzplaukums\"\/><\/a>\u0160obr\u012bd aktu\u0101li<a class=\"monsterinsights-inline-popular-posts-title\" href=\"https:\/\/spogulis.baltic-course.com\/astrologu-prognoze-tris-zodiaka-zimes-kuram-somenes-gaidams-liels-finansials-uzplaukums\/166055\" rel=\"nofollow noopener\" target=\"_blank\">Astrologu prognoze: Tr\u012bs zodiaka z\u012bmes, kur\u0101m \u0161om\u0113nes gaid\u0101ms liels finansi\u0101ls uzplaukums<\/a><\/p>\n","protected":false},"excerpt":{"rendered":"Jaunais gads Latvij\u0101 ies\u0101cies ar izteikti ziem\u012bgiem laikapst\u0101k\u013ciem \u2013 valsti p\u0101r\u0146\u0113musi notur\u012bga sniega sega un j\u016btams sals. Ar\u012b&hellip;\n","protected":false},"author":2,"featured_media":96646,"comment_status":"","ping_status":"","sticky":false,"template":"","format":"standard","meta":{"footnotes":""},"categories":[5],"tags":[23,28,29,32,33,22,30,31,35,39,38,36,37,34,40,20,26,27,24,25,21],"class_list":{"0":"post-96645","1":"post","2":"type-post","3":"status-publish","4":"format-standard","5":"has-post-thumbnail","7":"category-aktualitates","8":"tag-aktualitates","9":"tag-breaking-news","10":"tag-breakingnews","11":"tag-featured-news","12":"tag-featurednews","13":"tag-headlines","14":"tag-latest-news","15":"tag-latestnews","16":"tag-latvia","17":"tag-latvian","18":"tag-latviesu","19":"tag-latviesu-valoda","20":"tag-latviesuvaloda","21":"tag-latvija","22":"tag-lv","23":"tag-news","24":"tag-popularakas-zinas","25":"tag-popularakaszinas","26":"tag-top-stories","27":"tag-topstories","28":"tag-zinas"},"share_on_mastodon":{"url":"https:\/\/pubeurope.com\/@lv\/115850583914150653","error":""},"_links":{"self":[{"href":"https:\/\/www.europesays.com\/lv\/wp-json\/wp\/v2\/posts\/96645","targetHints":{"allow":["GET"]}}],"collection":[{"href":"https:\/\/www.europesays.com\/lv\/wp-json\/wp\/v2\/posts"}],"about":[{"href":"https:\/\/www.europesays.com\/lv\/wp-json\/wp\/v2\/types\/post"}],"author":[{"embeddable":true,"href":"https:\/\/www.europesays.com\/lv\/wp-json\/wp\/v2\/users\/2"}],"replies":[{"embeddable":true,"href":"https:\/\/www.europesays.com\/lv\/wp-json\/wp\/v2\/comments?post=96645"}],"version-history":[{"count":0,"href":"https:\/\/www.europesays.com\/lv\/wp-json\/wp\/v2\/posts\/96645\/revisions"}],"wp:featuredmedia":[{"embeddable":true,"href":"https:\/\/www.europesays.com\/lv\/wp-json\/wp\/v2\/media\/96646"}],"wp:attachment":[{"href":"https:\/\/www.europesays.com\/lv\/wp-json\/wp\/v2\/media?parent=96645"}],"wp:term":[{"taxonomy":"category","embeddable":true,"href":"https:\/\/www.europesays.com\/lv\/wp-json\/wp\/v2\/categories?post=96645"},{"taxonomy":"post_tag","embeddable":true,"href":"https:\/\/www.europesays.com\/lv\/wp-json\/wp\/v2\/tags?post=96645"}],"curies":[{"name":"wp","href":"https:\/\/api.w.org\/{rel}","templated":true}]}}