{"id":96650,"date":"2026-01-06T23:14:11","date_gmt":"2026-01-06T23:14:11","guid":{"rendered":"https:\/\/www.europesays.com\/lv\/96650\/"},"modified":"2026-01-06T23:14:11","modified_gmt":"2026-01-06T23:14:11","slug":"izglitibas-kvalitates-un-pieejamibas-stiprinasanai-sogad-iezimeti-vairak-neka-258-miljoni-eiro","status":"publish","type":"post","link":"https:\/\/www.europesays.com\/lv\/96650\/","title":{"rendered":"Izgl\u012bt\u012bbas kvalit\u0101tes un pieejam\u012bbas stiprin\u0101\u0161anai \u0161ogad iez\u012bm\u0113ti vair\u0101k nek\u0101 258 miljoni eiro"},"content":{"rendered":"<p>B\u016btiska da\u013ca finans\u0113juma paredz\u0113ta pedagogu darba samaksai, piln\u0101 apm\u0113r\u0101 ievie\u0161ot finans\u0113\u0161anas modeli &#8220;Programma skol\u0101&#8221;. Pedagogu atalgojumam 2026. gad\u0101 pl\u0101noti papildu 45 miljoni eiro, savuk\u0101rt vald\u012bb\u0101 apstiprin\u0101ts ar\u012b algu pieauguma grafiks l\u012bdz 2030. gadam.<\/p>\n<p>Vienlaikus turpin\u0101s ieguld\u012bjumi pedagogu profesion\u0101laj\u0101 pilnveid\u0113, tostarp metodisk\u0101 atbalsta sist\u0113mas izveid\u0113, jauno pedagogu piesaist\u0113 un mentoru programm\u0101s. Atbalsts paredz\u0113ts ar\u012b skol\u0113nu labb\u016bt\u012bbas veicin\u0101\u0161anai, soci\u0101l\u0101s atstumt\u012bbas mazin\u0101\u0161anai un vardarb\u012bbas prevencijai izgl\u012bt\u012bbas iest\u0101d\u0113s.<\/p>\n<p>Skol\u0113niem ar \u012bpa\u0161\u0101m vajadz\u012bb\u0101m tiks nodro\u0161in\u0101ti asist\u012bvie pakalpojumi un tehnolo\u0123ijas, savuk\u0101rt izgl\u012bt\u012bbas infrastrukt\u016bras att\u012bst\u012bbai paredz\u0113ti vair\u0101k nek\u0101 110 miljoni eiro. Papildu 39,5 miljoni eiro pl\u0101noti digit\u0101l\u0101s plaisas mazin\u0101\u0161anai, nodro\u0161inot skol\u0101m un skol\u0113niem datortehniku un interneta pieejam\u012bbu.<\/p>\n<p>T\u0101pat pl\u0101nots att\u012bst\u012bt izgl\u012bt\u012bbas kvalit\u0101tes monitoringa sist\u0113mu un nodro\u0161in\u0101t Latvijas dal\u012bba starptautiskos izgl\u012bt\u012bbas p\u0113t\u012bjumos, lai sal\u012bdzin\u0101tu skol\u0113nu sasniegumus un uzlabotu izgl\u012bt\u012bbas politiku.<\/p>\n","protected":false},"excerpt":{"rendered":"B\u016btiska da\u013ca finans\u0113juma paredz\u0113ta pedagogu darba samaksai, piln\u0101 apm\u0113r\u0101 ievie\u0161ot finans\u0113\u0161anas modeli &#8220;Programma skol\u0101&#8221;. Pedagogu atalgojumam 2026. gad\u0101&hellip;\n","protected":false},"author":2,"featured_media":96651,"comment_status":"","ping_status":"","sticky":false,"template":"","format":"standard","meta":{"footnotes":""},"categories":[12],"tags":[23,28,29,47,32,33,22,381,64,30,31,35,39,38,36,37,34,40,20,385,26,27,172,382,384,383,24,25,21],"class_list":{"0":"post-96650","1":"post","2":"type-post","3":"status-publish","4":"format-standard","5":"has-post-thumbnail","7":"category-latvija","8":"tag-aktualitates","9":"tag-breaking-news","10":"tag-breakingnews","11":"tag-ekonomika","12":"tag-featured-news","13":"tag-featurednews","14":"tag-headlines","15":"tag-jaunumi","16":"tag-kultura","17":"tag-latest-news","18":"tag-latestnews","19":"tag-latvia","20":"tag-latvian","21":"tag-latviesu","22":"tag-latviesu-valoda","23":"tag-latviesuvaloda","24":"tag-latvija","25":"tag-lv","26":"tag-news","27":"tag-pieriga","28":"tag-popularakas-zinas","29":"tag-popularakaszinas","30":"tag-riga","31":"tag-sabiedriba","32":"tag-sludinajumi","33":"tag-sports-afisa","34":"tag-top-stories","35":"tag-topstories","36":"tag-zinas"},"share_on_mastodon":{"url":"https:\/\/pubeurope.com\/@lv\/115850697902148054","error":""},"_links":{"self":[{"href":"https:\/\/www.europesays.com\/lv\/wp-json\/wp\/v2\/posts\/96650","targetHints":{"allow":["GET"]}}],"collection":[{"href":"https:\/\/www.europesays.com\/lv\/wp-json\/wp\/v2\/posts"}],"about":[{"href":"https:\/\/www.europesays.com\/lv\/wp-json\/wp\/v2\/types\/post"}],"author":[{"embeddable":true,"href":"https:\/\/www.europesays.com\/lv\/wp-json\/wp\/v2\/users\/2"}],"replies":[{"embeddable":true,"href":"https:\/\/www.europesays.com\/lv\/wp-json\/wp\/v2\/comments?post=96650"}],"version-history":[{"count":0,"href":"https:\/\/www.europesays.com\/lv\/wp-json\/wp\/v2\/posts\/96650\/revisions"}],"wp:featuredmedia":[{"embeddable":true,"href":"https:\/\/www.europesays.com\/lv\/wp-json\/wp\/v2\/media\/96651"}],"wp:attachment":[{"href":"https:\/\/www.europesays.com\/lv\/wp-json\/wp\/v2\/media?parent=96650"}],"wp:term":[{"taxonomy":"category","embeddable":true,"href":"https:\/\/www.europesays.com\/lv\/wp-json\/wp\/v2\/categories?post=96650"},{"taxonomy":"post_tag","embeddable":true,"href":"https:\/\/www.europesays.com\/lv\/wp-json\/wp\/v2\/tags?post=96650"}],"curies":[{"name":"wp","href":"https:\/\/api.w.org\/{rel}","templated":true}]}}