{"id":96652,"date":"2026-01-06T23:20:13","date_gmt":"2026-01-06T23:20:13","guid":{"rendered":"https:\/\/www.europesays.com\/lv\/96652\/"},"modified":"2026-01-06T23:20:13","modified_gmt":"2026-01-06T23:20:13","slug":"uz-ukrainu-suta-jau-otro-latvija-razoto-bezpilota-udens-dronu-raksts","status":"publish","type":"post","link":"https:\/\/www.europesays.com\/lv\/96652\/","title":{"rendered":"Uz Ukrainu s\u016bta jau otro Latvij\u0101 ra\u017eoto bezpilota \u016bdens dronu \/ Raksts"},"content":{"rendered":"<p>\n                        \u0160odien, 12:55                    <\/p>\n<p>\n                            Papildin\u0101ts \u0161odien, 13:59                        <\/p>\n<p>Labdar\u012bbas organiz\u0101cija &#8220;Ziedot.lv&#8221;\u00a0uz Ukrainu s\u016bta k\u0101rt\u0113jo pal\u012bdz\u012bbas kravu, un \u0161oreiz taj\u0101 ir iek\u013cauts jau otrais bezpilota \u016bdens drons. Tas ieg\u0101d\u0101ts par iedz\u012bvot\u0101ju un uz\u0146\u0113mumu ziedojumiem. Latvij\u0101 ra\u017eotais drons \u012bpa\u0161i piem\u0113rots kaujas apst\u0101k\u013ciem un var darboties piln\u012bb\u0101 autonomi. Pirms kravas nos\u016bt\u012b\u0161anas uz Ukrainu R\u012bgas br\u012bvostas laivu ielai\u0161anas viet\u0101 bija paredz\u0113ti ar\u012b drona demonstr\u0113jumi, tom\u0113r ledus d\u0113\u013c tie atcelti.<\/p>\n<p>Uz Ukrainu s\u016bta jau otro Latvij\u0101 ra\u017eoto bezpilota \u016bdens dronu<\/p>\n<p>J\u016bras drons ir krietni liel\u0101ks par klasiskiem gaisa droniem, jo tam nepiecie\u0161amas sare\u017e\u0123\u012bt\u0101kas tehnolo\u0123ijas. Tas izskat\u0101s p\u0113c nelielas laivas, kas apr\u012bkota ar\u012b ar kamer\u0101m. \u0160\u012b ier\u012bce ir \u012bpa\u0161i viegla un iztur\u012bga, jo korpuss veidots, izmantojot oglek\u013ca \u0161\u0137iedru.\u00a0<\/p>\n<p>            <img decoding=\"async\" src=\"https:\/\/www.europesays.com\/lv\/wp-content\/uploads\/2026\/01\/se7h.jpg\" alt=\"&quot;NEWT21&quot; \u016bdens drons\"\/><\/p>\n<p>&#8220;NEWT21&#8221; \u016bdens drons<\/p>\n<p>Foto: Ivans Milovs \/ Latvijas Telev\u012bzija<\/p>\n<\/p>\n<p>Ukrainas pal\u012bdz\u012bbas krav\u0101 \u0161\u0101ds drons iek\u013cauts jau otro reizi, tas ir piln\u012bb\u0101 projekt\u0113ts un ra\u017eots Latvij\u0101. <a href=\"https:\/\/www.lsm.lv\/raksts\/zinas\/latvija\/23.04.2025-uz-ukrainu-suta-palidzibas-kravu-pirmo-reizi-ari-latvija-razotu-juras-dronu.a596436\/\" class=\"lsm-link\" data-type=\"article\" data-id=\"596436\" rel=\"nofollow noopener\" target=\"_blank\">Gan pavasar\u012b<\/a>, gan tagad s\u016bt\u012bto dronu ra\u017eojis uz\u0146\u0113mums &#8220;NEWT21&#8221;, un t\u0101 vad\u012bt\u0101js J\u0101nis Garisons past\u0101st\u012bja, ka pavasar\u012b tika s\u016bt\u012bts katamar\u0101na tipa drons, bet \u0161is ir kaujas drons, kas vair\u0101k dom\u0101ts tie\u0161i nov\u0113ro\u0161anai.\u00a0<\/p>\n<blockquote>\n<p>\u0160is j\u016bras drons testa re\u017e\u012bm\u0101 ir jau veicis 100 kilometru distanci j\u016br\u0101, bet tas kopum\u0101 var pieveikt l\u012bdz 700 kilometru att\u0101lumu.\u00a0<\/p>\n<\/blockquote>\n<p>&#8220;Vi\u0146u var izmantot gan civiliem m\u0113r\u0137iem, kas ir robe\u017eas nov\u0113ro\u0161ana, gan sken\u0113t upes gultni, j\u016bras gultni, da\u017e\u0101dus sensorus. \u0160aj\u0101 gad\u012bjum\u0101 \u0161is drons ir sagatavots Ukrainas pal\u012bdz\u012bbai, Ukrainas bru\u0146otajiem sp\u0113kiem k\u0101 nov\u0113ro\u0161anas drons. Vi\u0146am ir diezgan augsta autonomijas pak\u0101pe. Attiec\u012bgi tu vari iekod\u0113t, un attiec\u012bgi drons izpild\u012bs visu misiju, nodos sign\u0101lus,&#8221; past\u0101st\u012bja Garisons.<\/p>\n<p>Dronu var vad\u012bt gan\u00a0autonomi, taj\u0101 var ieprogramm\u0113t misiju, gan ar\u012b att\u0101lin\u0101ti. Turkl\u0101t ar\u012b \u012bpa\u0161i sare\u017e\u0123\u012btos kaujas apst\u0101k\u013cos. T\u0101pat Garisons papildin\u0101ja, ka \u0161\u0101du dronu var izmantot ne vien milit\u0101raj\u0101 jom\u0101, bet ar\u012b \u016bde\u0146u p\u0113tniec\u012bbai.\u00a0<\/p>\n<p>Labdar\u012bbas organiz\u0101cijas &#8220;Ziedot.lv&#8221; vad\u012bt\u0101ja R\u016bta Dimanta nor\u0101d\u012bja, ka \u0161im j\u016bras dronam kopum\u0101 saziedoti vair\u0101k nek\u0101 100 000 eiro. Ukrainas puse jau ir apm\u0101c\u012bta \u0161\u012b drona lieto\u0161an\u0101 p\u0113rn\u0101 gada nogal\u0113.<\/p>\n<p>&#8220;Par saziedoto naudu \u0161is ir otrais j\u016bras drons, kas tiek nodots Ukrainai. Es teik\u0161u, ka tas ir noz\u012bm\u012bgi. Pirmk\u0101rt, ukrai\u0146i var izmantot m\u016bsu tehnolo\u0123ijas, lai aizst\u0101v\u0113tu savu valsti, bet, kas ne maz\u0101k svar\u012bgi \u2013 Latvijai ir liela j\u016bras robe\u017ea, kur m\u0113s redzam, ka Baltijas j\u016br\u0101 visu laiku notiek incidenti. Tas noz\u012bm\u0113, ka mums ar\u012b pa\u0161iem ir svar\u012bgi att\u012bst\u012bt \u0161\u0101das tehnolo\u0123ijas,&#8221; v\u0113rt\u0113ja Dimanta.<\/p>\n<p>P\u0113rn kopum\u0101 caur platformu &#8220;Ziedot.lv&#8221;\u00a0Ukrainai saziedoti vair\u0101k nek\u0101 6 miljoni eiro, no kuriem 4 miljoni ir tie\u0161i milit\u0101r\u0101 pal\u012bdz\u012bba.\u00a0<\/p>\n<p>T\u0101pat Dimanta nor\u0101d\u012bja, ka \u0161ogad ik m\u0113nesi pl\u0101nots s\u016bt\u012bt milit\u0101r\u0101s pal\u012bdz\u012bbas kravas Ukrainai vismaz 100 000 eiro v\u0113rt\u012bb\u0101.<\/p>\n<p>                    Valodas k\u013c\u016bda rakst\u0101?<\/p>\n<p class=\"d-none d-md-block\">Iez\u012bm\u0113jiet tekstu un spiediet Ctrl+Enter, lai nos\u016bt\u012btu labojamo teksta fragmentu redaktoram! Par faktu k\u013c\u016bd\u0101m l\u016bdzam zi\u0146ot e-past\u0101 <a href=\"https:\/\/www.lsm.lv\/cdn-cgi\/l\/email-protection\" class=\"__cf_email__\" data-cfemail=\"98eafdfcf9f3fbf1f2f9d8f4ebf5b6f4ee\" rel=\"nofollow noopener\" target=\"_blank\">[email\u00a0protected]<\/a>.<\/p>\n<p class=\"d-md-none\">Iez\u012bm\u0113jiet tekstu un spiediet uz Zi\u0146ot par k\u013c\u016bdu pogas, lai nos\u016bt\u012btu labojamo teksta fragmentu redaktoram!<\/p>\n<p>\n                    Zi\u0146ot par k\u013c\u016bdu\n                <\/p>\n","protected":false},"excerpt":{"rendered":"\u0160odien, 12:55 Papildin\u0101ts \u0161odien, 13:59 Labdar\u012bbas organiz\u0101cija &#8220;Ziedot.lv&#8221;\u00a0uz Ukrainu s\u016bta k\u0101rt\u0113jo pal\u012bdz\u012bbas kravu, un \u0161oreiz taj\u0101 ir iek\u013cauts&hellip;\n","protected":false},"author":2,"featured_media":96653,"comment_status":"","ping_status":"","sticky":false,"template":"","format":"standard","meta":{"footnotes":""},"categories":[12],"tags":[23,28,29,32,33,22,30,31,35,39,38,36,37,34,40,20,26,27,24,25,21],"class_list":{"0":"post-96652","1":"post","2":"type-post","3":"status-publish","4":"format-standard","5":"has-post-thumbnail","7":"category-latvija","8":"tag-aktualitates","9":"tag-breaking-news","10":"tag-breakingnews","11":"tag-featured-news","12":"tag-featurednews","13":"tag-headlines","14":"tag-latest-news","15":"tag-latestnews","16":"tag-latvia","17":"tag-latvian","18":"tag-latviesu","19":"tag-latviesu-valoda","20":"tag-latviesuvaloda","21":"tag-latvija","22":"tag-lv","23":"tag-news","24":"tag-popularakas-zinas","25":"tag-popularakaszinas","26":"tag-top-stories","27":"tag-topstories","28":"tag-zinas"},"share_on_mastodon":{"url":"https:\/\/pubeurope.com\/@lv\/115850721536739705","error":""},"_links":{"self":[{"href":"https:\/\/www.europesays.com\/lv\/wp-json\/wp\/v2\/posts\/96652","targetHints":{"allow":["GET"]}}],"collection":[{"href":"https:\/\/www.europesays.com\/lv\/wp-json\/wp\/v2\/posts"}],"about":[{"href":"https:\/\/www.europesays.com\/lv\/wp-json\/wp\/v2\/types\/post"}],"author":[{"embeddable":true,"href":"https:\/\/www.europesays.com\/lv\/wp-json\/wp\/v2\/users\/2"}],"replies":[{"embeddable":true,"href":"https:\/\/www.europesays.com\/lv\/wp-json\/wp\/v2\/comments?post=96652"}],"version-history":[{"count":0,"href":"https:\/\/www.europesays.com\/lv\/wp-json\/wp\/v2\/posts\/96652\/revisions"}],"wp:featuredmedia":[{"embeddable":true,"href":"https:\/\/www.europesays.com\/lv\/wp-json\/wp\/v2\/media\/96653"}],"wp:attachment":[{"href":"https:\/\/www.europesays.com\/lv\/wp-json\/wp\/v2\/media?parent=96652"}],"wp:term":[{"taxonomy":"category","embeddable":true,"href":"https:\/\/www.europesays.com\/lv\/wp-json\/wp\/v2\/categories?post=96652"},{"taxonomy":"post_tag","embeddable":true,"href":"https:\/\/www.europesays.com\/lv\/wp-json\/wp\/v2\/tags?post=96652"}],"curies":[{"name":"wp","href":"https:\/\/api.w.org\/{rel}","templated":true}]}}