{"id":96654,"date":"2026-01-06T23:26:17","date_gmt":"2026-01-06T23:26:17","guid":{"rendered":"https:\/\/www.europesays.com\/lv\/96654\/"},"modified":"2026-01-06T23:26:17","modified_gmt":"2026-01-06T23:26:17","slug":"bezatbildiba-neuzmaniba-vakar-notikusi-tris-spekratu-sadursme-uz-autocela-rezekne-gulbene","status":"publish","type":"post","link":"https:\/\/www.europesays.com\/lv\/96654\/","title":{"rendered":"Bezatbild\u012bba, neuzman\u012bba &#8211; vakar notikusi tr\u012bs sp\u0113kratu sadursme uz autoce\u013ca R\u0113zekne-Gulbene"},"content":{"rendered":"<p>Pirmdienas vakar\u0101 tra\u0123iskas divu kravas un vienas viegl\u0101s automa\u0161\u012bnas sadursmes d\u0113\u013c blo\u0137\u0113ta satiksme uz ce\u013ca R\u0113zekne-Gulbene, liecina VSIA &#8220;Latvijas valsts ce\u013ci&#8221; publiskot\u0101 inform\u0101cija.<\/p>\n<p>Ce\u013cu satiksmes negad\u012bjums noticis 56. kilometr\u0101, pie pagrieziena uz Rug\u0101jiem. Satiksme av\u0101rijas viet\u0101 ir piln\u012bb\u0101 blo\u0137\u0113ta.<\/p>\n<p>Valsts\u00a0policija\u00a0izsaukumu uz Balvu novada Lazdukalna pagastu sa\u0146\u0113ma plkst. 18.30. S\u0101kotn\u0113j\u0101 inform\u0101cija liecina, ka kravas automa\u0161\u012bna bija novietota st\u0101v\u0113\u0161anai ce\u013ca mal\u0101 bez iesl\u0113gt\u0101m gaism\u0101m, tostarp bez av\u0101rijas gaism\u0101m, un taj\u0101 iebraucis cits kravas auto. P\u0113c tam viegl\u0101s automa\u0161\u012bnas &#8220;Nissan Juke&#8221; vad\u012bt\u0101ja iebraukusi otraj\u0101 avar\u0113ju\u0161aj\u0101 kravas auto un g\u0101jusi boj\u0101.<\/p>\n<p>Negad\u012bjum\u0101 cietusi ar\u012b vieglas automa\u0161\u012bnas pasa\u017eiere un otr\u0101 kravas transportl\u012bdzek\u013ca vad\u012bt\u0101js.<\/p>\n<p>Prec\u012bzus notiku\u0161\u0101 apst\u0101k\u013cus\u00a0policija\u00a0skaidros izmekl\u0113\u0161an\u0101.<\/p>\n<p>Negad\u012bjuma vietas apbrauk\u0161ana iesp\u0113jama caur Til\u017eu pa ce\u013cu Balvi-Kap\u016bne, K\u0101rsava-Til\u017ea-Dub\u013cukalns un R\u0113zekne-K\u0101rsava.<\/p>\n<p>Stingri aizliegts iAuto.lv public\u0113tos materi\u0101lus izmantot, kop\u0113t vai reproduc\u0113t citos interneta port\u0101los, masu inform\u0101cijas l\u012bdzek\u013cos vai k\u0101 cit\u0101di r\u012bkoties ar iAuto.lv public\u0113tajiem materi\u0101liem bez rakstiskas EON SIA at\u013caujas sa\u0146em\u0161anas.<\/p>\n","protected":false},"excerpt":{"rendered":"Pirmdienas vakar\u0101 tra\u0123iskas divu kravas un vienas viegl\u0101s automa\u0161\u012bnas sadursmes d\u0113\u013c blo\u0137\u0113ta satiksme uz ce\u013ca R\u0113zekne-Gulbene, liecina VSIA&hellip;\n","protected":false},"author":2,"featured_media":96655,"comment_status":"","ping_status":"","sticky":false,"template":"","format":"standard","meta":{"footnotes":""},"categories":[12],"tags":[23,23964,28,29,32,33,22,30,31,35,39,38,36,37,34,40,23965,20,26,27,24,25,21],"class_list":{"0":"post-96654","1":"post","2":"type-post","3":"status-publish","4":"format-standard","5":"has-post-thumbnail","7":"category-latvija","8":"tag-aktualitates","9":"tag-bezatbildiba","10":"tag-breaking-news","11":"tag-breakingnews","12":"tag-featured-news","13":"tag-featurednews","14":"tag-headlines","15":"tag-latest-news","16":"tag-latestnews","17":"tag-latvia","18":"tag-latvian","19":"tag-latviesu","20":"tag-latviesu-valoda","21":"tag-latviesuvaloda","22":"tag-latvija","23":"tag-lv","24":"tag-neuzmaniba-vakar-notikusi-tris-spekratu-sadursme-uz-autocela-rezekne-gulbene","25":"tag-news","26":"tag-popularakas-zinas","27":"tag-popularakaszinas","28":"tag-top-stories","29":"tag-topstories","30":"tag-zinas"},"share_on_mastodon":{"url":"https:\/\/pubeurope.com\/@lv\/115850745135887896","error":""},"_links":{"self":[{"href":"https:\/\/www.europesays.com\/lv\/wp-json\/wp\/v2\/posts\/96654","targetHints":{"allow":["GET"]}}],"collection":[{"href":"https:\/\/www.europesays.com\/lv\/wp-json\/wp\/v2\/posts"}],"about":[{"href":"https:\/\/www.europesays.com\/lv\/wp-json\/wp\/v2\/types\/post"}],"author":[{"embeddable":true,"href":"https:\/\/www.europesays.com\/lv\/wp-json\/wp\/v2\/users\/2"}],"replies":[{"embeddable":true,"href":"https:\/\/www.europesays.com\/lv\/wp-json\/wp\/v2\/comments?post=96654"}],"version-history":[{"count":0,"href":"https:\/\/www.europesays.com\/lv\/wp-json\/wp\/v2\/posts\/96654\/revisions"}],"wp:featuredmedia":[{"embeddable":true,"href":"https:\/\/www.europesays.com\/lv\/wp-json\/wp\/v2\/media\/96655"}],"wp:attachment":[{"href":"https:\/\/www.europesays.com\/lv\/wp-json\/wp\/v2\/media?parent=96654"}],"wp:term":[{"taxonomy":"category","embeddable":true,"href":"https:\/\/www.europesays.com\/lv\/wp-json\/wp\/v2\/categories?post=96654"},{"taxonomy":"post_tag","embeddable":true,"href":"https:\/\/www.europesays.com\/lv\/wp-json\/wp\/v2\/tags?post=96654"}],"curies":[{"name":"wp","href":"https:\/\/api.w.org\/{rel}","templated":true}]}}