{"id":96674,"date":"2026-01-07T01:47:09","date_gmt":"2026-01-07T01:47:09","guid":{"rendered":"https:\/\/www.europesays.com\/lv\/96674\/"},"modified":"2026-01-07T01:47:09","modified_gmt":"2026-01-07T01:47:09","slug":"futbola-klubs-milan-lidz-sezonas-beigu-ire-niklasu-filkrugu-no-west-ham-united-lente-lv","status":"publish","type":"post","link":"https:\/\/www.europesays.com\/lv\/96674\/","title":{"rendered":"Futbola klubs &#8220;Milan&#8221; l\u012bdz sezonas beigu \u012br\u0113 Niklasu Filkrugu no &#8220;West Ham United&#8221;\u00a0\u2014\u00a0Lente.lv"},"content":{"rendered":"<p>V\u0101cijas uzbruc\u0113js pievienojas &#8220;Milan&#8221;<\/p>\n<p>It\u0101lijas A s\u0113rijas futbola klubs \u201cMilan\u201d l\u012bdz sezonas beig\u0101m no Anglijas Premjerl\u012bgas vien\u012bbas \u201cWest Ham United\u201d \u012br\u0113s v\u0101cu uzbruc\u0113ju Niklasu Filkrugu. K\u0101 zi\u0146o telekan\u0101ls TV3, \u0161is dar\u012bjums tika pazi\u0146ots ziemas transf\u0113ru perioda pirmaj\u0101 dien\u0101.<\/p>\n<p>32 gadus vecais v\u0101cu uzbruc\u0113js pievienojies Mil\u0101nas vien\u012bbai uz \u012bri l\u012bdz 2025.\/2026. gada sezonas beig\u0101m, un l\u012bgum\u0101 iek\u013cauta ar\u012b iesp\u0113ja parakst\u012bt l\u012bgumu ar sp\u0113l\u0113t\u0101ju past\u0101v\u012bgi par noteiktu samaksu. Filkruga p\u0101reja uz It\u0101liju nosl\u0113dz vi\u0146a neveiksm\u012bgo pusotru gadu ilgo posmu Londonas \u201cWest Ham United\u201d.<\/p>\n<p>Atskat\u012bties uz Filkruga karjeru Anglij\u0101<\/p>\n<p>Filkrugs no Dortmundes \u201cBorussia\u201d uz \u201cWest Ham United\u201d p\u0101rc\u0113l\u0101s 2024. gada vasar\u0101 par aptuveni 27 miljoniem sterli\u0146u m\u0101rci\u0146u. Tom\u0113r vi\u0146\u0161 nesp\u0113ja piel\u0101goties Premjerl\u012bgas sp\u0113lei un piedz\u012bvoja vair\u0101kus savainojumus, kas ierobe\u017eoja vi\u0146a sp\u0113les laiku. Kopum\u0101 vi\u0146\u0161 aizvad\u012bjis 29 sp\u0113les un guvis tr\u012bs v\u0101rtus visos turn\u012bros. Vi\u0146a p\u0113d\u0113jie v\u0101rti bija pag\u0101ju\u0161\u0101 gada apr\u012bl\u012b. A\u0123ent\u016bra AP zi\u0146o, ka Filkrugs ir izmantojis iesp\u0113ju pievienoties \u201cMilan\u201d k\u0101 V\u0101cijas klubu pied\u0101v\u0101jumiem, v\u0113l\u0113damies sp\u0113l\u0113t It\u0101lij\u0101.<\/p>\n<p>&#8220;Milan&#8221; transf\u0113ru aktivit\u0101te<\/p>\n<p>Filkruga pievieno\u0161an\u0101s ir da\u013ca no \u201cMilan\u201d akt\u012bv\u0101s darb\u012bbas janv\u0101ra transf\u0113ru log\u0101. Klubam jau ir veiksm\u012bgi pabeigti vair\u0101ki citi dar\u012bjumi, tostarp uzbruc\u0113ja Santjago Himenesa pievieno\u0161an\u0101s no Roterdamas \u201cFeyenoord\u201d par 32 miljoniem eiro. T\u0101pat klub\u0101 uz \u012bri ieradies ar\u012b portug\u0101\u013cu uzbruc\u0113js \u017doau Felikss no Londonas \u201cChelsea\u201d, un past\u0101v iesp\u0113ja vi\u0146u ieg\u0101d\u0101ties past\u0101v\u012bgi.<\/p>\n<p>\u201cMilan\u201d ir veicis vair\u0101kas citas izmai\u0146as sast\u0101v\u0101, tostarp aizmainot vair\u0101kus sp\u0113l\u0113t\u0101jus, lai atbr\u012bvotu vietu jaunajiem futbolistiem un optimiz\u0113tu komandas sast\u0101vu. \u0160ie pas\u0101kumi ir v\u0113rsti uz komandas nostiprin\u0101\u0161anu un lab\u0101ku sniegumu sezonas otraj\u0101 pus\u0113.<\/p>\n<p>N\u0101kamos so\u013cus futbola laukum\u0101<\/p>\n<p>Filkrugs jau ir aizvad\u012bjis pirm\u0101s treni\u0146nodarb\u012bbas ar savu jauno komandu un, visticam\u0101k, iek\u013c\u016bs sast\u0101v\u0101 jau n\u0101kamaj\u0101 sp\u0113l\u0113 pret \u201cCagliari\u201d 2026. gada 2. janv\u0101r\u012b. Vi\u0146\u0161 pau\u017e saj\u016bsmu par pievieno\u0161anos presti\u017eajam klubam, atz\u012bm\u0113jot t\u0101 trad\u012bcij\u0101m un v\u0113sturi.<\/p>\n<p>\u201cMilan\u201d pa\u0161laik atrodas vienas punktu att\u0101lum\u0101 no l\u012bderiem \u201cInternazionale\u201d A s\u0113rijas kopv\u0113rt\u0113jum\u0101. Jaun\u0101 uzbruc\u0113ja pievieno\u0161an\u0101s tiek v\u0113rt\u0113ta k\u0101 noz\u012bm\u012bgs papildin\u0101jums, lai stiprin\u0101tu komandu c\u012b\u0146\u0101 par titulu un cit\u0101m svar\u012bg\u0101m viet\u0101m turn\u012bra tabul\u0101.<\/p>\n","protected":false},"excerpt":{"rendered":"V\u0101cijas uzbruc\u0113js pievienojas &#8220;Milan&#8221; It\u0101lijas A s\u0113rijas futbola klubs \u201cMilan\u201d l\u012bdz sezonas beig\u0101m no Anglijas Premjerl\u012bgas vien\u012bbas \u201cWest&hellip;\n","protected":false},"author":2,"featured_media":96675,"comment_status":"","ping_status":"","sticky":false,"template":"","format":"standard","meta":{"footnotes":""},"categories":[17],"tags":[3497,23969,35,39,38,36,37,34,40,23967,67,7666,23968],"class_list":{"0":"post-96674","1":"post","2":"type-post","3":"status-publish","4":"format-standard","5":"has-post-thumbnail","7":"category-sports","8":"tag-ac-milan","9":"tag-ire","10":"tag-latvia","11":"tag-latvian","12":"tag-latviesu","13":"tag-latviesu-valoda","14":"tag-latviesuvaloda","15":"tag-latvija","16":"tag-lv","17":"tag-niklass-filkrugs","18":"tag-sports","19":"tag-transfers","20":"tag-west-ham-united"},"share_on_mastodon":{"url":"https:\/\/pubeurope.com\/@lv\/115851299559941959","error":""},"_links":{"self":[{"href":"https:\/\/www.europesays.com\/lv\/wp-json\/wp\/v2\/posts\/96674","targetHints":{"allow":["GET"]}}],"collection":[{"href":"https:\/\/www.europesays.com\/lv\/wp-json\/wp\/v2\/posts"}],"about":[{"href":"https:\/\/www.europesays.com\/lv\/wp-json\/wp\/v2\/types\/post"}],"author":[{"embeddable":true,"href":"https:\/\/www.europesays.com\/lv\/wp-json\/wp\/v2\/users\/2"}],"replies":[{"embeddable":true,"href":"https:\/\/www.europesays.com\/lv\/wp-json\/wp\/v2\/comments?post=96674"}],"version-history":[{"count":0,"href":"https:\/\/www.europesays.com\/lv\/wp-json\/wp\/v2\/posts\/96674\/revisions"}],"wp:featuredmedia":[{"embeddable":true,"href":"https:\/\/www.europesays.com\/lv\/wp-json\/wp\/v2\/media\/96675"}],"wp:attachment":[{"href":"https:\/\/www.europesays.com\/lv\/wp-json\/wp\/v2\/media?parent=96674"}],"wp:term":[{"taxonomy":"category","embeddable":true,"href":"https:\/\/www.europesays.com\/lv\/wp-json\/wp\/v2\/categories?post=96674"},{"taxonomy":"post_tag","embeddable":true,"href":"https:\/\/www.europesays.com\/lv\/wp-json\/wp\/v2\/tags?post=96674"}],"curies":[{"name":"wp","href":"https:\/\/api.w.org\/{rel}","templated":true}]}}