{"id":96692,"date":"2026-01-07T02:59:06","date_gmt":"2026-01-07T02:59:06","guid":{"rendered":"https:\/\/www.europesays.com\/lv\/96692\/"},"modified":"2026-01-07T02:59:06","modified_gmt":"2026-01-07T02:59:06","slug":"tanaks-ka-konkurents-mani-izaicinaja-visvairak-lente-lv","status":"publish","type":"post","link":"https:\/\/www.europesays.com\/lv\/96692\/","title":{"rendered":"&#8220;Tanaks k\u0101 konkurents mani izaicin\u0101ja visvair\u0101k&#8221;\u00a0\u2014\u00a0Lente.lv"},"content":{"rendered":"<p>O\u017ej\u0113 atzin\u012bba par Otu Tanaku<\/p>\n<p>Asto\u0146k\u0101rt\u0113jais pasaules rallija \u010dempions (WRC) Sebastjans O\u017ej\u0113 atzinis, ka igaunis Ots Tanaks vi\u0146a karjeras laik\u0101 bijis visliel\u0101kais izaicin\u0101jums k\u0101 konkurents. O\u017ej\u0113 pauda, ka Tanaks ir tas pilots, kur\u0161 piespiedis vi\u0146u str\u0101d\u0101t v\u0113l smag\u0101k un non\u0101kt savu robe\u017eu tuv\u0101k nek\u0101 jebkur\u0161 cits.<\/p>\n<p>O\u017ej\u0113 dal\u012bj\u0101s sav\u0101s p\u0101rdom\u0101s par Tanaka l\u0113mumu pa\u0146emt pauzi no WRC pirms 2025. gada sezonas beig\u0101m. Vi\u0146\u0161 uzsv\u0113ra, ka Tanaka promb\u016btne ir liels zaud\u0113jums sportam, un person\u012bgi vi\u0146am vi\u0146a \u013coti pietr\u016bks gan k\u0101 nopietna s\u0101ncensim, gan k\u0101 draugam.<\/p>\n<p>Cie\u0146a un draudz\u012bba tras\u0113 un \u0101rpus t\u0101s<\/p>\n<p>O\u017ej\u0113 un Tanaks ir ne tikai s\u012bvi konkurenti, bet ar\u012b labi draugi. Abi piloti ir izr\u0101d\u012bju\u0161i savstarp\u0113ju cie\u0146u gan tras\u0113, gan \u0101rpus t\u0101s. O\u017ej\u0113, kur\u0161 pats samazin\u0101ja savu dal\u012bbu WRC p\u0113c 2021. gada, lai velt\u012btu vair\u0101k laika \u0123imenei, saprot Tanaka izv\u0113li. Vi\u0146\u0161 cer, ka pauze Tanakam sniegs jaunu motiv\u0101ciju un prieku atgriezties rallij\u0101.<\/p>\n<blockquote>\n<p>&#8220;K\u0101 konkurents vi\u0146\u0161, iesp\u0113jams, bija tas, kur\u0161 mani visvair\u0101k izaicin\u0101ja, kur\u0161 piespieda mani str\u0101d\u0101t v\u0113l smag\u0101k un pietuvoties sav\u0101m robe\u017e\u0101m vair\u0101k nek\u0101 jebkur\u0161 cits pilots manas karjeras laik\u0101.&#8221;<\/p>\n<\/blockquote>\n<p>Tanaka l\u0113muma pie\u0146em\u0161ana<\/p>\n<p>O\u017ej\u0113 pie\u013cauj, ka Tanaks p\u0113d\u0113j\u0101 laik\u0101 nav bijis piln\u012bb\u0101 apmierin\u0101ts ar vidi sev apk\u0101rt, kas var\u0113tu b\u016bt veicin\u0101jis vi\u0146a l\u0113mumu. Tom\u0113r vi\u0146\u0161 izsaka cer\u012bbu, ka Tanaks dr\u012bzum\u0101 atgriez\u012bsies WRC. &#8220;Varb\u016bt t\u0101s ir ardievas, bet varb\u016bt tas ir tikai \u2013 uz dr\u012bzu redz\u0113\u0161anos,&#8221; piebilda O\u017ej\u0113.<\/p>\n<p>Tanaks \u2013 izaicin\u0101jums un piem\u0113rs<\/p>\n<p>Ots Tanaks WRC debit\u0113ja 2009. gad\u0101 un savas karjeras laik\u0101 ieguvis vienu pasaules \u010dempiona titulu (2019. gad\u0101). Sebastjans O\u017ej\u0113, kur\u0161 ir asto\u0146k\u0101rt\u0113js WRC \u010dempions, ir piedal\u012bjies daudzos aizraujo\u0161os due\u013cos ar Tanaku. Vi\u0146u savstarp\u0113j\u0101 s\u0101ncens\u012bba vienm\u0113r ir bijusi \u013coti aizraujo\u0161a un motiv\u0113jo\u0161a abiem sportistiem.<\/p>\n","protected":false},"excerpt":{"rendered":"O\u017ej\u0113 atzin\u012bba par Otu Tanaku Asto\u0146k\u0101rt\u0113jais pasaules rallija \u010dempions (WRC) Sebastjans O\u017ej\u0113 atzinis, ka igaunis Ots Tanaks vi\u0146a&hellip;\n","protected":false},"author":2,"featured_media":96693,"comment_status":"","ping_status":"","sticky":false,"template":"","format":"standard","meta":{"footnotes":""},"categories":[17],"tags":[7014,35,39,38,36,37,34,40,16719,15664,23973,67,5675],"class_list":{"0":"post-96692","1":"post","2":"type-post","3":"status-publish","4":"format-standard","5":"has-post-thumbnail","7":"category-sports","8":"tag-konkurence","9":"tag-latvia","10":"tag-latvian","11":"tag-latviesu","12":"tag-latviesu-valoda","13":"tag-latviesuvaloda","14":"tag-latvija","15":"tag-lv","16":"tag-motorsports","17":"tag-ots-tanaks","18":"tag-sebastjans-ozje","19":"tag-sports","20":"tag-wrc"},"share_on_mastodon":{"url":"https:\/\/pubeurope.com\/@lv\/115851582701387388","error":""},"_links":{"self":[{"href":"https:\/\/www.europesays.com\/lv\/wp-json\/wp\/v2\/posts\/96692","targetHints":{"allow":["GET"]}}],"collection":[{"href":"https:\/\/www.europesays.com\/lv\/wp-json\/wp\/v2\/posts"}],"about":[{"href":"https:\/\/www.europesays.com\/lv\/wp-json\/wp\/v2\/types\/post"}],"author":[{"embeddable":true,"href":"https:\/\/www.europesays.com\/lv\/wp-json\/wp\/v2\/users\/2"}],"replies":[{"embeddable":true,"href":"https:\/\/www.europesays.com\/lv\/wp-json\/wp\/v2\/comments?post=96692"}],"version-history":[{"count":0,"href":"https:\/\/www.europesays.com\/lv\/wp-json\/wp\/v2\/posts\/96692\/revisions"}],"wp:featuredmedia":[{"embeddable":true,"href":"https:\/\/www.europesays.com\/lv\/wp-json\/wp\/v2\/media\/96693"}],"wp:attachment":[{"href":"https:\/\/www.europesays.com\/lv\/wp-json\/wp\/v2\/media?parent=96692"}],"wp:term":[{"taxonomy":"category","embeddable":true,"href":"https:\/\/www.europesays.com\/lv\/wp-json\/wp\/v2\/categories?post=96692"},{"taxonomy":"post_tag","embeddable":true,"href":"https:\/\/www.europesays.com\/lv\/wp-json\/wp\/v2\/tags?post=96692"}],"curies":[{"name":"wp","href":"https:\/\/api.w.org\/{rel}","templated":true}]}}