{"id":96696,"date":"2026-01-07T03:06:09","date_gmt":"2026-01-07T03:06:09","guid":{"rendered":"https:\/\/www.europesays.com\/lv\/96696\/"},"modified":"2026-01-07T03:06:09","modified_gmt":"2026-01-07T03:06:09","slug":"kinas-byd-apsteidz-tesla-un-klust-par-pasaules-elektroauto-tirgus-lideri-2025-gada-lente-lv-2","status":"publish","type":"post","link":"https:\/\/www.europesays.com\/lv\/96696\/","title":{"rendered":"\u0136\u012bnas BYD apsteidz Tesla un k\u013c\u016bst par pasaules elektroauto tirgus l\u012bderi 2025. gad\u0101\u00a0\u2014\u00a0Lente.lv"},"content":{"rendered":"<p>\u0136\u012bnas BYD p\u0101rsp\u0113j Tesla glob\u0101lajos p\u0101rdo\u0161anas apjomos<\/p>\n<p>Uz\u0146\u0113muma \u201cTesla\u201d ilggad\u0113j\u0101 dominance pasaules elektroauto tirg\u016b ir nosl\u0113gusies. K\u0101 liecina jaun\u0101kie dati par 2025. gadu, \u0136\u012bnas autob\u016bves gigants \u201cBYD\u201d ir apsteidzis \u201cTesla\u201d p\u0113c p\u0101rdoto elektroauto skaita, k\u013c\u016bstot par jauno glob\u0101lo l\u012bderi \u0161aj\u0101 segment\u0101. K\u0101 zi\u0146o Latvijas Av\u012bze, \u0161\u012b tendence atspogu\u013co strauj\u0101s izmai\u0146as glob\u0101laj\u0101 automobi\u013cu industrij\u0101, kur\u0101 arvien liel\u0101ku ietekmi g\u016bst jauni sp\u0113l\u0113t\u0101ji, \u012bpa\u0161i no \u0136\u012bnas.<\/p>\n<p>\u201cBYD\u201d 2025. gad\u0101 p\u0101rdevis aptuveni 2,26 miljonus piln\u012bb\u0101 elektrisko transportl\u012bdzek\u013cu (BEV), kam\u0113r \u201cTesla\u201d pieg\u0101d\u0101jis aptuveni 1,64 miljonus. Tas noz\u012bm\u0113, ka \u201cBYD\u201d ir p\u0101rdevis par vair\u0101k nek\u0101 600 000 elektroauto vair\u0101k nek\u0101 \u201cTesla\u201d. \u0160is ir iev\u0113rojams pagrieziens, jo v\u0113l 2024. gad\u0101 \u201cTesla\u201d bija saglab\u0101jis nelielu p\u0101rsvaru p\u0101r \u201cBYD\u201d.<\/p>\n<p>Iemesli \u201cBYD\u201d izaugsmei un \u201cTesla\u201d kritumam<\/p>\n<p>\u201cBYD\u201d pan\u0101kumu pamat\u0101 ir vair\u0101ki faktori. Uz\u0146\u0113mums ir sp\u0113jis pied\u0101v\u0101t konkur\u0113tsp\u0113j\u012bgas cenas, izmantojot savu vertik\u0101li integr\u0113to pieg\u0101des \u0137\u0113di un savu bateriju ra\u017eo\u0161anu, kas \u013cauj kontrol\u0113t izmaksas un nodro\u0161in\u0101t stabilu pieg\u0101di. T\u0101pat \u201cBYD\u201d ir akt\u012bvi papla\u0161in\u0101jis savu kl\u0101tb\u016btni starptautiskajos tirgos, \u012bpa\u0161i Eirop\u0101, kur tas ir sasniedzis iev\u0113rojamu izaugsmi. Eirop\u0101 \u201cBYD\u201d p\u0101rdo\u0161anas apjomi pieaugu\u0161i par 276%, kam\u0113r \u201cTesla\u201d re\u0123istr\u0113t\u0101s automa\u0161\u012bnas Eirop\u0101 kritu\u0161\u0101s par 28%.<\/p>\n<p>\u201cTesla\u201d kritumu var skaidrot ar vair\u0101kiem iemesliem. Viens no galvenajiem ir feder\u0101lo nodok\u013cu atlaides izbeig\u0161an\u0101s ASV septembra beig\u0101s, kas iepriek\u0161 veicin\u0101ja piepras\u012bjumu. Papildus tam, pieaugo\u0161\u0101 konkurence no citiem ra\u017eot\u0101jiem, \u012bpa\u0161i no \u0136\u012bnas, un \u201cTesla\u201d mode\u013cu kl\u0101sta noveco\u0161an\u0101s ir rad\u012bju\u0161i spiedienu. Da\u017ei anal\u012bti\u0137i ar\u012b nor\u0101da uz \u201cTesla\u201d vad\u012bt\u0101ja Ilona Maska politiskaj\u0101m aktivit\u0101t\u0113m un pretrun\u012bgi v\u0113rt\u0113tajiem izteikumiem k\u0101 faktoru, kas var\u0113tu b\u016bt ietekm\u0113jis z\u012bmola popularit\u0101ti atsevi\u0161\u0137os tirgos.<\/p>\n<p>\u201cBYD\u201d Eiropas strat\u0113\u0123ija un Latvija<\/p>\n<p>\u201cBYD\u201d ir intens\u012bvi papla\u0161in\u0101jis savu kl\u0101tb\u016btni Eirop\u0101. Uz\u0146\u0113mums pl\u0101no b\u016bv\u0113t r\u016bpn\u012bcas Ung\u0101rij\u0101 un Turcij\u0101, lai palielin\u0101tu viet\u0113jo ra\u017eo\u0161anu un nodro\u0161in\u0101tu pieg\u0101des Eiropas tirgum. Paredzams, ka Ung\u0101rijas r\u016bpn\u012bca s\u0101ks ra\u017eo\u0161anu 2025. gada beig\u0101s, savuk\u0101rt Turcijas r\u016bpn\u012bca darbu s\u0101ks 2026. gad\u0101. \u201cBYD\u201d pl\u0101no ar\u012b dubultot savu tirdzniec\u012bbas t\u012bklu Eirop\u0101 l\u012bdz 2026. gadam.<\/p>\n<p>Lai gan glob\u0101lie dati par \u201cBYD\u201d un \u201cTesla\u201d ir skaidri, specifiski dati par situ\u0101ciju Latvijas elektroauto tirg\u016b 2025. gad\u0101 nav viegli pieejami. Tom\u0113r kop\u0113j\u0101s Eiropas tendences, visticam\u0101k, atspogu\u013cojas ar\u012b Latvij\u0101. K\u0101 liecina pieejam\u0101 inform\u0101cija, Latvij\u0101 elektroauto tirgus ir att\u012bst\u012bjies, \u012bpa\u0161i jauno automa\u0161\u012bnu segment\u0101. Tom\u0113r kopum\u0101 elektroauto \u012bpatsvars Latvijas autopark\u0101 joproj\u0101m ir neliels, un d\u012bze\u013cdzin\u0113ju automa\u0161\u012bnas joproj\u0101m domin\u0113.<\/p>\n<p>\u201cTesla\u201d turpm\u0101k\u0101s perspekt\u012bvas un jauni mode\u013ci<\/p>\n<p>Neskatoties uz tirgus l\u012bderpoz\u012bciju zaud\u0113\u0161anu, \u201cTesla\u201d turpina str\u0101d\u0101t pie savu produktu att\u012bst\u012bbas. Uz\u0146\u0113mums ieviesis jaunus, pieejam\u0101kus mode\u013cus, piem\u0113ram, \u201cModel Y Standard\u201d, lai konkur\u0113tu ar zem\u0101kas cenas automa\u0161\u012bn\u0101m. T\u0101pat tiek prognoz\u0113ts, ka \u201cTesla\u201d p\u0101rdo\u0161anas apjomi var\u0113tu nedaudz pieaugt 2026. gad\u0101, \u012bpa\u0161i, ja izdosies att\u012bst\u012bt autonom\u0101s brauk\u0161anas tehnolo\u0123ijas un robotu taksometru pakalpojumus.<\/p>\n<p>\u201cTesla\u201d 2025. gad\u0101 ir izlaidis ar\u012b atjaunin\u0101tus \u201cModel Y\u201d un \u201cModel 3\u201d variantus, k\u0101 ar\u012b str\u0101d\u0101jis pie savas ener\u0123ijas uzglab\u0101\u0161anas biznesa att\u012bst\u012bbas. Ta\u010du investori un anal\u012bti\u0137i arvien bie\u017e\u0101k piev\u0113r\u0161 uzman\u012bbu uz\u0146\u0113muma n\u0101kotnes v\u012bzijai, kas ietver robotiku un m\u0101ksl\u012bgo intelektu, nevis tikai automa\u0161\u012bnu ra\u017eo\u0161anu.<\/p>\n<p>Automa\u0161\u012bnu tirgus n\u0101kotne<\/p>\n<p>\u201cBYD\u201d uzvara elektroauto tirg\u016b 2025. gad\u0101 ir skaidrs sign\u0101ls par turpm\u0101kaj\u0101m p\u0101rmai\u0146\u0101m glob\u0101laj\u0101 autoindustrij\u0101. \u0136\u012bnas ra\u017eot\u0101ji demonstr\u0113 sp\u0113ju konkur\u0113t un pat apsteigt pieredz\u0113ju\u0161us glob\u0101los sp\u0113l\u0113t\u0101jus, pied\u0101v\u0101jot inovat\u012bvus un pieejamus produktus. \u0160\u012b tendence, visticam\u0101k, turpin\u0101sies, un m\u0113s varam sagaid\u012bt v\u0113l liel\u0101ku konkurences pieaugumu gan pasaules, gan ar\u012b Latvijas tirg\u016b.<\/p>\n","protected":false},"excerpt":{"rendered":"\u0136\u012bnas BYD p\u0101rsp\u0113j Tesla glob\u0101lajos p\u0101rdo\u0161anas apjomos Uz\u0146\u0113muma \u201cTesla\u201d ilggad\u0113j\u0101 dominance pasaules elektroauto tirg\u016b ir nosl\u0113gusies. K\u0101 liecina&hellip;\n","protected":false},"author":2,"featured_media":94602,"comment_status":"","ping_status":"","sticky":false,"template":"","format":"standard","meta":{"footnotes":""},"categories":[16],"tags":[6551,77,76,229,7267,4213,35,39,38,36,37,34,40,81],"class_list":{"0":"post-96696","1":"post","2":"type-post","3":"status-publish","4":"format-standard","5":"has-post-thumbnail","7":"category-bizness","8":"tag-autoindustrija","9":"tag-bizness","10":"tag-business","11":"tag-byd","12":"tag-elektroauto-tirgus","13":"tag-kina","14":"tag-latvia","15":"tag-latvian","16":"tag-latviesu","17":"tag-latviesu-valoda","18":"tag-latviesuvaloda","19":"tag-latvija","20":"tag-lv","21":"tag-tesla"},"share_on_mastodon":{"url":"https:\/\/pubeurope.com\/@lv\/115851610189835107","error":""},"_links":{"self":[{"href":"https:\/\/www.europesays.com\/lv\/wp-json\/wp\/v2\/posts\/96696","targetHints":{"allow":["GET"]}}],"collection":[{"href":"https:\/\/www.europesays.com\/lv\/wp-json\/wp\/v2\/posts"}],"about":[{"href":"https:\/\/www.europesays.com\/lv\/wp-json\/wp\/v2\/types\/post"}],"author":[{"embeddable":true,"href":"https:\/\/www.europesays.com\/lv\/wp-json\/wp\/v2\/users\/2"}],"replies":[{"embeddable":true,"href":"https:\/\/www.europesays.com\/lv\/wp-json\/wp\/v2\/comments?post=96696"}],"version-history":[{"count":0,"href":"https:\/\/www.europesays.com\/lv\/wp-json\/wp\/v2\/posts\/96696\/revisions"}],"wp:featuredmedia":[{"embeddable":true,"href":"https:\/\/www.europesays.com\/lv\/wp-json\/wp\/v2\/media\/94602"}],"wp:attachment":[{"href":"https:\/\/www.europesays.com\/lv\/wp-json\/wp\/v2\/media?parent=96696"}],"wp:term":[{"taxonomy":"category","embeddable":true,"href":"https:\/\/www.europesays.com\/lv\/wp-json\/wp\/v2\/categories?post=96696"},{"taxonomy":"post_tag","embeddable":true,"href":"https:\/\/www.europesays.com\/lv\/wp-json\/wp\/v2\/tags?post=96696"}],"curies":[{"name":"wp","href":"https:\/\/api.w.org\/{rel}","templated":true}]}}