{"id":96720,"date":"2026-01-07T04:44:08","date_gmt":"2026-01-07T04:44:08","guid":{"rendered":"https:\/\/www.europesays.com\/lv\/96720\/"},"modified":"2026-01-07T04:44:08","modified_gmt":"2026-01-07T04:44:08","slug":"no-sodienas-pieejams-jauns-digitalais-riks-kas-noteiks-cik-steidzami-nepieciesama-psihiatra-palidziba-1188-lv","status":"publish","type":"post","link":"https:\/\/www.europesays.com\/lv\/96720\/","title":{"rendered":"No \u0161odienas pieejams jauns digit\u0101lais r\u012bks, kas noteiks, cik steidzami nepiecie\u0161ama psihiatra pal\u012bdz\u012bba &#8211; 1188.lv"},"content":{"rendered":"<ol>\n<li><a href=\"https:\/\/news.google.com\/rss\/articles\/CBMizgFBVV95cUxQMTNFMmg1RnRIaDZTdXpyemR5QUVKNjBBTl94ZVB2OUNSU2pURjNKS2duUVVPMk5ORlZOR0ZnSF9ndDZldkRoWEtnUDBjVm1hTXV1REdURUluLVdYNlBYSjE3LUJTZGFxckdZckVBMWhpaktTaDFSdXRyR25VUWVUazM5YzV2WDVtcGc4UnFDQmNHOWQwSG04QjhJcE5LZ2kya1JpSmo1aGM4dk94Q0ZJSTNUR2pFZlh3RXdSLXE0ZUdHNExtOXFDSjUyTUl0QQ?oc=5\" target=\"_blank\" rel=\"nofollow noopener\">No \u0161odienas pieejams jauns digit\u0101lais r\u012bks, kas noteiks, cik steidzami nepiecie\u0161ama psihiatra pal\u012bdz\u012bba<\/a>&nbsp;&nbsp;1188.lv<\/li>\n<li><a href=\"https:\/\/news.google.com\/rss\/articles\/CBMisAFBVV95cUxNQy12cFVoTkNvZFNWLUtseHZJSzB0RzN6SjRyUkhiNHUxQlF5dEFKMWZCUnN3OC14VjNkYVJ5Z0NJbGFCTlQ1MmxuUWVUV05Kc1ViYTJtRmRaWlZERTFzOUFuUFVNYjVDdDB5c3RBRkRqM2ZIdmVrcUNHeUhxOFgtb0tKVTI4X01tZFdTNnFrYjNFLW01WUlZdG1sbWdTYkcxWGlkM3JkckxsdmZ2Q0RKbA?oc=5\" target=\"_blank\" rel=\"nofollow noopener\">Intervija ar NPVC Zin\u0101tnisk\u0101 instit\u016bta vad\u012bt\u0101ju Lieni S\u012bli \/ 06.01.2026<\/a>&nbsp;&nbsp;REplay.lv<\/li>\n<li><a href=\"https:\/\/news.google.com\/rss\/articles\/CBMitwFBVV95cUxQVVdFeDR4RGh1WW82U05zaWdtOUlMcHlMT2tzVFpsRDZ1a2dZMkRPRllnc0ducmJQLTA5MHhfZ1hIN25aNkNzaENMZVVmeGg2WEdjWVZ6dUxkYm9UTUNFQzlJV0JURGhBSm9DdVVsUUk3YzdBc1d3ZWdWem0yTUNDaV9FOTRueWdTOTR3WjNCN3Fnd3hkUHBEWlNCckFfbkowRTFpM1hEWk5CVm9FeklBdWJGeEVFdEk?oc=5\" target=\"_blank\" rel=\"nofollow noopener\">Pieejams m\u0101ksl\u012bg\u0101 intelekta r\u012bks, ar kuru nov\u0113rt\u0113t psihiatrisk\u0101s pal\u012bdz\u012bbas steidzam\u012bbu<\/a>&nbsp;&nbsp;Apollo.lv<\/li>\n<li><a href=\"https:\/\/news.google.com\/rss\/articles\/CBMiowJBVV95cUxQUXFCd0FvNVdqZDBqV1NrMmtyRGxXWW1nUEZlSUdvWXp4REtMcjhweFRQbmpTQ0xicmVoT3hzTmRVdGg0YWdPZVVsYnRZOTJhOTZQTFRKdHNWb18zay1tSzk5cUxSUlM3eFhZeUpqaFpGOElTRmtHQUhzeGcxOEJPcjFpLUFmQ0lZd093QVVQS3M1NDFoNkVEejVTZUxMRHM1bGlMODA3MVFRVm02UDY0ZmFhOUtsMU1TWjlCc2diMWhsOGxrY1dNY2FkTE95Q3FVOEFwWEFsc1FtU1pyZC04UkRwWkhNN1Y2T0tSSS1aUTZEYXJYQXM3Zlg1emtFNmd1b3gzcnZRM1B1S1lFQUdSZDNTbEFXd1M5aXlLV3UyNlBRUUU?oc=5\" target=\"_blank\" rel=\"nofollow noopener\">Pal\u012bdz\u012bbas anketa \u2013 jauns digit\u0101lais r\u012bks, kas maina psihisk\u0101s vesel\u012bbas apr\u016bpes pieejam\u012bbu un \u013cauj ak\u016btajiem pacientiem \u0101tr\u0101k sa\u0146emt psihiatra pal\u012bdz\u012bbu<\/a>&nbsp;&nbsp;LVportals.lv<\/li>\n<\/ol>\n","protected":false},"excerpt":{"rendered":"No \u0161odienas pieejams jauns digit\u0101lais r\u012bks, kas noteiks, cik steidzami nepiecie\u0161ama psihiatra pal\u012bdz\u012bba&nbsp;&nbsp;1188.lv Intervija ar NPVC Zin\u0101tnisk\u0101 instit\u016bta&hellip;\n","protected":false},"author":2,"featured_media":96721,"comment_status":"","ping_status":"","sticky":false,"template":"","format":"standard","meta":{"footnotes":""},"categories":[12],"tags":[129,9238,23,28,29,32,33,22,30,31,35,39,38,36,37,34,40,20,26,27,23974,23975,24,25,21],"class_list":{"0":"post-96720","1":"post","2":"type-post","3":"status-publish","4":"format-standard","5":"has-post-thumbnail","7":"category-latvija","8":"tag-__typenameadvicekeyword","9":"tag-id29","10":"tag-aktualitates","11":"tag-breaking-news","12":"tag-breakingnews","13":"tag-featured-news","14":"tag-featurednews","15":"tag-headlines","16":"tag-latest-news","17":"tag-latestnews","18":"tag-latvia","19":"tag-latvian","20":"tag-latviesu","21":"tag-latviesu-valoda","22":"tag-latviesuvaloda","23":"tag-latvija","24":"tag-lv","25":"tag-news","26":"tag-popularakas-zinas","27":"tag-popularakaszinas","28":"tag-sluggariga-veseliba","29":"tag-titlegariga-veseliba","30":"tag-top-stories","31":"tag-topstories","32":"tag-zinas"},"share_on_mastodon":{"url":"https:\/\/pubeurope.com\/@lv\/115851995564455994","error":""},"_links":{"self":[{"href":"https:\/\/www.europesays.com\/lv\/wp-json\/wp\/v2\/posts\/96720","targetHints":{"allow":["GET"]}}],"collection":[{"href":"https:\/\/www.europesays.com\/lv\/wp-json\/wp\/v2\/posts"}],"about":[{"href":"https:\/\/www.europesays.com\/lv\/wp-json\/wp\/v2\/types\/post"}],"author":[{"embeddable":true,"href":"https:\/\/www.europesays.com\/lv\/wp-json\/wp\/v2\/users\/2"}],"replies":[{"embeddable":true,"href":"https:\/\/www.europesays.com\/lv\/wp-json\/wp\/v2\/comments?post=96720"}],"version-history":[{"count":0,"href":"https:\/\/www.europesays.com\/lv\/wp-json\/wp\/v2\/posts\/96720\/revisions"}],"wp:featuredmedia":[{"embeddable":true,"href":"https:\/\/www.europesays.com\/lv\/wp-json\/wp\/v2\/media\/96721"}],"wp:attachment":[{"href":"https:\/\/www.europesays.com\/lv\/wp-json\/wp\/v2\/media?parent=96720"}],"wp:term":[{"taxonomy":"category","embeddable":true,"href":"https:\/\/www.europesays.com\/lv\/wp-json\/wp\/v2\/categories?post=96720"},{"taxonomy":"post_tag","embeddable":true,"href":"https:\/\/www.europesays.com\/lv\/wp-json\/wp\/v2\/tags?post=96720"}],"curies":[{"name":"wp","href":"https:\/\/api.w.org\/{rel}","templated":true}]}}