{"id":96722,"date":"2026-01-07T04:45:10","date_gmt":"2026-01-07T04:45:10","guid":{"rendered":"https:\/\/www.europesays.com\/lv\/96722\/"},"modified":"2026-01-07T04:45:10","modified_gmt":"2026-01-07T04:45:10","slug":"hegsets-izsmej-venecuelai-pardoto-krievijas-pretgaisa-aizsardzibu-isti-labi-nenostradaja-vai-ne-1188-lv","status":"publish","type":"post","link":"https:\/\/www.europesays.com\/lv\/96722\/","title":{"rendered":"Hegsets izsmej Venecu\u0113lai p\u0101rdoto Krievijas pretgaisa aizsardz\u012bbu: &quot;\u012asti labi nenostr\u0101d\u0101ja, vai ne?&quot; &#8211; 1188.lv"},"content":{"rendered":"<ol>\n<li><a href=\"https:\/\/news.google.com\/rss\/articles\/CBMixgFBVV95cUxNckxKeGt4RzhYNWN5UEVYS1gzVmw3X1NHTlk0QjZfQzF3U2FiQVRWQnBLeldIOEpQelFZa3dWczJjaURlQzVrT2FpZDJqNWJuLXZDYndIb3hsR24ydUtKSU5DOFlXZjBRaHJjODRNZ2MyTkxueTU3WjMtel9LNnhEelFBdm5WRWZ4N0dEZlc1YzFjcjVRb2lZRE1aOFFOSjRmejZnWFJac1Atc2ljdF9LOV9obEY0UEZvNXZySjg4aXh0LVNuVGc?oc=5\" target=\"_blank\" rel=\"nofollow noopener\">Hegsets izsmej Venecu\u0113lai p\u0101rdoto Krievijas pretgaisa aizsardz\u012bbu: &#8220;\u012asti labi nenostr\u0101d\u0101ja, vai ne?&#8221;<\/a>&nbsp;&nbsp;1188.lv<\/li>\n<li><a href=\"https:\/\/news.google.com\/rss\/articles\/CBMieEFVX3lxTE5TdDhzeWF5MHRia0JCTm0xVm1ZQ29oT25lVGt6NHk5Qzk4cndIbkxOZzROZE1NZVlvc2tNUmNnUzZCWC1NaGV5Zml5X0JlaU1qS256V2otcW0tWTZhTER5U0o0LWZaRDRycXlwam9UOWUtTHBVb21scQ?oc=5\" target=\"_blank\" rel=\"nofollow noopener\">Krievija pamet sav\u0113jos likte\u0146a zi\u0146\u0101! No Venecu\u0113las atsak\u0101s evaku\u0113t pat \u0123ener\u0101li<\/a>&nbsp;&nbsp;NRA<\/li>\n<li><a href=\"https:\/\/news.google.com\/rss\/articles\/CBMisgJBVV95cUxPV29SMlpPX1FmRmNpTTdLS2w3bC1uZ09XbVR6RXozV1dSUVlvOWRjZUhLUmg0WnF5Y290YVVLWTNrYk56eWVZblZ3UUQ0dElYTlV5b3NBbm9uRE1FeWwtaUxiODJiUDB6ejY2T3VndkdrVnN0b2lsQVE0bDFYWm1SQ1hlOF9FTVFSazA2VWY5N1hOTlQ5ZzdLaDJmODBHUU42X2VEd3Q0Wks5WEJSdG5uNmNDTHJBRm5vNmlWTFFGSzM3eTl6NVYtdEN1M1NFdXE5eF9OamtSemhvbGVUTDBRV3V6RXpNMnBmSlhSbExJQ1k5cjZGZ2dpOFRlUnFQbWh5SUk3aDgwbUoyRG9FVFhOUzdTU1pCM3pPSlNzM2hjRE9oMEU2dkRZLS1zMi1WLVZJY0E?oc=5\" target=\"_blank\" rel=\"nofollow noopener\">\u201cSergej, ja tu skaties &#8211; priec\u012bgus Ziemassv\u0113tkus!\u201d Rubio komiski pazemo Kremli un Maskavas reakciju uz noris\u0113m Venecu\u0113l\u0101<\/a>&nbsp;&nbsp;Jauns.lv<\/li>\n<li><a href=\"https:\/\/news.google.com\/rss\/articles\/CBMitAFBVV95cUxQa3NrTjZkcEdwQmJJd04yc3daRmtLWG1ZNG9URUhRbkhnX3FZd3dNMy1yWUYycjc0MVhxbjlzVFFKbzVIN1JaRThOYXdSWUh2dkxZcnh5LUpTbllEMDNnQmc0Qkh5bHN0QzlXcmN0RU1xRTdLaFViMWFIeVhTQUQxQUJ4VlYwck5sbkU0b0tiRFoyRXdKZmZLQ2ZCeEFRdEtrSWJTNTFyWVUyNmlHUEViMnpaMGk?oc=5\" target=\"_blank\" rel=\"nofollow noopener\">Putinam tas noteikti bija k\u0101 s\u0101ls uz br\u016bces! ASV aizsardz\u012bbas sekret\u0101rs publiski izsm\u0113jis Krieviju<\/a>&nbsp;&nbsp;LA.LV<\/li>\n<li><a href=\"https:\/\/news.google.com\/rss\/articles\/CBMifEFVX3lxTE9XYzVCcEZTajh0RnZnNzYwRF9SemtRSlpWR1VRM2ZLOU5hdk0xZjNfVmM1eEJiQ3RUbGVOODM3UGhWbnc3RHJJZVFkbzVOdlRUeFpoNzh4TEFnQTM1bWpnU2Zub08tWHlsQUM4VC1GSERlZFIwZk1RNkw3NW8?oc=5\" target=\"_blank\" rel=\"nofollow noopener\">Krievij\u0101 baid\u0101s, ka ar\u012b Putinu var nolaup\u012bt<\/a>&nbsp;&nbsp;Inbox.lv<\/li>\n<\/ol>\n","protected":false},"excerpt":{"rendered":"Hegsets izsmej Venecu\u0113lai p\u0101rdoto Krievijas pretgaisa aizsardz\u012bbu: &#8220;\u012asti labi nenostr\u0101d\u0101ja, vai ne?&#8221;&nbsp;&nbsp;1188.lv Krievija pamet sav\u0113jos likte\u0146a zi\u0146\u0101! No&hellip;\n","protected":false},"author":2,"featured_media":96723,"comment_status":"","ping_status":"","sticky":false,"template":"","format":"standard","meta":{"footnotes":""},"categories":[5],"tags":[129,10863,957,23,28,29,32,33,22,30,31,35,39,38,36,37,34,40,20,26,27,958,10864,959,10865,24,25,21],"class_list":{"0":"post-96722","1":"post","2":"type-post","3":"status-publish","4":"format-standard","5":"has-post-thumbnail","7":"category-aktualitates","8":"tag-__typenameadvicekeyword","9":"tag-id1921","10":"tag-id597","11":"tag-aktualitates","12":"tag-breaking-news","13":"tag-breakingnews","14":"tag-featured-news","15":"tag-featurednews","16":"tag-headlines","17":"tag-latest-news","18":"tag-latestnews","19":"tag-latvia","20":"tag-latvian","21":"tag-latviesu","22":"tag-latviesu-valoda","23":"tag-latviesuvaloda","24":"tag-latvija","25":"tag-lv","26":"tag-news","27":"tag-popularakas-zinas","28":"tag-popularakaszinas","29":"tag-slugasv","30":"tag-slugvenecuela","31":"tag-titleasv","32":"tag-titlevenecuela","33":"tag-top-stories","34":"tag-topstories","35":"tag-zinas"},"share_on_mastodon":{"url":"https:\/\/pubeurope.com\/@lv\/115851999501171142","error":""},"_links":{"self":[{"href":"https:\/\/www.europesays.com\/lv\/wp-json\/wp\/v2\/posts\/96722","targetHints":{"allow":["GET"]}}],"collection":[{"href":"https:\/\/www.europesays.com\/lv\/wp-json\/wp\/v2\/posts"}],"about":[{"href":"https:\/\/www.europesays.com\/lv\/wp-json\/wp\/v2\/types\/post"}],"author":[{"embeddable":true,"href":"https:\/\/www.europesays.com\/lv\/wp-json\/wp\/v2\/users\/2"}],"replies":[{"embeddable":true,"href":"https:\/\/www.europesays.com\/lv\/wp-json\/wp\/v2\/comments?post=96722"}],"version-history":[{"count":0,"href":"https:\/\/www.europesays.com\/lv\/wp-json\/wp\/v2\/posts\/96722\/revisions"}],"wp:featuredmedia":[{"embeddable":true,"href":"https:\/\/www.europesays.com\/lv\/wp-json\/wp\/v2\/media\/96723"}],"wp:attachment":[{"href":"https:\/\/www.europesays.com\/lv\/wp-json\/wp\/v2\/media?parent=96722"}],"wp:term":[{"taxonomy":"category","embeddable":true,"href":"https:\/\/www.europesays.com\/lv\/wp-json\/wp\/v2\/categories?post=96722"},{"taxonomy":"post_tag","embeddable":true,"href":"https:\/\/www.europesays.com\/lv\/wp-json\/wp\/v2\/tags?post=96722"}],"curies":[{"name":"wp","href":"https:\/\/api.w.org\/{rel}","templated":true}]}}