{"id":96726,"date":"2026-01-07T04:51:23","date_gmt":"2026-01-07T04:51:23","guid":{"rendered":"https:\/\/www.europesays.com\/lv\/96726\/"},"modified":"2026-01-07T04:51:23","modified_gmt":"2026-01-07T04:51:23","slug":"intervija-ar-valsts-zemes-dienesta-generaldirektori-vitu-narnicku-06-01-2026-ieraksts-replay-lv","status":"publish","type":"post","link":"https:\/\/www.europesays.com\/lv\/96726\/","title":{"rendered":"Intervija ar Valsts zemes dienesta \u0123ener\u0101ldirektori Vitu Narnicku \/ 06.01.2026 \/ Ieraksts \/ REplay.lv"},"content":{"rendered":"<p>Par birokr\u0101tijas mazin\u0101\u0161anu p\u0113d\u0113jos gados run\u0101jam daudz, ta\u010du tie\u0161i birokr\u0101tisko pras\u012bbu izpilde gan iedz\u012bvot\u0101jiem, gan uz\u0146\u0113mumiem prasa iev\u0113rojamus finan\u0161u un laika resursus.<\/p>\n<p>No 6. janv\u0101ra Valsts zemes dienests ievie\u0161 vienoto b\u016bvju re\u0123istr\u0101cijas procesu. &#8220;R\u012bta Panor\u0101ma&#8221; Valsts zemes dienesta \u0123ener\u0101ldirektori Vitu Narnicku izvaic\u0101ja pla\u0161\u0101k.<\/p>\n","protected":false},"excerpt":{"rendered":"Par birokr\u0101tijas mazin\u0101\u0161anu p\u0113d\u0113jos gados run\u0101jam daudz, ta\u010du tie\u0161i birokr\u0101tisko pras\u012bbu izpilde gan iedz\u012bvot\u0101jiem, gan uz\u0146\u0113mumiem prasa iev\u0113rojamus&hellip;\n","protected":false},"author":2,"featured_media":96727,"comment_status":"","ping_status":"","sticky":false,"template":"","format":"standard","meta":{"footnotes":""},"categories":[5],"tags":[23,28,29,32,33,22,30,31,35,39,38,36,37,34,40,20,26,27,24,25,21],"class_list":{"0":"post-96726","1":"post","2":"type-post","3":"status-publish","4":"format-standard","5":"has-post-thumbnail","7":"category-aktualitates","8":"tag-aktualitates","9":"tag-breaking-news","10":"tag-breakingnews","11":"tag-featured-news","12":"tag-featurednews","13":"tag-headlines","14":"tag-latest-news","15":"tag-latestnews","16":"tag-latvia","17":"tag-latvian","18":"tag-latviesu","19":"tag-latviesu-valoda","20":"tag-latviesuvaloda","21":"tag-latvija","22":"tag-lv","23":"tag-news","24":"tag-popularakas-zinas","25":"tag-popularakaszinas","26":"tag-top-stories","27":"tag-topstories","28":"tag-zinas"},"share_on_mastodon":{"url":"https:\/\/pubeurope.com\/@lv\/115852023094295452","error":""},"_links":{"self":[{"href":"https:\/\/www.europesays.com\/lv\/wp-json\/wp\/v2\/posts\/96726","targetHints":{"allow":["GET"]}}],"collection":[{"href":"https:\/\/www.europesays.com\/lv\/wp-json\/wp\/v2\/posts"}],"about":[{"href":"https:\/\/www.europesays.com\/lv\/wp-json\/wp\/v2\/types\/post"}],"author":[{"embeddable":true,"href":"https:\/\/www.europesays.com\/lv\/wp-json\/wp\/v2\/users\/2"}],"replies":[{"embeddable":true,"href":"https:\/\/www.europesays.com\/lv\/wp-json\/wp\/v2\/comments?post=96726"}],"version-history":[{"count":0,"href":"https:\/\/www.europesays.com\/lv\/wp-json\/wp\/v2\/posts\/96726\/revisions"}],"wp:featuredmedia":[{"embeddable":true,"href":"https:\/\/www.europesays.com\/lv\/wp-json\/wp\/v2\/media\/96727"}],"wp:attachment":[{"href":"https:\/\/www.europesays.com\/lv\/wp-json\/wp\/v2\/media?parent=96726"}],"wp:term":[{"taxonomy":"category","embeddable":true,"href":"https:\/\/www.europesays.com\/lv\/wp-json\/wp\/v2\/categories?post=96726"},{"taxonomy":"post_tag","embeddable":true,"href":"https:\/\/www.europesays.com\/lv\/wp-json\/wp\/v2\/tags?post=96726"}],"curies":[{"name":"wp","href":"https:\/\/api.w.org\/{rel}","templated":true}]}}