{"id":96732,"date":"2026-01-07T04:56:18","date_gmt":"2026-01-07T04:56:18","guid":{"rendered":"https:\/\/www.europesays.com\/lv\/96732\/"},"modified":"2026-01-07T04:56:18","modified_gmt":"2026-01-07T04:56:18","slug":"sogad-nekustamo-ipasumu-tirgu-gaidama-stabila-un-merena-izaugsme-dienas-bizness","status":"publish","type":"post","link":"https:\/\/www.europesays.com\/lv\/96732\/","title":{"rendered":"\u0160ogad nekustamo \u012bpa\u0161umu tirg\u016b gaid\u0101ma stabila un m\u0113rena izaugsme :: Dienas Bizness"},"content":{"rendered":"<p class=\"text-font font-size--text-xlarge margin-3--bottom font-weight--bold padding-1--top\">\u0160ogad nekustamo \u012bpa\u0161umu tirg\u016b gaid\u0101ma stabila un m\u0113rena izaugsme, pauda nekustamo \u012bpa\u0161umu att\u012bst\u012bt\u0101ja &#8220;Merko m\u0101jas&#8221; valdes loceklis Roberts R\u0113boks.<\/p>\n<p class=\"text-font font-size--text-xlarge margin-3--bottom\">Vi\u0146\u0161 prognoz\u0113, ka EURIBOR likmju kritums un banku gatav\u012bba akt\u012bv\u0101k kredit\u0113t pirc\u0113jus veicin\u0101s tirgus aktivit\u0101ti, ta\u010du strauj\u0161 cenu k\u0101pums nav gaid\u0101ms. Cenas var\u0113tu pieaugt m\u0113reni, galvenok\u0101rt b\u016bvniec\u012bbas izmaksu un zemes pieejam\u012bbas d\u0113\u013c, savuk\u0101rt piepras\u012bjums saglab\u0101sies sp\u0113c\u012bgs tie\u0161i jauno, energoefekt\u012bvo m\u0101jok\u013cu segment\u0101.<\/p>\n<p class=\"text-font font-size--text-xlarge margin-3--bottom\">&#8220;Merko m\u0101jas&#8221; \u0161ogad pl\u0101no nodot ekspluat\u0101cij\u0101 &#8220;Arena Garden Towers&#8221; A1 \u0113ku ar 84 dz\u012bvok\u013ciem un &#8220;Me\u017epils\u0113tas&#8221; tre\u0161o k\u0101rtu ar 53 dz\u012bvok\u013ciem, k\u0101 ar\u012b turpin\u0101t &#8220;P\u0113tersalas&#8221; att\u012bst\u012bbu.<\/p>\n<p class=\"text-font font-size--text-xlarge margin-3--bottom\">Liel\u0101kie 2026. gada izaicin\u0101jumi R\u0113boka skat\u012bjum\u0101 b\u016bs saist\u012bti ar b\u016bvniec\u012bbas izmaksu notur\u012bbu un resursu pieejam\u012bbu, kas joproj\u0101m saglab\u0101jas augst\u0101 l\u012bmen\u012b. T\u0101pat noz\u012bm\u012bgs faktors b\u016bs finans\u0113\u0161anas nosac\u012bjumu dinamika un m\u0101jsaimniec\u012bbu maks\u0101tsp\u0113jas robe\u017eas.<\/p>\n<p class=\"text-font font-size--text-xlarge margin-3--bottom\">R\u0113boks nor\u0101da, ka demogr\u0101fiskie izaicin\u0101jumi &#8211; zem\u0101 dzimst\u012bba un iedz\u012bvot\u0101ju skaita samazin\u0101jums &#8211; ar\u012b ietekm\u0113s ilgtermi\u0146a perspekt\u012bvu, ta\u010du m\u0101jok\u013cu piepras\u012bjumu arvien vair\u0101k nosaka dz\u012bvesveida p\u0101rmai\u0146as, iek\u0161\u0113j\u0101 migr\u0101cija uz pils\u0113t\u0101m un jauno paaud\u017eu v\u0113lme dz\u012bvot energoefekt\u012bvos, m\u016bsdien\u012bgos projektos. \u0160ie faktori, p\u0113c R\u0113boka dom\u0101m, l\u012bdzsvaro demogr\u0101fisko samazin\u0101jumu un saglab\u0101 tirgus potenci\u0101lu stabilu.<\/p>\n<p class=\"text-font font-size--text-xlarge margin-3--bottom\">Uz\u0146\u0113muma m\u0113r\u0137i n\u0101kamajam gadam ir saist\u012bti ar kvalitat\u012bvu un ilgtsp\u0113j\u012bgu m\u0101jok\u013cu att\u012bst\u012bbu, inform\u0113 R\u0113boks. &#8220;Merko m\u0101jas&#8221; pl\u0101no ieviest jaunas tehnolo\u0123ijas \u0113ku energoefektivit\u0101tes uzlabo\u0161anai, k\u0101 ar\u012b att\u012bst\u012bt projektus, kas sabalans\u0113 pils\u0113tas infrastrukt\u016bras pieejam\u012bbu ar za\u013caj\u0101m zon\u0101m un komfortu. Ilgtsp\u0113ja, inov\u0101cijas un cilv\u0113ku pieredze dz\u012bves vid\u0113 b\u016bs tr\u012bs galvenie virzieni, kuros komp\u0101nija redz savu turpm\u0101ko att\u012bst\u012bbu, nor\u0101da R\u0113boks.<\/p>\n<p class=\"text-font font-size--text-xlarge margin-3--bottom\">&#8220;Merko m\u0101jas&#8221; \u0161ogad sagaida stabilu pieaugumu aptuveni 5-10% apm\u0113r\u0101 jauno dar\u012bjumu skait\u0101, savuk\u0101rt p\u0101rdo\u0161anas apjomos prognoz\u0113 k\u0101pumu aptuveni 25% apm\u0113r\u0101. R\u0113boks skaidro, ka \u0161is pieaugums balst\u0101s uz eso\u0161o projektu progresu un pl\u0101noto jauno m\u0101jok\u013cu nodo\u0161anu ekspluat\u0101cij\u0101.<\/p>\n<p class=\"text-font font-size--text-xlarge margin-3--bottom\">Ar\u012b nozares kop\u0113j\u0101 att\u012bst\u012bba, lai gan piesardz\u012bga, b\u016bs pozit\u012bva &#8211; tirgus turpin\u0101s att\u012bst\u012bties l\u012bdzsvarot\u0101 temp\u0101, koncentr\u0113joties uz v\u0113rt\u012bbu un ilgtsp\u0113j\u012bbu, nevis kvantit\u0101ti, prognoz\u0113 R\u0113boks.<\/p>\n<p class=\"text-font font-size--text-xlarge margin-3--bottom\">Vi\u0146apr\u0101t, 2026. gads sol\u0101s b\u016bt stabils un l\u012bdzsvarots, ar skaidru fokusu uz ilgtsp\u0113ju, dz\u012bves l\u012bme\u0146a uzlabo\u0161anu un p\u0101rdom\u0101tu pils\u0113tvides att\u012bst\u012bbu. R\u0113boks uzskata, ka m\u0101jok\u013cu tirgus Latvij\u0101 ien\u0101k nobriedu\u0161\u0101 f\u0101z\u0113 &#8211; pirc\u0113js k\u013c\u016bst zino\u0161\u0101ks, un tie\u0161i tas nosaka virzienu visai nozarei.<\/p>\n<p class=\"text-font font-size--text-xlarge margin-3--bottom\">&#8220;Firmas.lv&#8221; inform\u0101cija liecina, ka &#8220;Merko m\u0101jas&#8221; 2024. gad\u0101 str\u0101d\u0101ja ar 14,697 miljonu eiro apgroz\u012bjumu un 809 486 eiro zaud\u0113jumiem.<\/p>\n<p class=\"text-font font-size--text-xlarge margin-3--bottom\">Komp\u0101nija &#8220;Merko m\u0101jas&#8221; l\u012bdz \u0161im uzb\u016bv\u0113jusi gandr\u012bz 2500 m\u0101jok\u013cu vis\u0101 Latvij\u0101. Dz\u012bvojamo m\u0101ju projektos &#8220;Merko m\u0101jas&#8221; ir gan att\u012bst\u012bt\u0101js, gan p\u0101rdev\u0113js, gan ar\u012b garantijas sniedz\u0113js.<\/p>\n<p class=\"text-font font-size--text-xlarge margin-3--bottom\">Komp\u0101nija re\u0123istr\u0113ta 2003. gad\u0101, un t\u0101s pamatkapit\u0101ls ir 35 180 480 eiro. Komp\u0101nijas \u012bpa\u0161nieks ir Igaunijas uz\u0146\u0113mums &#8220;Merko Residential Investments&#8221;.<\/p>\n","protected":false},"excerpt":{"rendered":"\u0160ogad nekustamo \u012bpa\u0161umu tirg\u016b gaid\u0101ma stabila un m\u0113rena izaugsme, pauda nekustamo \u012bpa\u0161umu att\u012bst\u012bt\u0101ja &#8220;Merko m\u0101jas&#8221; valdes loceklis Roberts&hellip;\n","protected":false},"author":2,"featured_media":96733,"comment_status":"","ping_status":"","sticky":false,"template":"","format":"standard","meta":{"footnotes":""},"categories":[12],"tags":[23,869,77,870,28,29,867,32,33,22,30,31,35,39,38,36,37,34,871,868,40,20,26,27,24,25,21],"class_list":{"0":"post-96732","1":"post","2":"type-post","3":"status-publish","4":"format-standard","5":"has-post-thumbnail","7":"category-latvija","8":"tag-aktualitates","9":"tag-biznesa-zinas","10":"tag-bizness","11":"tag-bizness-latvija","12":"tag-breaking-news","13":"tag-breakingnews","14":"tag-dienas-zinas","15":"tag-featured-news","16":"tag-featurednews","17":"tag-headlines","18":"tag-latest-news","19":"tag-latestnews","20":"tag-latvia","21":"tag-latvian","22":"tag-latviesu","23":"tag-latviesu-valoda","24":"tag-latviesuvaloda","25":"tag-latvija","26":"tag-latvijas-biznesa-zinas","27":"tag-latvijas-zinas","28":"tag-lv","29":"tag-news","30":"tag-popularakas-zinas","31":"tag-popularakaszinas","32":"tag-top-stories","33":"tag-topstories","34":"tag-zinas"},"share_on_mastodon":{"url":"https:\/\/pubeurope.com\/@lv\/115852042762970045","error":""},"_links":{"self":[{"href":"https:\/\/www.europesays.com\/lv\/wp-json\/wp\/v2\/posts\/96732","targetHints":{"allow":["GET"]}}],"collection":[{"href":"https:\/\/www.europesays.com\/lv\/wp-json\/wp\/v2\/posts"}],"about":[{"href":"https:\/\/www.europesays.com\/lv\/wp-json\/wp\/v2\/types\/post"}],"author":[{"embeddable":true,"href":"https:\/\/www.europesays.com\/lv\/wp-json\/wp\/v2\/users\/2"}],"replies":[{"embeddable":true,"href":"https:\/\/www.europesays.com\/lv\/wp-json\/wp\/v2\/comments?post=96732"}],"version-history":[{"count":0,"href":"https:\/\/www.europesays.com\/lv\/wp-json\/wp\/v2\/posts\/96732\/revisions"}],"wp:featuredmedia":[{"embeddable":true,"href":"https:\/\/www.europesays.com\/lv\/wp-json\/wp\/v2\/media\/96733"}],"wp:attachment":[{"href":"https:\/\/www.europesays.com\/lv\/wp-json\/wp\/v2\/media?parent=96732"}],"wp:term":[{"taxonomy":"category","embeddable":true,"href":"https:\/\/www.europesays.com\/lv\/wp-json\/wp\/v2\/categories?post=96732"},{"taxonomy":"post_tag","embeddable":true,"href":"https:\/\/www.europesays.com\/lv\/wp-json\/wp\/v2\/tags?post=96732"}],"curies":[{"name":"wp","href":"https:\/\/api.w.org\/{rel}","templated":true}]}}