{"id":96745,"date":"2026-01-07T05:07:10","date_gmt":"2026-01-07T05:07:10","guid":{"rendered":"https:\/\/www.europesays.com\/lv\/96745\/"},"modified":"2026-01-07T05:07:10","modified_gmt":"2026-01-07T05:07:10","slug":"no-tragedijas-vareja-izvairities-sveice-bara-kur-jaungada-nakti-gaja-boja-40-jauniesi-gadiem-nebija-veikta-ugunsdrosibas-parbaude","status":"publish","type":"post","link":"https:\/\/www.europesays.com\/lv\/96745\/","title":{"rendered":"No tra\u0123\u0113dijas var\u0113ja izvair\u012bties\u2026 \u0160veic\u0113, b\u0101r\u0101, kur Jaungada nakt\u012b g\u0101ja boj\u0101 40 jaunie\u0161i, gadiem nebija veikta ugunsdro\u0161\u012bbas p\u0101rbaude"},"content":{"rendered":"<p>    <img decoding=\"async\" src=\"https:\/\/www.europesays.com\/lv\/wp-content\/uploads\/2026\/01\/12621910-1024x683.jpg\" alt=\"&#10;Ugunsgr\u0113ka upuru piemin\u0113\u0161ana pie b\u0101ra \u201cLe Constellation\u201d \u0160veic\u0113.&#10;\"\/><\/p>\n<p>Ugunsgr\u0113ka upuru piemin\u0113\u0161ana pie b\u0101ra \u201cLe Constellation\u201d \u0160veic\u0113.<\/p>\n<p>Foto. Scanpix\/LETA\/ EPA\/JEAN-CHRISTOPHE BOTT\n<\/p>\n<p> \u0160veices varasiest\u0101des atzinu\u0161as, ka b\u0101r\u0101, kur\u0101 Jaungada nakt\u012b ugunsgr\u0113k\u0101 g\u0101ja boj\u0101 40 cilv\u0113ki, p\u0113d\u0113jos piecus gadus nav veiktas ugunsdro\u0161\u012bbas p\u0101rbaudes.<\/p>\n<p>        Las\u012bt\u0101kie<br \/>\n        <a data-imagesrc=\"{&quot;300&quot;:&quot;https:\\\/\\\/lastatic.ams3.cdn.digitaloceanspaces.com\\\/2026\\\/01\\\/FotoJet-2026-01-05T150916.451-300x200.jpg&quot;,&quot;1024&quot;:&quot;https:\\\/\\\/lastatic.ams3.cdn.digitaloceanspaces.com\\\/2026\\\/01\\\/FotoJet-2026-01-05T150916.451-1024x683.jpg&quot;,&quot;1536&quot;:&quot;https:\\\/\\\/lastatic.ams3.cdn.digitaloceanspaces.com\\\/2026\\\/01\\\/FotoJet-2026-01-05T150916.451-1536x1024.jpg&quot;,&quot;500&quot;:&quot;https:\\\/\\\/lastatic.ams3.cdn.digitaloceanspaces.com\\\/2026\\\/01\\\/FotoJet-2026-01-05T150916.451-500x333.jpg&quot;,&quot;800&quot;:&quot;https:\\\/\\\/lastatic.ams3.cdn.digitaloceanspaces.com\\\/2026\\\/01\\\/FotoJet-2026-01-05T150916.451-800x533.jpg&quot;,&quot;1800&quot;:&quot;https:\\\/\\\/lastatic.ams3.cdn.digitaloceanspaces.com\\\/2026\\\/01\\\/FotoJet-2026-01-05T150916.451.jpg&quot;}\" data-focuspoint=\"&quot;&quot;\" data-p=\"2488270\" href=\"https:\/\/www.la.lv\/tris-zodiaka-zimes-driz-klus-pasakaini-bagatas-nauda-pie-tam-pludis-ka-upe\" class=\"content-item lazy-load\" wp_automatic_readability=\"26\" rel=\"nofollow noopener\" target=\"_blank\"><\/p>\n<p>                                <img decoding=\"async\" src=\"\" alt=\"\" style=\"\" data-imageid=\"\"\/><\/p>\n<p>                                Kokteilis<\/p>\n<p>\n                                                Tr\u012bs zodiaka z\u012bmes dr\u012bz k\u013c\u016bs pasakaini bag\u0101tas: nauda pie t\u0101m pl\u016bd\u012bs k\u0101 upe\n                            <\/p>\n<p><\/a><a data-imagesrc=\"{&quot;300&quot;:&quot;https:\\\/\\\/lastatic.ams3.cdn.digitaloceanspaces.com\\\/2026\\\/01\\\/17b1e396-2c9c-4558-bdd3-405119a978ab-300x200.jpg&quot;,&quot;1024&quot;:&quot;https:\\\/\\\/lastatic.ams3.cdn.digitaloceanspaces.com\\\/2026\\\/01\\\/17b1e396-2c9c-4558-bdd3-405119a978ab-1024x683.jpg&quot;,&quot;1536&quot;:&quot;https:\\\/\\\/lastatic.ams3.cdn.digitaloceanspaces.com\\\/2026\\\/01\\\/17b1e396-2c9c-4558-bdd3-405119a978ab-1536x1024.jpg&quot;,&quot;500&quot;:&quot;https:\\\/\\\/lastatic.ams3.cdn.digitaloceanspaces.com\\\/2026\\\/01\\\/17b1e396-2c9c-4558-bdd3-405119a978ab-500x333.jpg&quot;,&quot;800&quot;:&quot;https:\\\/\\\/lastatic.ams3.cdn.digitaloceanspaces.com\\\/2026\\\/01\\\/17b1e396-2c9c-4558-bdd3-405119a978ab-800x533.jpg&quot;,&quot;1800&quot;:&quot;https:\\\/\\\/lastatic.ams3.cdn.digitaloceanspaces.com\\\/2026\\\/01\\\/17b1e396-2c9c-4558-bdd3-405119a978ab.jpg&quot;}\" data-focuspoint=\"&quot;&quot;\" data-p=\"2489199\" href=\"https:\/\/www.la.lv\/kas-notiek-ar-kermeni-ja-nepietiek-magnija-10-trauksmes-signali-ko-tev-vajadzetu-pamanit\" class=\"content-item lazy-load\" wp_automatic_readability=\"27\" rel=\"nofollow noopener\" target=\"_blank\"><\/p>\n<p>                                <img decoding=\"async\" src=\"\" alt=\"\" style=\"\" data-imageid=\"\"\/><\/p>\n<p>                                Veselam<\/p>\n<p>\n                                                Kas notiek ar \u0137ermeni, ja nepietiek magnija: 10 trauksmes sign\u0101li, ko tev vajadz\u0113tu paman\u012bt\n                            <\/p>\n<p><\/a><a data-imagesrc=\"{&quot;300&quot;:&quot;https:\\\/\\\/lastatic.ams3.cdn.digitaloceanspaces.com\\\/2022\\\/06\\\/afp_9zr98r-1-300x171.jpg&quot;,&quot;768&quot;:&quot;https:\\\/\\\/lastatic.ams3.cdn.digitaloceanspaces.com\\\/2022\\\/06\\\/afp_9zr98r-1-768x437.jpg&quot;,&quot;200&quot;:&quot;https:\\\/\\\/lastatic.ams3.cdn.digitaloceanspaces.com\\\/2022\\\/06\\\/afp_9zr98r-1-200x114.jpg&quot;,&quot;400&quot;:&quot;https:\\\/\\\/lastatic.ams3.cdn.digitaloceanspaces.com\\\/2022\\\/06\\\/afp_9zr98r-1-400x228.jpg&quot;,&quot;500&quot;:&quot;https:\\\/\\\/lastatic.ams3.cdn.digitaloceanspaces.com\\\/2022\\\/06\\\/afp_9zr98r-1-500x284.jpg&quot;,&quot;800&quot;:&quot;https:\\\/\\\/lastatic.ams3.cdn.digitaloceanspaces.com\\\/2022\\\/06\\\/afp_9zr98r-1.jpg&quot;}\" data-focuspoint=\"&quot;&quot;\" data-p=\"2488734\" href=\"https:\/\/www.la.lv\/spriedze-pieaug-atklats-asv-iespejamais-plans-pret-krievijas-kugi\" class=\"content-item lazy-load\" wp_automatic_readability=\"26\" rel=\"nofollow noopener\" target=\"_blank\"><\/p>\n<p>                                <img decoding=\"async\" src=\"\" alt=\"\" style=\"\" data-imageid=\"\"\/><\/p>\n<p>\n                                                Spriedze pieaug? Atkl\u0101ts ASV iesp\u0113jamais pl\u0101ns pret Krievijas ku\u0123i\n                            <\/p>\n<p><\/a><br \/>\n        <a class=\"read-more\" href=\"https:\/\/www.la.lv\/top\" rel=\"nofollow noopener\" target=\"_blank\">Las\u012bt citas zi\u0146as<\/a><\/p>\n<p>Ugunsgr\u0113k\u0101 b\u0101r\u0101 \u201cLe Constellation\u201d tika ievainoti 116 cilv\u0113ki, no kuriem 83 joproj\u0101m \u0101rst\u0113jas slimn\u012bc\u0101s. Puse no boj\u0101g\u0101ju\u0161ajiem bija jaun\u0101ki par 18 gadiem.<\/p>\n<p>Prokurat\u016bra secin\u0101jusi, ka ugunsgr\u0113ks, visticam\u0101k, izc\u0113l\u0101s, kad cilv\u0113ki, svinot Jauno gadu, pac\u0113la gais\u0101 \u0161ampanie\u0161a pudeles ar br\u012bnumsvec\u012bt\u0113m, no kur\u0101m aizdeg\u0101s ska\u0146u izol\u0113jo\u0161\u0101s putas uz pagraba b\u0101ra griestiem.<\/p>\n<p>    CITI \u0160OBR\u012aD LASA<\/p>\n<p>Lai gan 2016., 2018. un 2019. gad\u0101 tika veiktas p\u0101rbaudes, tostarp ugunsdro\u0161\u012bbas p\u0101rbaudes, periodiskas p\u0101rbaudes netika veiktas no 2020. l\u012bdz 2025. gadam, preses konferenc\u0113 piecas dienas p\u0113c katastrofas pazi\u0146oja Kranmontanas m\u0113rs Nikol\u0101 Fero.<\/p>\n<p>Likums paredz, ka pa\u0161vald\u012bbas ugunsdz\u0113s\u012bbas dienestam j\u0101veic ikgad\u0113jas p\u0101rbaudes sabiedr\u012bbai pieejam\u0101s iest\u0101d\u0113s, nor\u0101d\u012bja Fero, atz\u012bstot, ka vi\u0146\u0161 nezina, k\u0101p\u0113c p\u0101rbaudes netika veiktas.<\/p>\n<p>Pa\u0161vald\u012bbas pazi\u0146ojum\u0101 nor\u0101d\u012bts, ka t\u0101 atkl\u0101jusi \u0161o nolaid\u012bbu, p\u0101rbaudot dokumentus, kas nos\u016bt\u012bti Val\u0113 kantona prokurat\u016brai.<\/p>\n<p>\u201cTiesa noteiks, k\u0101da ietekme \u0161\u0101dai k\u013c\u016bmei bija notikumu \u0137\u0113d\u0113, kas noveda pie tra\u0123\u0113dijas. Pa\u0161vald\u012bba uz\u0146emsies pilnu atbild\u012bbu, k\u0101 to noteiks tiesa,\u201d teikts pazi\u0146ojum\u0101.<\/p>\n<p>Pa\u0161vald\u012bba pazi\u0146oja, ka uzdos neatkar\u012bgiem speci\u0101listiem p\u0101rbaud\u012bt visas sabiedrisk\u0101s iest\u0101des un aizliegs pirotehnisko ier\u012b\u010du izmanto\u0161anu telp\u0101s.<\/p>\n<p>\u201cLe Constellation\u201d pieder Francijas pilso\u0146iem \u017dakam un D\u017eesikai Moreti. Vi\u0146i ar\u012b p\u0101rvalda b\u0101ru.<\/p>\n<p>Pret p\u0101ri s\u0101kta krimin\u0101lizmekl\u0113\u0161ana. Vi\u0146i aps\u016bdz\u0113ti par net\u012b\u0161u slepkav\u012bbu aiz neuzman\u012bbas, miesas boj\u0101jumu nodar\u012b\u0161anu aiz neuzman\u012bbas un \u013caunpr\u0101t\u012bgu dedzin\u0101\u0161anu aiz neuzman\u012bbas.<\/p>\n<p>\u201cLe Constellation\u201d tika nodibin\u0101ts 1967. gad\u0101. Pa\u0161vald\u012bbas dokumentos ir nor\u0101de, ka b\u0101ra pirm\u0101 st\u0101va ietilp\u012bba ir 100 cilv\u0113ki un pagrabst\u0101va \u2013 ar\u012b 100 cilv\u0113ki.<\/p>\n<p>Saska\u0146\u0101 ar \u012bpa\u0161nieku uz\u0146emtajiem fotoatt\u0113liem 2015. gad\u0101 remontdarbu proces\u0101, kam, k\u0101 nor\u0101d\u012bja pa\u0161vald\u012bba, nebija nepiecie\u0161am\u0101s at\u013caujas, b\u0101ra griesti tika nosegti ar ska\u0146as izol\u0101cijas put\u0101m.<\/p>\n<p>K\u0101da b\u0101ra apmekl\u0113t\u0101ja uz\u0146emts video, ko pirmdien demonstr\u0113ja \u0160veices raidorganiz\u0101cija RTS, liecina, ka par aizdeg\u0161an\u0101s briesm\u0101m bija zin\u0101ms jau pirms vair\u0101kiem gadiem. Jau 2019. gad\u0101 Jaungada svin\u012bbu laik\u0101 b\u0101ra darbiniece br\u012bdin\u0101jusi uzman\u012bties no put\u0101m, pace\u013cot \u0161ampanie\u0161u pudeles ar br\u012bnumsvec\u012bt\u0113m.<\/p>\n<p>Vid\u0113jais ugunsgr\u0113k\u0101 boj\u0101g\u0101ju\u0161o vecums ir 19 gadi. Asto\u0146i no boj\u0101g\u0101ju\u0161ajiem bija jaun\u0101ki par 16 gadiem.<\/p>\n<p>Lai gan liel\u0101k\u0101 da\u013ca no nogalin\u0101tajiem ir \u0160veices pilso\u0146i, starp boj\u0101g\u0101ju\u0161ajiem ir ar\u012b devi\u0146i Francijas un se\u0161i It\u0101lijas pilso\u0146i.<\/p>\n<p>\u201cNo \u0161\u012bs tra\u0123\u0113dijas var\u0113ja izvair\u012bties\u201d un \u201cno t\u0101s vajadz\u0113ja izvair\u012bties, izmantojot profilaksi un veselo sapr\u0101tu,\u201d pirmdien uzsv\u0113ra It\u0101lijas v\u0113stnieks \u0160veic\u0113.<\/p>\n<p>\u0160veic\u0113 piektdien izsludin\u0101ta s\u0113ru diena.<\/p>\n<p>T\u0113mas<\/p>\n<p>    SAIST\u012aTIE RAKSTI<\/p>\n","protected":false},"excerpt":{"rendered":"Ugunsgr\u0113ka upuru piemin\u0113\u0161ana pie b\u0101ra \u201cLe Constellation\u201d \u0160veic\u0113. Foto. Scanpix\/LETA\/ EPA\/JEAN-CHRISTOPHE BOTT \u0160veices varasiest\u0101des atzinu\u0161as, ka b\u0101r\u0101, kur\u0101&hellip;\n","protected":false},"author":2,"featured_media":96746,"comment_status":"","ping_status":"","sticky":false,"template":"","format":"standard","meta":{"footnotes":""},"categories":[14],"tags":[23,57,28,29,32,33,22,30,31,35,39,38,36,37,34,40,20,26,27,24,25,54,55,56,21,58],"class_list":{"0":"post-96745","1":"post","2":"type-post","3":"status-publish","4":"format-standard","5":"has-post-thumbnail","7":"category-zinas-no-arvalstim","8":"tag-aktualitates","9":"tag-arvalstim","10":"tag-breaking-news","11":"tag-breakingnews","12":"tag-featured-news","13":"tag-featurednews","14":"tag-headlines","15":"tag-latest-news","16":"tag-latestnews","17":"tag-latvia","18":"tag-latvian","19":"tag-latviesu","20":"tag-latviesu-valoda","21":"tag-latviesuvaloda","22":"tag-latvija","23":"tag-lv","24":"tag-news","25":"tag-popularakas-zinas","26":"tag-popularakaszinas","27":"tag-top-stories","28":"tag-topstories","29":"tag-world","30":"tag-world-news","31":"tag-worldnews","32":"tag-zinas","33":"tag-zinas-no-arvalstim"},"share_on_mastodon":{"url":"https:\/\/pubeurope.com\/@lv\/115852086010079938","error":""},"_links":{"self":[{"href":"https:\/\/www.europesays.com\/lv\/wp-json\/wp\/v2\/posts\/96745","targetHints":{"allow":["GET"]}}],"collection":[{"href":"https:\/\/www.europesays.com\/lv\/wp-json\/wp\/v2\/posts"}],"about":[{"href":"https:\/\/www.europesays.com\/lv\/wp-json\/wp\/v2\/types\/post"}],"author":[{"embeddable":true,"href":"https:\/\/www.europesays.com\/lv\/wp-json\/wp\/v2\/users\/2"}],"replies":[{"embeddable":true,"href":"https:\/\/www.europesays.com\/lv\/wp-json\/wp\/v2\/comments?post=96745"}],"version-history":[{"count":0,"href":"https:\/\/www.europesays.com\/lv\/wp-json\/wp\/v2\/posts\/96745\/revisions"}],"wp:featuredmedia":[{"embeddable":true,"href":"https:\/\/www.europesays.com\/lv\/wp-json\/wp\/v2\/media\/96746"}],"wp:attachment":[{"href":"https:\/\/www.europesays.com\/lv\/wp-json\/wp\/v2\/media?parent=96745"}],"wp:term":[{"taxonomy":"category","embeddable":true,"href":"https:\/\/www.europesays.com\/lv\/wp-json\/wp\/v2\/categories?post=96745"},{"taxonomy":"post_tag","embeddable":true,"href":"https:\/\/www.europesays.com\/lv\/wp-json\/wp\/v2\/tags?post=96745"}],"curies":[{"name":"wp","href":"https:\/\/api.w.org\/{rel}","templated":true}]}}