{"id":96749,"date":"2026-01-07T05:13:11","date_gmt":"2026-01-07T05:13:11","guid":{"rendered":"https:\/\/www.europesays.com\/lv\/96749\/"},"modified":"2026-01-07T05:13:11","modified_gmt":"2026-01-07T05:13:11","slug":"venecuelas-opozicijas-lidere-macado-velas-dalities-nobela-miera-premija-ar-trampu","status":"publish","type":"post","link":"https:\/\/www.europesays.com\/lv\/96749\/","title":{"rendered":"Venecu\u0113las opoz\u012bcijas l\u012bdere Ma\u010dado v\u0113las dal\u012bties Nobela miera pr\u0113mij\u0101 ar Trampu"},"content":{"rendered":"<p>58 gadus vec\u0101 Ma\u010dado sa\u0146\u0113ma Nobela Miera pr\u0113miju par to, ka izveidoja nopietn\u0101ko mierm\u012bl\u012bgo izaicin\u0101jumu Maduro vald\u012bbai p\u0113d\u0113jo gadu laik\u0101. Pr\u0113mijas pasnieg\u0161anas laik\u0101 vi\u0146a da\u013c\u0113ji to velt\u012bja ar\u012b Trampam, kur\u0161 jau iepriek\u0161 bija paudis v\u0113lmi sa\u0146emt \u0161o apbalvojumu un uzskat\u012bja, ka ir to peln\u012bjis.<\/p>\n<p>Ma\u010dado atzina, ka kop\u0161 10. oktobra \u2014 dienas, kad tika pazi\u0146ots par Nobela pr\u0113mijas pie\u0161\u0137ir\u0161anu \u2014 ar Trampu nav run\u0101jusi. Lai gan ASV prezidents vi\u0146ai zvan\u012bjis, lai apsveiktu ar apbalvojumu, ASV mediji zi\u0146oju\u0161i, ka Tramps bijis neapmierin\u0101ts ar to, ka Ma\u010dado pie\u0146\u0113ma pr\u0113miju, nevis atteic\u0101s no t\u0101s vi\u0146a lab\u0101.<\/p>\n<p>Ma\u010dado intervija \u201cFox News\u201d izskan\u0113ja da\u017eas dienas p\u0113c tam, kad Tramps publiski pauda skepsi par sadarb\u012bbu ar vi\u0146u. \u201cManupr\u0101t, vi\u0146ai b\u016btu \u013coti gr\u016bti b\u016bt l\u012bderei,\u201d sac\u012bja Tramps, run\u0101jot par Ma\u010dado. \u201cVi\u0146ai nav atbalsta vai cie\u0146as valst\u012b. Vi\u0146a ir \u013coti jauka sieviete, bet vi\u0146ai nav autorit\u0101tes.\u201d<\/p>\n<p>Opoz\u012bcijas l\u012bdere intervij\u0101 nor\u0101d\u012bja, ka pl\u0101no atgriezties Venecu\u0113l\u0101 \u201cp\u0113c iesp\u0113jas dr\u012bz\u0101k\u201d.<\/p>\n<p>Ma\u010dado decembr\u012b \u012bslaic\u012bgi par\u0101d\u012bj\u0101s sabiedr\u012bb\u0101 Oslo, lai sa\u0146emtu Nobela Miera pr\u0113miju. Kop\u0161 9. janv\u0101ra vi\u0146a dz\u012bvoja sl\u0113pn\u012b p\u0113c tam, kad tika \u012bslaic\u012bgi aiztur\u0113ta, piedaloties pretvald\u012bbas protest\u0101 Karakas\u0101.<\/p>\n<p>2023. gad\u0101 Ma\u010dado ar p\u0101rliecino\u0161u vair\u0101kumu \u2014 93% balsu \u2014 uzvar\u0113ja opoz\u012bcijas priek\u0161v\u0113l\u0113\u0161an\u0101s, ta\u010du vi\u0146ai tika liegts ie\u0146emt valsts amatus, t\u0101d\u0113j\u0101di liedzot iesp\u0113ju kandid\u0113t 2024. gada prezidenta v\u0113l\u0113\u0161an\u0101s.<\/p>\n<p class=\"tv3-fw-500\">Zi\u0146o par k\u013c\u016bdu rakst\u0101<\/p>\n<p class=\"d-md-block d-none\">Iez\u012bm\u0113 k\u013c\u016bdaino tekstu un spied Ctrl+Enter.<\/p>\n<p class=\"d-md-none d-block\">Iez\u012bm\u0113 k\u013c\u016bdaino tekstu un zi\u0146o par to!<\/p>\n","protected":false},"excerpt":{"rendered":"58 gadus vec\u0101 Ma\u010dado sa\u0146\u0113ma Nobela Miera pr\u0113miju par to, ka izveidoja nopietn\u0101ko mierm\u012bl\u012bgo izaicin\u0101jumu Maduro vald\u012bbai p\u0113d\u0113jo&hellip;\n","protected":false},"author":2,"featured_media":96750,"comment_status":"","ping_status":"","sticky":false,"template":"","format":"standard","meta":{"footnotes":""},"categories":[14],"tags":[23,57,23976,28,29,32,33,22,30,31,35,39,38,36,37,34,40,20,26,27,24,25,54,55,56,21,58],"class_list":{"0":"post-96749","1":"post","2":"type-post","3":"status-publish","4":"format-standard","5":"has-post-thumbnail","7":"category-zinas-no-arvalstim","8":"tag-aktualitates","9":"tag-arvalstim","10":"tag-asvdonalds-trampsnobela-miera-premijavenecuela","11":"tag-breaking-news","12":"tag-breakingnews","13":"tag-featured-news","14":"tag-featurednews","15":"tag-headlines","16":"tag-latest-news","17":"tag-latestnews","18":"tag-latvia","19":"tag-latvian","20":"tag-latviesu","21":"tag-latviesu-valoda","22":"tag-latviesuvaloda","23":"tag-latvija","24":"tag-lv","25":"tag-news","26":"tag-popularakas-zinas","27":"tag-popularakaszinas","28":"tag-top-stories","29":"tag-topstories","30":"tag-world","31":"tag-world-news","32":"tag-worldnews","33":"tag-zinas","34":"tag-zinas-no-arvalstim"},"share_on_mastodon":{"url":"https:\/\/pubeurope.com\/@lv\/115852109589978919","error":""},"_links":{"self":[{"href":"https:\/\/www.europesays.com\/lv\/wp-json\/wp\/v2\/posts\/96749","targetHints":{"allow":["GET"]}}],"collection":[{"href":"https:\/\/www.europesays.com\/lv\/wp-json\/wp\/v2\/posts"}],"about":[{"href":"https:\/\/www.europesays.com\/lv\/wp-json\/wp\/v2\/types\/post"}],"author":[{"embeddable":true,"href":"https:\/\/www.europesays.com\/lv\/wp-json\/wp\/v2\/users\/2"}],"replies":[{"embeddable":true,"href":"https:\/\/www.europesays.com\/lv\/wp-json\/wp\/v2\/comments?post=96749"}],"version-history":[{"count":0,"href":"https:\/\/www.europesays.com\/lv\/wp-json\/wp\/v2\/posts\/96749\/revisions"}],"wp:featuredmedia":[{"embeddable":true,"href":"https:\/\/www.europesays.com\/lv\/wp-json\/wp\/v2\/media\/96750"}],"wp:attachment":[{"href":"https:\/\/www.europesays.com\/lv\/wp-json\/wp\/v2\/media?parent=96749"}],"wp:term":[{"taxonomy":"category","embeddable":true,"href":"https:\/\/www.europesays.com\/lv\/wp-json\/wp\/v2\/categories?post=96749"},{"taxonomy":"post_tag","embeddable":true,"href":"https:\/\/www.europesays.com\/lv\/wp-json\/wp\/v2\/tags?post=96749"}],"curies":[{"name":"wp","href":"https:\/\/api.w.org\/{rel}","templated":true}]}}