{"id":96755,"date":"2026-01-07T05:31:08","date_gmt":"2026-01-07T05:31:08","guid":{"rendered":"https:\/\/www.europesays.com\/lv\/96755\/"},"modified":"2026-01-07T05:31:08","modified_gmt":"2026-01-07T05:31:08","slug":"asv-operacija-venecuela-nogalinati-55-kubiesu-un-venecueliesu-karaviri-apollo-lv","status":"publish","type":"post","link":"https:\/\/www.europesays.com\/lv\/96755\/","title":{"rendered":"ASV oper\u0101cij\u0101 Venecu\u0113l\u0101: nogalin\u0101ti 55 kubie\u0161u un venecu\u0113lie\u0161u karav\u012bri &#8211; Apollo.lv"},"content":{"rendered":"<ol>\n<li><a href=\"https:\/\/news.google.com\/rss\/articles\/CBMiogFBVV95cUxQWXZ6ZVBfMUM4WTFIU25RMnh0VndNLWlxNFduVjBoSmpwc0E4aF9OaFBlTWtKR0RJRjZtbHBsLTRXWHBsTlRXY2FMb2FVOThPZmE1REVJS3RzMTZjTzlIaUdTQlUxYmR3dHBWeXBmYmw1TGlFcVFQS0RIdEpNZllkaFJZNVA1aHFNNWNkU25yWHZtWFVfdnR0bTZxaFNzal9SdHc?oc=5\" target=\"_blank\" rel=\"nofollow noopener\">ASV oper\u0101cij\u0101 Venecu\u0113l\u0101: nogalin\u0101ti 55 kubie\u0161u un venecu\u0113lie\u0161u karav\u012bri<\/a>&nbsp;&nbsp;Apollo.lv<\/li>\n<li><a href=\"https:\/\/news.google.com\/rss\/articles\/CBMiugFBVV95cUxQNkRyb1hyQ3QyS3F6LVhBU3VqMThJRFZQRElKOEhQall4eDNldUp5RVAyVzFmdmVOR3pPODNoNFplb3cxMHJvcl9ndU1ISDBGYXJpa2V6b042Nkk1Ui1reEtCV2dnNHdRWnFzby1VMG5FMEJHenlOZUJ1QmdFTE9ZNE5TNUtuZE4zdUlSbkZKZ0ZhTVBLQy1ZRG9IQW5CZWh3TUE2VVF2WGRwaGRjd3JnLWE1V2hLSXpxUHc?oc=5\" target=\"_blank\" rel=\"nofollow noopener\">ASV reid\u0101 Karakas\u0101 tika nogalin\u0101ti 55 kubie\u0161u un venecu\u0113lie\u0161u karav\u012bri<\/a>&nbsp;&nbsp;Delfi<\/li>\n<li><a href=\"https:\/\/news.google.com\/rss\/articles\/CBMingFBVV95cUxQejNMV0RYdl9VN05xcmZCLXNMTjlvN0pGT3ZGbEFTQmhEVEZzUVhNUndoaUxlNG9iVUM0YkdLNE5nWjNydUJsRTl1VVBEMTFiREV6anViZHNXck1ObVFYX0VXTXNBVWdLRDQwcnBkaExDaXJqOHRYdXBLcHhRVlhmeEh0VHhrQTJYQ1oyWlVZRU9GRnJLUDhEY2ozaUt6QQ?oc=5\" target=\"_blank\" rel=\"nofollow noopener\">ASV oper\u0101cij\u0101 Venecu\u0113l\u0101 nogalin\u0101ti 32 kubie\u0161u karav\u012bri un policisti<\/a>&nbsp;&nbsp;Apollo.lv<\/li>\n<li><a href=\"https:\/\/news.google.com\/rss\/articles\/CBMikgFBVV95cUxOaW5vRUlYMnpPaTFhTkJWM1I2U0o3WlJ0cmxQeE5KMGpPYzNrelZ4bm9GZVpJekhvdnpSN0laZ08xU2FOa1pTX1NuQXpLMnkxT0FQVl8tb096MU5McHU4REt1WjlMWGh5bllDSW1DRVNfaGZhd2JNa1VXQm5BT1hRMWxZS0NGMTNsanVSYTJ0cFNIZw?oc=5\" target=\"_blank\" rel=\"nofollow noopener\">Maduro aresta oper\u0101cijas laik\u0101 nogalin\u0101ti 32 kubie\u0161i<\/a>&nbsp;&nbsp;Indeksonline.<\/li>\n<li><a href=\"https:\/\/news.google.com\/rss\/articles\/CBMiwwFBVV95cUxNTDRfQzh3VnVFbmN0aGFwRE1WUEo0OHVlc0FmSFpBZmoyX0FwRVdBbzU0cjdOVXA1dGtkQlQ4am82V2Y0TlhaRERCUV9Sd3UzSjZ6Q1huU05pbUdsVTh6cEVoWk9pUnhKVk5EdGw5Ul9LaFpBZFNuMHpoM1pjZ1JRUDI4NHJ4X0ZrTjV3Nk94dzI0bVJjbk05WHp3Q1F1MlY0NDFsMW5yTmdSSmpvSWlUR1FtZGd1ckVWZVE5aUFpbFJHcE0?oc=5\" target=\"_blank\" rel=\"nofollow noopener\">Kuba pazi\u0146o, ka ASV milit\u0101raj\u0101 oper\u0101cij\u0101 Venecu\u0113l\u0101 nogalin\u0101ti 32 kubie\u0161u karav\u012bri un policisti<\/a>&nbsp;&nbsp;tv3.lv<\/li>\n<\/ol>\n","protected":false},"excerpt":{"rendered":"ASV oper\u0101cij\u0101 Venecu\u0113l\u0101: nogalin\u0101ti 55 kubie\u0161u un venecu\u0113lie\u0161u karav\u012bri&nbsp;&nbsp;Apollo.lv ASV reid\u0101 Karakas\u0101 tika nogalin\u0101ti 55 kubie\u0161u un venecu\u0113lie\u0161u&hellip;\n","protected":false},"author":2,"featured_media":96756,"comment_status":"","ping_status":"","sticky":false,"template":"","format":"standard","meta":{"footnotes":""},"categories":[14],"tags":[23,57,292,28,29,32,33,22,4989,30,31,35,39,38,36,37,34,40,20,26,27,24,25,358,54,55,56,21,58],"class_list":{"0":"post-96755","1":"post","2":"type-post","3":"status-publish","4":"format-standard","5":"has-post-thumbnail","7":"category-zinas-no-arvalstim","8":"tag-aktualitates","9":"tag-arvalstim","10":"tag-asv","11":"tag-breaking-news","12":"tag-breakingnews","13":"tag-featured-news","14":"tag-featurednews","15":"tag-headlines","16":"tag-kuba","17":"tag-latest-news","18":"tag-latestnews","19":"tag-latvia","20":"tag-latvian","21":"tag-latviesu","22":"tag-latviesu-valoda","23":"tag-latviesuvaloda","24":"tag-latvija","25":"tag-lv","26":"tag-news","27":"tag-popularakas-zinas","28":"tag-popularakaszinas","29":"tag-top-stories","30":"tag-topstories","31":"tag-venecuela","32":"tag-world","33":"tag-world-news","34":"tag-worldnews","35":"tag-zinas","36":"tag-zinas-no-arvalstim"},"share_on_mastodon":{"url":"https:\/\/pubeurope.com\/@lv\/115852180377417113","error":""},"_links":{"self":[{"href":"https:\/\/www.europesays.com\/lv\/wp-json\/wp\/v2\/posts\/96755","targetHints":{"allow":["GET"]}}],"collection":[{"href":"https:\/\/www.europesays.com\/lv\/wp-json\/wp\/v2\/posts"}],"about":[{"href":"https:\/\/www.europesays.com\/lv\/wp-json\/wp\/v2\/types\/post"}],"author":[{"embeddable":true,"href":"https:\/\/www.europesays.com\/lv\/wp-json\/wp\/v2\/users\/2"}],"replies":[{"embeddable":true,"href":"https:\/\/www.europesays.com\/lv\/wp-json\/wp\/v2\/comments?post=96755"}],"version-history":[{"count":0,"href":"https:\/\/www.europesays.com\/lv\/wp-json\/wp\/v2\/posts\/96755\/revisions"}],"wp:featuredmedia":[{"embeddable":true,"href":"https:\/\/www.europesays.com\/lv\/wp-json\/wp\/v2\/media\/96756"}],"wp:attachment":[{"href":"https:\/\/www.europesays.com\/lv\/wp-json\/wp\/v2\/media?parent=96755"}],"wp:term":[{"taxonomy":"category","embeddable":true,"href":"https:\/\/www.europesays.com\/lv\/wp-json\/wp\/v2\/categories?post=96755"},{"taxonomy":"post_tag","embeddable":true,"href":"https:\/\/www.europesays.com\/lv\/wp-json\/wp\/v2\/tags?post=96755"}],"curies":[{"name":"wp","href":"https:\/\/api.w.org\/{rel}","templated":true}]}}