{"id":96767,"date":"2026-01-07T05:49:08","date_gmt":"2026-01-07T05:49:08","guid":{"rendered":"https:\/\/www.europesays.com\/lv\/96767\/"},"modified":"2026-01-07T05:49:08","modified_gmt":"2026-01-07T05:49:08","slug":"asv-sanems-no-venecuelas-lidz-50-miljoniem-barelu-sankcijam-paklautas-naftas","status":"publish","type":"post","link":"https:\/\/www.europesays.com\/lv\/96767\/","title":{"rendered":"ASV sa\u0146ems no Venecu\u0113las l\u012bdz 50 miljoniem barelu sankcij\u0101m pak\u013cautas naftas"},"content":{"rendered":"<p>Tramps sav\u0101 soci\u0101lo mediju platform\u0101 &#8220;Truth Social&#8221; rakst\u012bja, ka \u0161\u012b <a href=\"https:\/\/www.tvnet.lv\/term\/8630\/nafta\" class=\"topicLink\" target=\"_blank\" rel=\"nofollow noopener\">nafta<\/a> tiks p\u0101rdota par tirgus cen\u0101m un vi\u0146\u0161 k\u0101 prezidents kontrol\u0113s \u0161o pe\u013c\u0146u, lai nodro\u0161in\u0101tu, ka t\u0101 tiek izmantota, &#8220;lai dotu labumu Venecu\u0113las tautai un Savienotaj\u0101m Valst\u012bm&#8221;.<\/p>\n<p>&#8220;Es esmu l\u016bdzis ener\u0123\u0113tikas ministru Krisu Raitu nekav\u0113joties \u012bstenot \u0161o pl\u0101nus. T\u0101 (nafta) tiks uz\u0146emta kravas ku\u0123os un aizvesta tie\u0161i uz izkrau\u0161anas dokiem Savienotaj\u0101s Valst\u012bs,&#8221; piebilda Tramps.<\/p>\n<p><a href=\"https:\/\/www.tvnet.lv\/term\/555410\/asv\" class=\"topicLink\" target=\"_blank\" rel=\"nofollow noopener\">ASV<\/a> sestdien sag\u016bst\u012bja Venecu\u0113las autorit\u0101ro l\u012bderi Nikolasu Maduro un aizveda vi\u0146u uz \u0145ujorku, kur Maduro tiks ties\u0101ts par narkotiku noziegumiem. P\u0113c \u0161\u012bs oper\u0101cijas Tramps pazi\u0146oja, ka ASV p\u0101rvald\u012bs Venecu\u0113lu un t\u0101s milz\u012bgos naftas kr\u0101jumus.<\/p>\n<p>Tramps iepriek\u0161 bija uzsv\u0113ris Venecu\u0113las naftas r\u016bpniec\u012bbas ekonomisko potenci\u0101lu, sakot, ka liel\u0101s ASV naftas komp\u0101nijas ieguld\u012bs miljardiem dol\u0101ru Venecu\u0113l\u0101, lai salabotu infrastrukt\u016bru un att\u012bst\u012btu naftas ieguvi.<\/p>\n","protected":false},"excerpt":{"rendered":"Tramps sav\u0101 soci\u0101lo mediju platform\u0101 &#8220;Truth Social&#8221; rakst\u012bja, ka \u0161\u012b nafta tiks p\u0101rdota par tirgus cen\u0101m un vi\u0146\u0161&hellip;\n","protected":false},"author":2,"featured_media":96768,"comment_status":"","ping_status":"","sticky":false,"template":"","format":"standard","meta":{"footnotes":""},"categories":[14],"tags":[23,57,292,28,29,542,32,33,22,30,31,35,39,38,36,37,34,40,2421,20,26,27,24,25,358,54,55,56,21,58],"class_list":{"0":"post-96767","1":"post","2":"type-post","3":"status-publish","4":"format-standard","5":"has-post-thumbnail","7":"category-zinas-no-arvalstim","8":"tag-aktualitates","9":"tag-arvalstim","10":"tag-asv","11":"tag-breaking-news","12":"tag-breakingnews","13":"tag-donalds-tramps","14":"tag-featured-news","15":"tag-featurednews","16":"tag-headlines","17":"tag-latest-news","18":"tag-latestnews","19":"tag-latvia","20":"tag-latvian","21":"tag-latviesu","22":"tag-latviesu-valoda","23":"tag-latviesuvaloda","24":"tag-latvija","25":"tag-lv","26":"tag-nafta","27":"tag-news","28":"tag-popularakas-zinas","29":"tag-popularakaszinas","30":"tag-top-stories","31":"tag-topstories","32":"tag-venecuela","33":"tag-world","34":"tag-world-news","35":"tag-worldnews","36":"tag-zinas","37":"tag-zinas-no-arvalstim"},"share_on_mastodon":{"url":"https:\/\/pubeurope.com\/@lv\/115852251214342579","error":""},"_links":{"self":[{"href":"https:\/\/www.europesays.com\/lv\/wp-json\/wp\/v2\/posts\/96767","targetHints":{"allow":["GET"]}}],"collection":[{"href":"https:\/\/www.europesays.com\/lv\/wp-json\/wp\/v2\/posts"}],"about":[{"href":"https:\/\/www.europesays.com\/lv\/wp-json\/wp\/v2\/types\/post"}],"author":[{"embeddable":true,"href":"https:\/\/www.europesays.com\/lv\/wp-json\/wp\/v2\/users\/2"}],"replies":[{"embeddable":true,"href":"https:\/\/www.europesays.com\/lv\/wp-json\/wp\/v2\/comments?post=96767"}],"version-history":[{"count":0,"href":"https:\/\/www.europesays.com\/lv\/wp-json\/wp\/v2\/posts\/96767\/revisions"}],"wp:featuredmedia":[{"embeddable":true,"href":"https:\/\/www.europesays.com\/lv\/wp-json\/wp\/v2\/media\/96768"}],"wp:attachment":[{"href":"https:\/\/www.europesays.com\/lv\/wp-json\/wp\/v2\/media?parent=96767"}],"wp:term":[{"taxonomy":"category","embeddable":true,"href":"https:\/\/www.europesays.com\/lv\/wp-json\/wp\/v2\/categories?post=96767"},{"taxonomy":"post_tag","embeddable":true,"href":"https:\/\/www.europesays.com\/lv\/wp-json\/wp\/v2\/tags?post=96767"}],"curies":[{"name":"wp","href":"https:\/\/api.w.org\/{rel}","templated":true}]}}