{"id":96797,"date":"2026-01-07T06:26:07","date_gmt":"2026-01-07T06:26:07","guid":{"rendered":"https:\/\/www.europesays.com\/lv\/96797\/"},"modified":"2026-01-07T06:26:07","modified_gmt":"2026-01-07T06:26:07","slug":"piektdien-gaidams-sniegvilksnis-bet-nakamnedel-20-gradu-sals","status":"publish","type":"post","link":"https:\/\/www.europesays.com\/lv\/96797\/","title":{"rendered":"Piektdien gaid\u0101ms sniegvilksnis, bet n\u0101kamned\u0113\u013c -20 gr\u0101du sals"},"content":{"rendered":"<p>Ceturtdien nav gaid\u0101mi b\u016btiski nokri\u0161\u0146i, pamaz\u0101m s\u0101ks pastiprin\u0101ties austrumu, zieme\u013caustrumu v\u0113j\u0161 &#8211; vakar\u0101 Latgal\u0113 b\u016bs br\u0101zmas l\u012bdz 13 metriem sekund\u0113. Gaisa temperat\u016bra caurm\u0113r\u0101 -5..-10 gr\u0101di.<\/p>\n<p>Piektdien vis\u0101 valst\u012b v\u0113j\u0161 putin\u0101s sniegu, viet\u0101m &#8211; stipri. Liel\u0101kais putenis gaid\u0101ms Latgal\u0113, k\u0101 ar\u012b da\u017eviet Vidzem\u0113 un Kurzem\u0113. Nokri\u0161\u0146u neb\u016bs, vien\u012bgi Latgales dienvidos snigs.<\/p>\n<p>Sagaid\u0101ms, ka zieme\u013caustrumu v\u0113ja \u0101trums br\u0101zm\u0101s piektdien sasniegs 13-18 metrus sekund\u0113, R\u012bgas l\u012b\u010da Kurzemes piekrast\u0113 &#8211; pat 23 metrus sekund\u0113. Nakt\u012b uz sestdienu v\u0113j\u0161 k\u013c\u016bs tikai nedaudz l\u0113n\u0101ks, t\u0101d\u0113\u013c daudzviet turpin\u0101sies sniegvilksnis.<\/p>\n<p>Gaisa temperat\u016bra piektdien valsts liel\u0101kaj\u0101 da\u013c\u0101 b\u016bs -7..-12 gr\u0101di, Zieme\u013ckurzem\u0113 -3..-7 gr\u0101di. L\u012bdz\u012bgs sals saglab\u0101sies sestdien, kad daudzviet snigs, bet v\u0113j\u0161 pamaz\u0101m rims.<\/p>\n<p>N\u0101kamned\u0113\u013c gaisa temperat\u016bra Latvij\u0101 var nosl\u012bd\u0113t zem -20 gr\u0101diem.<\/p>\n","protected":false},"excerpt":{"rendered":"Ceturtdien nav gaid\u0101mi b\u016btiski nokri\u0161\u0146i, pamaz\u0101m s\u0101ks pastiprin\u0101ties austrumu, zieme\u013caustrumu v\u0113j\u0161 &#8211; vakar\u0101 Latgal\u0113 b\u016bs br\u0101zmas l\u012bdz 13&hellip;\n","protected":false},"author":2,"featured_media":96798,"comment_status":"","ping_status":"","sticky":false,"template":"","format":"standard","meta":{"footnotes":""},"categories":[12],"tags":[5869,23,28,29,32,33,22,1811,396,397,30,31,35,39,38,36,37,34,40,20,26,27,24,25,21],"class_list":{"0":"post-96797","1":"post","2":"type-post","3":"status-publish","4":"format-standard","5":"has-post-thumbnail","7":"category-latvija","8":"tag-ziema","9":"tag-aktualitates","10":"tag-breaking-news","11":"tag-breakingnews","12":"tag-featured-news","13":"tag-featurednews","14":"tag-headlines","15":"tag-laika-zina","16":"tag-laika-zinas","17":"tag-laikapstakli","18":"tag-latest-news","19":"tag-latestnews","20":"tag-latvia","21":"tag-latvian","22":"tag-latviesu","23":"tag-latviesu-valoda","24":"tag-latviesuvaloda","25":"tag-latvija","26":"tag-lv","27":"tag-news","28":"tag-popularakas-zinas","29":"tag-popularakaszinas","30":"tag-top-stories","31":"tag-topstories","32":"tag-zinas"},"share_on_mastodon":{"url":"https:\/\/pubeurope.com\/@lv\/115852396647811331","error":""},"_links":{"self":[{"href":"https:\/\/www.europesays.com\/lv\/wp-json\/wp\/v2\/posts\/96797","targetHints":{"allow":["GET"]}}],"collection":[{"href":"https:\/\/www.europesays.com\/lv\/wp-json\/wp\/v2\/posts"}],"about":[{"href":"https:\/\/www.europesays.com\/lv\/wp-json\/wp\/v2\/types\/post"}],"author":[{"embeddable":true,"href":"https:\/\/www.europesays.com\/lv\/wp-json\/wp\/v2\/users\/2"}],"replies":[{"embeddable":true,"href":"https:\/\/www.europesays.com\/lv\/wp-json\/wp\/v2\/comments?post=96797"}],"version-history":[{"count":0,"href":"https:\/\/www.europesays.com\/lv\/wp-json\/wp\/v2\/posts\/96797\/revisions"}],"wp:featuredmedia":[{"embeddable":true,"href":"https:\/\/www.europesays.com\/lv\/wp-json\/wp\/v2\/media\/96798"}],"wp:attachment":[{"href":"https:\/\/www.europesays.com\/lv\/wp-json\/wp\/v2\/media?parent=96797"}],"wp:term":[{"taxonomy":"category","embeddable":true,"href":"https:\/\/www.europesays.com\/lv\/wp-json\/wp\/v2\/categories?post=96797"},{"taxonomy":"post_tag","embeddable":true,"href":"https:\/\/www.europesays.com\/lv\/wp-json\/wp\/v2\/tags?post=96797"}],"curies":[{"name":"wp","href":"https:\/\/api.w.org\/{rel}","templated":true}]}}