{"id":96799,"date":"2026-01-07T06:27:16","date_gmt":"2026-01-07T06:27:16","guid":{"rendered":"https:\/\/www.europesays.com\/lv\/96799\/"},"modified":"2026-01-07T06:27:16","modified_gmt":"2026-01-07T06:27:16","slug":"pasvaldiba-dokumentu-parbaude-atklajusi-lielu-nolaidibu","status":"publish","type":"post","link":"https:\/\/www.europesays.com\/lv\/96799\/","title":{"rendered":"Pa\u0161vald\u012bba dokumentu p\u0101rbaud\u0113 atkl\u0101jusi lielu nolaid\u012bbu"},"content":{"rendered":"<p>Pa\u0161vald\u012bba pazi\u0146oja, ka uzdos neatkar\u012bgiem speci\u0101listiem p\u0101rbaud\u012bt visas sabiedrisk\u0101s iest\u0101des un aizliegs pirotehnisko ier\u012b\u010du izmanto\u0161anu telp\u0101s.<\/p>\n<p>&#8220;Le Constellation&#8221; pieder Francijas pilso\u0146iem \u017dakam un D\u017eesikai Moreti. Vi\u0146i ar\u012b p\u0101rvalda b\u0101ru.<\/p>\n<p>Pret p\u0101ri s\u0101kta krimin\u0101lizmekl\u0113\u0161ana. Vi\u0146i aps\u016bdz\u0113ti par net\u012b\u0161u slepkav\u012bbu aiz neuzman\u012bbas, miesas boj\u0101jumu nodar\u012b\u0161anu aiz neuzman\u012bbas un \u013caunpr\u0101t\u012bgu dedzin\u0101\u0161anu aiz neuzman\u012bbas.<\/p>\n<p>&#8220;Le Constellation&#8221; tika nodibin\u0101ts 1967. gad\u0101. Pa\u0161vald\u012bbas dokumentos ir nor\u0101de, ka b\u0101ra pirm\u0101 st\u0101va ietilp\u012bba ir 100 cilv\u0113ki un pagrabst\u0101va &#8211; ar\u012b 100 cilv\u0113ki.<\/p>\n<p>Saska\u0146\u0101 ar \u012bpa\u0161nieku uz\u0146emtajiem fotoatt\u0113liem 2015. gad\u0101 remontdarbu proces\u0101, kam, k\u0101 nor\u0101d\u012bja pa\u0161vald\u012bba, nebija nepiecie\u0161am\u0101s at\u013caujas, b\u0101ra griesti tika nosegti ar ska\u0146as izol\u0101cijas put\u0101m.<\/p>\n<p>K\u0101da b\u0101ra apmekl\u0113t\u0101ja uz\u0146emts video, ko pirmdien demonstr\u0113ja \u0160veices raidorganiz\u0101cija RTS, liecina, ka par aizdeg\u0161an\u0101s briesm\u0101m bija zin\u0101ms jau pirms vair\u0101kiem gadiem. Jau 2019. gad\u0101 Jaungada svin\u012bbu laik\u0101 b\u0101ra darbiniece br\u012bdin\u0101jusi uzman\u012bties no put\u0101m, pace\u013cot \u0161ampanie\u0161u pudeles ar br\u012bnumsvec\u012bt\u0113m.<\/p>\n<p>Vid\u0113jais ugunsgr\u0113k\u0101 boj\u0101g\u0101ju\u0161o vecums ir 19 gadi. Asto\u0146i no boj\u0101g\u0101ju\u0161ajiem bija jaun\u0101ki par 16 gadiem.<\/p>\n<p>Lai gan liel\u0101k\u0101 da\u013ca no nogalin\u0101tajiem ir \u0160veices pilso\u0146i, starp boj\u0101g\u0101ju\u0161ajiem ir ar\u012b devi\u0146i Francijas un se\u0161i It\u0101lijas pilso\u0146i.<\/p>\n<p>&#8220;No \u0161\u012bs tra\u0123\u0113dijas var\u0113ja izvair\u012bties&#8221; un &#8220;no t\u0101s vajadz\u0113ja izvair\u012bties, izmantojot profilaksi un veselo sapr\u0101tu,&#8221; pirmdien uzsv\u0113ra It\u0101lijas v\u0113stnieks \u0160veic\u0113.<\/p>\n<p>\u0160veic\u0113 piektdien izsludin\u0101ta s\u0113ru diena.<\/p>\n","protected":false},"excerpt":{"rendered":"Pa\u0161vald\u012bba pazi\u0146oja, ka uzdos neatkar\u012bgiem speci\u0101listiem p\u0101rbaud\u012bt visas sabiedrisk\u0101s iest\u0101des un aizliegs pirotehnisko ier\u012b\u010du izmanto\u0161anu telp\u0101s. &#8220;Le Constellation&#8221;&hellip;\n","protected":false},"author":2,"featured_media":91985,"comment_status":"","ping_status":"","sticky":false,"template":"","format":"standard","meta":{"footnotes":""},"categories":[5],"tags":[23,28,29,32,33,22,30,31,35,39,38,36,37,34,40,20,26,27,7239,24,25,21],"class_list":{"0":"post-96799","1":"post","2":"type-post","3":"status-publish","4":"format-standard","5":"has-post-thumbnail","7":"category-aktualitates","8":"tag-aktualitates","9":"tag-breaking-news","10":"tag-breakingnews","11":"tag-featured-news","12":"tag-featurednews","13":"tag-headlines","14":"tag-latest-news","15":"tag-latestnews","16":"tag-latvia","17":"tag-latvian","18":"tag-latviesu","19":"tag-latviesu-valoda","20":"tag-latviesuvaloda","21":"tag-latvija","22":"tag-lv","23":"tag-news","24":"tag-popularakas-zinas","25":"tag-popularakaszinas","26":"tag-sveice","27":"tag-top-stories","28":"tag-topstories","29":"tag-zinas"},"share_on_mastodon":{"url":"https:\/\/pubeurope.com\/@lv\/115852400625632542","error":""},"_links":{"self":[{"href":"https:\/\/www.europesays.com\/lv\/wp-json\/wp\/v2\/posts\/96799","targetHints":{"allow":["GET"]}}],"collection":[{"href":"https:\/\/www.europesays.com\/lv\/wp-json\/wp\/v2\/posts"}],"about":[{"href":"https:\/\/www.europesays.com\/lv\/wp-json\/wp\/v2\/types\/post"}],"author":[{"embeddable":true,"href":"https:\/\/www.europesays.com\/lv\/wp-json\/wp\/v2\/users\/2"}],"replies":[{"embeddable":true,"href":"https:\/\/www.europesays.com\/lv\/wp-json\/wp\/v2\/comments?post=96799"}],"version-history":[{"count":0,"href":"https:\/\/www.europesays.com\/lv\/wp-json\/wp\/v2\/posts\/96799\/revisions"}],"wp:featuredmedia":[{"embeddable":true,"href":"https:\/\/www.europesays.com\/lv\/wp-json\/wp\/v2\/media\/91985"}],"wp:attachment":[{"href":"https:\/\/www.europesays.com\/lv\/wp-json\/wp\/v2\/media?parent=96799"}],"wp:term":[{"taxonomy":"category","embeddable":true,"href":"https:\/\/www.europesays.com\/lv\/wp-json\/wp\/v2\/categories?post=96799"},{"taxonomy":"post_tag","embeddable":true,"href":"https:\/\/www.europesays.com\/lv\/wp-json\/wp\/v2\/tags?post=96799"}],"curies":[{"name":"wp","href":"https:\/\/api.w.org\/{rel}","templated":true}]}}