{"id":96894,"date":"2026-01-07T08:24:12","date_gmt":"2026-01-07T08:24:12","guid":{"rendered":"https:\/\/www.europesays.com\/lv\/96894\/"},"modified":"2026-01-07T08:24:12","modified_gmt":"2026-01-07T08:24:12","slug":"madona-pulces-pasaules-toposas-biatlona-zvaigznes-startes-ari-pasmaju-jaunie-lideri-raksts","status":"publish","type":"post","link":"https:\/\/www.europesays.com\/lv\/96894\/","title":{"rendered":"Madona pulc\u0113s pasaules topo\u0161\u0101s biatlona zvaigznes, start\u0113s ar\u012b pa\u0161m\u0101ju jaunie l\u012bderi \/ Raksts"},"content":{"rendered":"<p>Janv\u0101ra vid\u016b Madonas novad\u0101 &#8220;Smeceres sil\u0101&#8221; risin\u0101sies Starptautisk\u0101s Biatlona savien\u012bbas (IBU) junioru kausa posms, pulc\u0113jot sporta veida n\u0101kamos pasaules klases izcilniekus. Dal\u012bbnieku vid\u016b b\u016bs ar\u012b sp\u0113c\u012bgi Latvijas juniori, kas febru\u0101r\u012b start\u0113s Mil\u0101nas-Kort\u012bnas ziemas olimpiskaj\u0101s sp\u0113l\u0113s, tre\u0161dien Latvijas Telev\u012bzij\u0101 past\u0101st\u012bja sacens\u012bbu sporta direktors Gundars Upenieks.<\/p>\n<p>R\u012bkot\u0101jiem v\u0113l p\u0113rn\u0101 gada nogal\u0113 bija ba\u017eas par iesp\u0113ju uz\u0146emt sacens\u012bbas tr\u016bc\u012bgo sniega kr\u0101jumu d\u0113\u013c, tom\u0113r satraukumu klied\u0113ja cer\u012bga laika prognoze un v\u0113l\u0101k ar\u012b \u012bsti ziem\u012bgu laikapst\u0101k\u013cu iest\u0101\u0161an\u0101s. Nepiecie\u0161amo pieredzi organizatori\u00a0Madonas pus\u0113 iekr\u0101ja jau pirms trim gadiem, uz\u0146emot Eiropas junioru \u010dempion\u0101tu. Biatlona stadiona iek\u0101rtojums b\u016bs nemain\u012bgs\u00a0un komandu uz\u0146em\u0161an\u0101 pras\u012bbas nav main\u012bju\u0161\u0101s.<\/p>\n<p>IBU junioru kausa posmam ir pieteiku\u0161\u0101s 25 valstis, bet da\u017e\u0101du iemeslu d\u0113\u013c ne visas piedal\u012bsies, nor\u0101d\u012bja Upenieks. Ta\u010du konkurence b\u016bs augst\u0101 l\u012bmen\u012b, ko stiprin\u0101s ar\u012b sp\u0113c\u012bgi m\u0101jinieki.<\/p>\n<blockquote>\n<p>Dal\u012bbnieku vid\u016b b\u016bs Rihards Lozbers un Estere Volfa, kuri febru\u0101r\u012b Latviju p\u0101rst\u0101v\u0113s Mil\u0101nas-Kort\u012bnas ziemas olimpiskaj\u0101s sp\u0113l\u0113s.<\/p>\n<\/blockquote>\n<p class=\"note__heading\">Nepalaid gar\u0101m svar\u012bgo sport\u0101!<\/p>\n<p>                <img decoding=\"async\" src=\"https:\/\/www.europesays.com\/lv\/wp-content\/uploads\/2025\/10\/1761676629_620_6807733971a3b.png\" alt=\"Nepalaid gar\u0101m svar\u012bgo sport\u0101!\"\/><\/p>\n<p><a href=\"https:\/\/www.lsm.lv\/wa-sports\" rel=\"nofollow noopener\" target=\"_blank\">Spied \u0161eit<\/a> vai sken\u0113 kvadr\u0101tkodu un pievienojies LSM Sporta &#8220;WhatsApp&#8221; kan\u0101lam.<\/p>\n<p>Un neaizmirsti iesl\u0113gt pazi\u0146ojumus (\ud83d\udd14zvani\u0146a poga)! Svar\u012bg\u0101k\u0101s sporta aktualit\u0101tes, tie\u0161raides un anal\u012bze vienuviet.<\/p>\n<p>&#8220;\u013boti augstv\u0113rt\u012bgas sacens\u012bbas &#8211; konkurence b\u016bs pietiekami sol\u012bda un katr\u0101 valst\u012b ir pa atsevi\u0161\u0137am izcilam sportistam,&#8221; teica Upenieks. &#8220;Redz\u0113sim savus lab\u0101kos biatlonistus, da\u013ca no tiem start\u0113s olimpiskaj\u0101s sp\u0113l\u0113s. Jaunajiem biatlonistiem tas ir liels izaicin\u0101jums &#8211; m\u0101j\u0101s jut\u012bs zin\u0101mu spiedienu. Skat\u012bt\u0101ji, l\u012bdzjut\u0113ji tom\u0113r grib\u0113s redz\u0113t no vi\u0146iem pozit\u012bvu rezult\u0101tu.&#8221;<\/p>\n<p>Upenieks uzsv\u0113ra, ka sacens\u012bb\u0101s b\u016bs redzamas n\u0101kam\u0101s biatlona zvaigznes, kas pa\u0161laik junioru aprit\u0113 v\u0113l tikai sper svar\u012bgus so\u013cus sportiskaj\u0101 izaugsm\u0113. Piem\u0113ram, pa\u0161laik Francijas izlas\u0113 jau Pasaules kausa l\u012bmen\u012b start\u0113 sportistes, kas 2023. gad\u0101 Madon\u0101 piedal\u012bj\u0101s Eiropas junioru \u010dempion\u0101t\u0101. Junioru sports ir neprognoz\u0113jams, un iepriek\u0161 nav paredzams, kuri biatlonisti g\u016bs liel\u0101kos pan\u0101kumus n\u0101kotn\u0113, paskaidroja Upenieks.<\/p>\n<p>Junioru kauss var k\u013c\u016bt par labu atsp\u0113riena punktu, lai stiprin\u0101tu &#8220;Smeceres sila&#8221; infrastrukt\u016bru un perspekt\u012bv\u0101 r\u012bkotu ar\u012b IBU kausa vai pat Pasaules kausa l\u012bme\u0146a sacens\u012bbas. Patlaban infrastrukt\u016bra augst\u0101kam l\u012bmenim liedz pieteikties, ta\u010du laba junioru sacens\u012bbu sar\u012bko\u0161ana paver n\u0101kotnes perspekt\u012bvas, uzsv\u0113ra Upenieks. Vi\u0146\u0161 piebilda, ka ir svar\u012bgi darboties un b\u016bt aprit\u0113 t\u0101pat k\u0101 Igaunijai, kas 20 gadus g\u0101ja uz Pasaules kausa sacens\u012bbu sar\u012bko\u0161anu un 2027. gad\u0101 Otep\u0113 jau uz\u0146ems pasaules \u010dempion\u0101tu.\u00a0<\/p>\n<blockquote>\n<p>IBU junioru kausa posm\u0101 no 14. l\u012bdz 17.\u00a0janv\u0101rim v\u012brie\u0161iem un sieviet\u0113m paredz\u0113tas pa div\u0101m sprinta sacens\u012bb\u0101m un distance ar kop\u012bgu startu.<\/p>\n<\/blockquote>\n<p>Upenieks sagaida, ka starptautisk\u0101s sacens\u012bbas pa\u0161u m\u0101j\u0101s motiv\u0113s jaunos sportistus da\u017e\u0101dos Latvijas novados turpin\u0101t treni\u0146us biatlon\u0101, lai tiektos uz augst\u0101kajiem pan\u0101kumiem.\u00a0<\/p>\n<p>                    Valodas k\u013c\u016bda rakst\u0101?<\/p>\n<p class=\"d-none d-md-block\">Iez\u012bm\u0113jiet tekstu un spiediet Ctrl+Enter, lai nos\u016bt\u012btu labojamo teksta fragmentu redaktoram! Par faktu k\u013c\u016bd\u0101m l\u016bdzam zi\u0146ot e-past\u0101 <a href=\"https:\/\/www.lsm.lv\/cdn-cgi\/l\/email-protection\" class=\"__cf_email__\" data-cfemail=\"324057565359515b5853725e415f1c5e44\" rel=\"nofollow noopener\" target=\"_blank\">[email\u00a0protected]<\/a>.<\/p>\n<p class=\"d-md-none\">Iez\u012bm\u0113jiet tekstu un spiediet uz Zi\u0146ot par k\u013c\u016bdu pogas, lai nos\u016bt\u012btu labojamo teksta fragmentu redaktoram!<\/p>\n<p>\n                    Zi\u0146ot par k\u013c\u016bdu\n                <\/p>\n","protected":false},"excerpt":{"rendered":"Janv\u0101ra vid\u016b Madonas novad\u0101 &#8220;Smeceres sil\u0101&#8221; risin\u0101sies Starptautisk\u0101s Biatlona savien\u012bbas (IBU) junioru kausa posms, pulc\u0113jot sporta veida n\u0101kamos&hellip;\n","protected":false},"author":2,"featured_media":96895,"comment_status":"","ping_status":"","sticky":false,"template":"","format":"standard","meta":{"footnotes":""},"categories":[17],"tags":[35,39,38,36,37,34,40,67],"class_list":{"0":"post-96894","1":"post","2":"type-post","3":"status-publish","4":"format-standard","5":"has-post-thumbnail","7":"category-sports","8":"tag-latvia","9":"tag-latvian","10":"tag-latviesu","11":"tag-latviesu-valoda","12":"tag-latviesuvaloda","13":"tag-latvija","14":"tag-lv","15":"tag-sports"},"share_on_mastodon":{"url":"https:\/\/pubeurope.com\/@lv\/115852860600749905","error":""},"_links":{"self":[{"href":"https:\/\/www.europesays.com\/lv\/wp-json\/wp\/v2\/posts\/96894","targetHints":{"allow":["GET"]}}],"collection":[{"href":"https:\/\/www.europesays.com\/lv\/wp-json\/wp\/v2\/posts"}],"about":[{"href":"https:\/\/www.europesays.com\/lv\/wp-json\/wp\/v2\/types\/post"}],"author":[{"embeddable":true,"href":"https:\/\/www.europesays.com\/lv\/wp-json\/wp\/v2\/users\/2"}],"replies":[{"embeddable":true,"href":"https:\/\/www.europesays.com\/lv\/wp-json\/wp\/v2\/comments?post=96894"}],"version-history":[{"count":0,"href":"https:\/\/www.europesays.com\/lv\/wp-json\/wp\/v2\/posts\/96894\/revisions"}],"wp:featuredmedia":[{"embeddable":true,"href":"https:\/\/www.europesays.com\/lv\/wp-json\/wp\/v2\/media\/96895"}],"wp:attachment":[{"href":"https:\/\/www.europesays.com\/lv\/wp-json\/wp\/v2\/media?parent=96894"}],"wp:term":[{"taxonomy":"category","embeddable":true,"href":"https:\/\/www.europesays.com\/lv\/wp-json\/wp\/v2\/categories?post=96894"},{"taxonomy":"post_tag","embeddable":true,"href":"https:\/\/www.europesays.com\/lv\/wp-json\/wp\/v2\/tags?post=96894"}],"curies":[{"name":"wp","href":"https:\/\/api.w.org\/{rel}","templated":true}]}}