{"id":96970,"date":"2026-01-07T09:15:08","date_gmt":"2026-01-07T09:15:08","guid":{"rendered":"https:\/\/www.europesays.com\/lv\/96970\/"},"modified":"2026-01-07T09:15:08","modified_gmt":"2026-01-07T09:15:08","slug":"amata-iecelta-latvijas-dzelzcela-pagaidu-padomes-priekssedetaja","status":"publish","type":"post","link":"https:\/\/www.europesays.com\/lv\/96970\/","title":{"rendered":"Amat\u0101 iecelta &#8220;Latvijas dzelzce\u013ca&#8221; pagaidu padomes priek\u0161s\u0113d\u0113t\u0101ja"},"content":{"rendered":"<p>T\u0101pat kop\u0161 2014. gada Elksni\u0146a-Za\u0161\u010dirinska ir \u0100rvalstu investoru padomes Latvij\u0101 valdes priek\u0161s\u0113d\u0113t\u0101ja.<\/p>\n<p>LETA jau zi\u0146oja, ka p\u0113rn decembr\u012b no amatiem atk\u0101p\u0101s LDz padomes priek\u0161s\u0113d\u0113t\u0101js Andris Liepi\u0146\u0161 un padomes loceklis Reinis Ceplis.<\/p>\n<p>&#8220;Kop\u0101 ar LDz esam nog\u0101ju\u0161i iz\u0161\u0137iro\u0161i svar\u012bgu posmu \u0161\u012b uz\u0146\u0113muma v\u0113stur\u0113, esam paveiku\u0161i \u013coti daudz un uzskat\u0101m, ka ir pien\u0101cis laiks nodot atbild\u012bbu par LDz t\u0101l\u0101ko p\u0101rraudz\u012bbu citiem profesion\u0101\u013ciem,&#8221; iepriek\u0161 pazi\u0146ojum\u0101 nor\u0101d\u012bja Ceplis.<\/p>\n<p>Liepi\u0146\u0161 un Ceplis tika iecelti LDz padom\u0113 2019. gada vid\u016b, un 2024. gada vasar\u0101 vi\u0146u pilnvaru termi\u0146\u0161 tika pagarin\u0101ts v\u0113l uz pieciem gadiem &#8211; l\u012bdz 2029. gada j\u016bnijam.<\/p>\n<p>Jau zi\u0146ots, ka LDz koncerna apgroz\u012bjums 2024. gad\u0101 bija 233,738 miljoni eiro, kas ir par 11,3% maz\u0101k nek\u0101 2023. gad\u0101, savuk\u0101rt koncerna zaud\u0113jumi pieauga daudzk\u0101rt\u012bgi &#8211; l\u012bdz 39,438 miljoniem eiro.<\/p>\n<p>Reorganiz\u0101cijas proces\u0101 p\u0113rn LDz meitasuz\u0146\u0113mumam SIA &#8220;LDz Cargo&#8221; 2025. gada oktobr\u012b tika pievienoti LDz meitasuz\u0146\u0113mumi SIA &#8220;LDz rito\u0161\u0101 sast\u0101va serviss&#8221; un SIA &#8220;LDz lo\u0123istika&#8221;. LDz koncern\u0101 ietilpst ar\u012b &#8220;LatRailNet&#8221;, kas veic infrastrukt\u016bras maksas noteik\u0161anu un dzelzce\u013ca infrastrukt\u016bras jaudas sadali, un apsardzes uz\u0146\u0113mums &#8220;LDz apsardze&#8221;.<\/p>\n","protected":false},"excerpt":{"rendered":"T\u0101pat kop\u0161 2014. gada Elksni\u0146a-Za\u0161\u010dirinska ir \u0100rvalstu investoru padomes Latvij\u0101 valdes priek\u0161s\u0113d\u0113t\u0101ja. LETA jau zi\u0146oja, ka p\u0113rn decembr\u012b&hellip;\n","protected":false},"author":2,"featured_media":96971,"comment_status":"","ping_status":"","sticky":false,"template":"","format":"standard","meta":{"footnotes":""},"categories":[12],"tags":[23,28,29,32,33,22,30,31,35,39,38,36,37,34,3343,40,20,26,27,956,24,25,4882,21],"class_list":{"0":"post-96970","1":"post","2":"type-post","3":"status-publish","4":"format-standard","5":"has-post-thumbnail","7":"category-latvija","8":"tag-aktualitates","9":"tag-breaking-news","10":"tag-breakingnews","11":"tag-featured-news","12":"tag-featurednews","13":"tag-headlines","14":"tag-latest-news","15":"tag-latestnews","16":"tag-latvia","17":"tag-latvian","18":"tag-latviesu","19":"tag-latviesu-valoda","20":"tag-latviesuvaloda","21":"tag-latvija","22":"tag-latvijas-dzelzcels","23":"tag-lv","24":"tag-news","25":"tag-popularakas-zinas","26":"tag-popularakaszinas","27":"tag-satiksmes-ministrija","28":"tag-top-stories","29":"tag-topstories","30":"tag-transports-un-logistika","31":"tag-zinas"},"share_on_mastodon":{"url":"https:\/\/pubeurope.com\/@lv\/115853061212778110","error":""},"_links":{"self":[{"href":"https:\/\/www.europesays.com\/lv\/wp-json\/wp\/v2\/posts\/96970","targetHints":{"allow":["GET"]}}],"collection":[{"href":"https:\/\/www.europesays.com\/lv\/wp-json\/wp\/v2\/posts"}],"about":[{"href":"https:\/\/www.europesays.com\/lv\/wp-json\/wp\/v2\/types\/post"}],"author":[{"embeddable":true,"href":"https:\/\/www.europesays.com\/lv\/wp-json\/wp\/v2\/users\/2"}],"replies":[{"embeddable":true,"href":"https:\/\/www.europesays.com\/lv\/wp-json\/wp\/v2\/comments?post=96970"}],"version-history":[{"count":0,"href":"https:\/\/www.europesays.com\/lv\/wp-json\/wp\/v2\/posts\/96970\/revisions"}],"wp:featuredmedia":[{"embeddable":true,"href":"https:\/\/www.europesays.com\/lv\/wp-json\/wp\/v2\/media\/96971"}],"wp:attachment":[{"href":"https:\/\/www.europesays.com\/lv\/wp-json\/wp\/v2\/media?parent=96970"}],"wp:term":[{"taxonomy":"category","embeddable":true,"href":"https:\/\/www.europesays.com\/lv\/wp-json\/wp\/v2\/categories?post=96970"},{"taxonomy":"post_tag","embeddable":true,"href":"https:\/\/www.europesays.com\/lv\/wp-json\/wp\/v2\/tags?post=96970"}],"curies":[{"name":"wp","href":"https:\/\/api.w.org\/{rel}","templated":true}]}}