{"id":97212,"date":"2026-01-07T12:46:12","date_gmt":"2026-01-07T12:46:12","guid":{"rendered":"https:\/\/www.europesays.com\/lv\/97212\/"},"modified":"2026-01-07T12:46:12","modified_gmt":"2026-01-07T12:46:12","slug":"ugunsgreka-valkas-novada-gajusi-boja-divi-cilveki","status":"publish","type":"post","link":"https:\/\/www.europesays.com\/lv\/97212\/","title":{"rendered":"Ugunsgr\u0113k\u0101 Valkas novad\u0101 g\u0101ju\u0161i boj\u0101 divi cilv\u0113ki"},"content":{"rendered":"<p>Aizvad\u012btaj\u0101 diennakt\u012b, laika posm\u0101 no \u0161\u012b gada 6. janv\u0101ra plkst. 6.30 l\u012bdz 7. janv\u0101ra plkst. 6.30, Valsts ugunsdz\u0113s\u012bbas un gl\u0101b\u0161anas dienests sa\u0146\u0113ma 45 izsaukumus \u2013 11 uz ugunsgr\u0113ku dz\u0113\u0161anu, 26 uz gl\u0101b\u0161anas darbiem, bet asto\u0146i izsaukumi bija maldin\u0101jumi.<\/p>\n<p>Plkst. 10.51 VUGD sa\u0146\u0113ma izsaukumu uz Stendes ielu Kuld\u012bg\u0101, kur vienst\u0101va dz\u012bvojam\u0101 m\u0101j\u0101 dega istabas un sadz\u012bves mantas 40 m2 plat\u012bb\u0101. Pirms VUGD iera\u0161an\u0101s no \u0113kas evaku\u0113j\u0101s divi cilv\u0113ki. Plkst. 14.39 ugunsgr\u0113ks likvid\u0113ts.<\/p>\n<p>Plkst. 13.06 ugunsdz\u0113s\u0113ji gl\u0101b\u0113ji dev\u0101s uz Altonavas ielu R\u012bg\u0101, kur divst\u0101vu tehnisk\u0101s \u0113kas pirmaj\u0101 st\u0101v\u0101 dega granulu bunkurs 10 m\u00b2 plat\u012bb\u0101. Ugunsdz\u0113s\u0113ji gl\u0101b\u0113ji no \u0113kas evaku\u0113ja \u010detrus cilv\u0113kus, v\u0113l pieci evaku\u0113j\u0101s pirms VUGD iera\u0161an\u0101s. Darbs notikuma viet\u0101 nosl\u0113dz\u0101s plkst. 15.32.<\/p>\n<p>\u0160onakt plkst. 2.43 VUGD sa\u0146\u0113ma izsaukumu uz Valkas novadu, kur ar atkl\u0101tu liesmu dega vienst\u0101va dz\u012bvojam\u0101 koka \u0113ka piln\u0101 120 m2 plat\u012bb\u0101. Ugunsgr\u0113k\u0101 g\u0101ja boj\u0101 divi cilv\u0113ki. Plkst. 5.33 liesmu izplat\u012b\u0161an\u0101s ierobe\u017eota, bet darbs notikuma viet\u0101 v\u0113l turpin\u0101s.<\/p>\n<p>Aizvad\u012btaj\u0101 diennakt\u012b ugunsdz\u0113s\u0113ji gl\u0101b\u0113ji dev\u0101s ar\u012b uz izsaukumiem, kuros dega traktors, viegl\u0101 automa\u0161\u012bna, \u0161\u0137\u016bnis, m\u0113beles un sadz\u012bves mantas, pap\u012bri, sadz\u012bves mantas un starpst\u0101vu p\u0101rsegums, d\u0101rza m\u0101ja.<\/p>\n<p>          <img decoding=\"async\" src=\"https:\/\/www.europesays.com\/lv\/wp-content\/uploads\/2026\/01\/1767645852_487_logo-lv.png\" alt=\"\"\/><\/p>\n<p>                  \u0160\u012b inform\u0101cija ir publisks pazi\u0146ojums un neatspogu\u013co LV port\u0101la viedokli. Par t\u0101s saturu atbild ies\u016bt\u012bt\u0101js. <a data-popup=\"rules\">Public\u0113\u0161anas noteikumi<\/a><\/p>\n","protected":false},"excerpt":{"rendered":"Aizvad\u012btaj\u0101 diennakt\u012b, laika posm\u0101 no \u0161\u012b gada 6. janv\u0101ra plkst. 6.30 l\u012bdz 7. janv\u0101ra plkst. 6.30, Valsts ugunsdz\u0113s\u012bbas&hellip;\n","protected":false},"author":2,"featured_media":95583,"comment_status":"","ping_status":"","sticky":false,"template":"","format":"standard","meta":{"footnotes":""},"categories":[12],"tags":[23,28,29,32,33,22,30,31,35,39,38,36,37,34,40,20,26,27,24,25,21],"class_list":{"0":"post-97212","1":"post","2":"type-post","3":"status-publish","4":"format-standard","5":"has-post-thumbnail","7":"category-latvija","8":"tag-aktualitates","9":"tag-breaking-news","10":"tag-breakingnews","11":"tag-featured-news","12":"tag-featurednews","13":"tag-headlines","14":"tag-latest-news","15":"tag-latestnews","16":"tag-latvia","17":"tag-latvian","18":"tag-latviesu","19":"tag-latviesu-valoda","20":"tag-latviesuvaloda","21":"tag-latvija","22":"tag-lv","23":"tag-news","24":"tag-popularakas-zinas","25":"tag-popularakaszinas","26":"tag-top-stories","27":"tag-topstories","28":"tag-zinas"},"share_on_mastodon":{"url":"https:\/\/pubeurope.com\/@lv\/115853890882380311","error":""},"_links":{"self":[{"href":"https:\/\/www.europesays.com\/lv\/wp-json\/wp\/v2\/posts\/97212","targetHints":{"allow":["GET"]}}],"collection":[{"href":"https:\/\/www.europesays.com\/lv\/wp-json\/wp\/v2\/posts"}],"about":[{"href":"https:\/\/www.europesays.com\/lv\/wp-json\/wp\/v2\/types\/post"}],"author":[{"embeddable":true,"href":"https:\/\/www.europesays.com\/lv\/wp-json\/wp\/v2\/users\/2"}],"replies":[{"embeddable":true,"href":"https:\/\/www.europesays.com\/lv\/wp-json\/wp\/v2\/comments?post=97212"}],"version-history":[{"count":0,"href":"https:\/\/www.europesays.com\/lv\/wp-json\/wp\/v2\/posts\/97212\/revisions"}],"wp:featuredmedia":[{"embeddable":true,"href":"https:\/\/www.europesays.com\/lv\/wp-json\/wp\/v2\/media\/95583"}],"wp:attachment":[{"href":"https:\/\/www.europesays.com\/lv\/wp-json\/wp\/v2\/media?parent=97212"}],"wp:term":[{"taxonomy":"category","embeddable":true,"href":"https:\/\/www.europesays.com\/lv\/wp-json\/wp\/v2\/categories?post=97212"},{"taxonomy":"post_tag","embeddable":true,"href":"https:\/\/www.europesays.com\/lv\/wp-json\/wp\/v2\/tags?post=97212"}],"curies":[{"name":"wp","href":"https:\/\/api.w.org\/{rel}","templated":true}]}}