{"id":97214,"date":"2026-01-07T12:51:11","date_gmt":"2026-01-07T12:51:11","guid":{"rendered":"https:\/\/www.europesays.com\/lv\/97214\/"},"modified":"2026-01-07T12:51:11","modified_gmt":"2026-01-07T12:51:11","slug":"irana-protestos-boja-35-aiztureti-1200-plasakie-nemieri-kops-2022-gada-lente-lv-2","status":"publish","type":"post","link":"https:\/\/www.europesays.com\/lv\/97214\/","title":{"rendered":"Ir\u0101n\u0101 protestos boj\u0101 35, aiztur\u0113ti 1200 \u2013 pla\u0161\u0101kie nemieri kop\u0161 2022. gada\u00a0\u2014\u00a0Lente.lv"},"content":{"rendered":"<p>Protestu intensit\u0101te un upuru skaits<\/p>\n<p>Kop\u0161 pag\u0101ju\u0161\u0101s ned\u0113\u013cas Ir\u0101n\u0101 notieko\u0161ajos protestos ir g\u0101ju\u0161i boj\u0101 vismaz 35 cilv\u0113ki, bet aiztur\u0113ti vair\u0101k nek\u0101 1200, pirmdien pazi\u0146oja protestu akt\u012bvisti. Cilv\u0113kties\u012bbu organiz\u0101cija &#8220;Human Rights Activists News Agency&#8221; (HRANA) preciz\u0113, ka boj\u0101g\u0101ju\u0161o vid\u016b ir 29 protest\u0113t\u0101ji, \u010detri b\u0113rni un divi Ir\u0101nas dro\u0161\u012bbas sp\u0113ku darbinieki. Demonstr\u0101cijas ir notiku\u0161as vair\u0101k nek\u0101 250 apdz\u012bvotaj\u0101s viet\u0101s 27 no 31 Ir\u0101nas provinces, padarot \u0161os notikumus par pla\u0161\u0101kajiem iedz\u012bvot\u0101ju protestiem valst\u012b kop\u0161 2022. gada masu nemieriem, kas izrais\u012bj\u0101s p\u0113c 22 gadus vec\u0101s Mahsas Amini n\u0101ves aiztur\u0113\u0161anas. Lai gan pa\u0161reiz\u0113jie nemieri v\u0113l nav sasniegu\u0161i iepriek\u0161\u0113jo notikumu pla\u0161umu un intensit\u0101ti, tie tom\u0113r ir iev\u0113rojami.<\/p>\n<p>Protestu c\u0113lo\u0146i un izplat\u012bba<\/p>\n<p>Galvenie neapmierin\u0101t\u012bbas iemesli, kas mudin\u0101ju\u0161i cilv\u0113kus iziet iel\u0101s, ir saist\u012bti ar strauji augo\u0161o dz\u012bves d\u0101rdz\u012bbu un augsto infl\u0101ciju. Valsts ekonomisk\u0101 situ\u0101cija ir sare\u017e\u0123\u012bta, ko v\u0113l vair\u0101k pasliktina starptautisk\u0101s sankcijas un citas \u0123eopolitisk\u0101s spriedzes. Demonstranti pau\u017e neapmierin\u0101t\u012bbu ar vald\u012bbas nesp\u0113ju nodro\u0161in\u0101t stabilu dz\u012bves l\u012bmeni un risin\u0101t pamatprobl\u0113mas. Protestu s\u0101kum\u0101 galvenok\u0101rt bija iesaist\u012bti veikalu \u012bpa\u0161nieki un studenti, kas blo\u0137\u0113ja ielas un paraliz\u0113ja universit\u0101tes pils\u0113ti\u0146as. S\u0101kotn\u0113ji demonstr\u0101cijas s\u0101k\u0101s galvaspils\u0113t\u0101 Teher\u0101n\u0101, bet \u0101tri izplat\u012bj\u0101s ar\u012b cit\u0101s Ir\u0101nas pils\u0113t\u0101s un provinc\u0113s.<\/p>\n<p>Dro\u0161\u012bbas sp\u0113ku reakcija un starptautiskais spiediens<\/p>\n<p>Ir\u0101nas dro\u0161\u012bbas sp\u0113ki ir pastiprin\u0101ju\u0161i savu kl\u0101tb\u016btni un atsevi\u0161\u0137os gad\u012bjumos pielietoju\u0161i ar\u012b \u0161aujamiero\u010dus, lai apspiestu demonstr\u0101cijas. Zi\u0146ots par ievainotiem protest\u0113t\u0101jiem, ko galvenok\u0101rt rad\u012bju\u0161as gumijas lodes. Pusofici\u0101l\u0101 zi\u0146u a\u0123ent\u016bra Fars zi\u0146o, ka sadursm\u0113s ir cietu\u0161i ar\u012b k\u0101rt\u012bbas sargi. Ir\u0101nas \u0100rlietu ministrija ir aps\u016bdz\u0113jusi ASV un Izra\u0113lu iejauk\u0161anos valsts iek\u0161\u0113j\u0101s liet\u0101s un aicin\u0101jusi uz vardarb\u012bbu. \u0160\u0101di pazi\u0146ojumi ir rad\u012bju\u0161i ba\u017eas Ir\u0101nas valdo\u0161aj\u0101s aprind\u0101s par iesp\u0113jamu ASV milit\u0101ru iejauk\u0161anos.<\/p>\n<p>Starptautisk\u0101 reakcija un br\u012bdin\u0101jumi<\/p>\n<p>ASV prezidents Donalds Tramps ir br\u012bdin\u0101jis Ir\u0101nu, ka gad\u012bjum\u0101, ja tiks pielietots sp\u0113ks pret mierm\u012bl\u012bgiem protest\u0113t\u0101jiem, Amerikas Savienot\u0101s Valstis iejauksies. Tramps platform\u0101 &#8220;Truth Social&#8221; nor\u0101d\u012bjis, ka ASV ir &#8220;gatavas un gatavas doties&#8221;, ja Ir\u0101nas dro\u0161\u012bbas sp\u0113ki &#8220;sa\u0161aus un vardarb\u012bgi nogalin\u0101s mierm\u012bl\u012bgus protest\u0113t\u0101jus&#8221;. Vi\u0146a izteiktais br\u012bdin\u0101jums izrais\u012bjis t\u016bl\u012bt\u0113ju reakciju no Teher\u0101nas, kur Ir\u0101nas augst\u0101 l\u012bdera padomnieks Ali \u0160amhani br\u012bdin\u0101jis, ka jebkura intervence tiks sagaid\u012bta ar atbildi, uzsverot, ka &#8220;Ir\u0101nas dro\u0161\u012bba ir sarkan\u0101 l\u012bnija&#8221;. Ar\u012b Apvienoto N\u0101ciju Organiz\u0101cija (ANO) ir aicin\u0101jusi nov\u0113rst turpm\u0101ku situ\u0101cijas eskal\u0101ciju un aicin\u0101jusi visas puses uz attur\u012bbu.<\/p>\n<p>Vald\u012bbas reakcija un politiskie izaicin\u0101jumi<\/p>\n<p>Ir\u0101nas prezidents Masoud Pezeshkian ir uzdevis Iek\u0161lietu ministrijai veikt &#8220;pilnv\u0113rt\u012bgu izmekl\u0113\u0161anu&#8221; par notikumiem Ilamas provinc\u0113, kur, k\u0101 zi\u0146ots, dro\u0161\u012bbas sp\u0113ki iebruku\u0161i slimn\u012bc\u0101, mekl\u0113jot demonstrantus. \u0160is incidents izsaucis kritiku no ASV Valsts departamenta, kas to nod\u0113v\u0113jis par &#8220;noziegumu&#8221;. Lai gan protesti galvenok\u0101rt saist\u012bti ar ekonomikas probl\u0113m\u0101m, da\u017ei dal\u012bbnieki paudu\u0161i atbalstu monarhijas atjauno\u0161anai. ASV Valsts departamenta p\u0101rst\u0101vis nor\u0101d\u012bjis, ka protesti atspogu\u013co Ir\u0101nas tautas &#8220;saprotamo dusmu&#8221; par vald\u012bbas neveiksm\u0113m da\u017e\u0101d\u0101s jom\u0101s, k\u0101 ar\u012b resursu t\u0113r\u0113\u0161anu bru\u0146otajiem grup\u0113jumiem un kodoliero\u010du izp\u0113tei.<\/p>\n","protected":false},"excerpt":{"rendered":"Protestu intensit\u0101te un upuru skaits Kop\u0161 pag\u0101ju\u0161\u0101s ned\u0113\u013cas Ir\u0101n\u0101 notieko\u0161ajos protestos ir g\u0101ju\u0161i boj\u0101 vismaz 35 cilv\u0113ki, bet&hellip;\n","protected":false},"author":2,"featured_media":96660,"comment_status":"","ping_status":"","sticky":false,"template":"","format":"standard","meta":{"footnotes":""},"categories":[14],"tags":[23,57,28,29,142,23756,23966,32,33,22,2562,30,31,35,39,38,36,37,34,40,20,26,27,4204,24,25,54,55,56,21,58],"class_list":{"0":"post-97214","1":"post","2":"type-post","3":"status-publish","4":"format-standard","5":"has-post-thumbnail","7":"category-zinas-no-arvalstim","8":"tag-aktualitates","9":"tag-arvalstim","10":"tag-breaking-news","11":"tag-breakingnews","12":"tag-cilvektiesibas","13":"tag-drosibas-speki","14":"tag-ekonomiska-krize","15":"tag-featured-news","16":"tag-featurednews","17":"tag-headlines","18":"tag-irana","19":"tag-latest-news","20":"tag-latestnews","21":"tag-latvia","22":"tag-latvian","23":"tag-latviesu","24":"tag-latviesu-valoda","25":"tag-latviesuvaloda","26":"tag-latvija","27":"tag-lv","28":"tag-news","29":"tag-popularakas-zinas","30":"tag-popularakaszinas","31":"tag-protesti","32":"tag-top-stories","33":"tag-topstories","34":"tag-world","35":"tag-world-news","36":"tag-worldnews","37":"tag-zinas","38":"tag-zinas-no-arvalstim"},"share_on_mastodon":{"url":"https:\/\/pubeurope.com\/@lv\/115853910645346641","error":""},"_links":{"self":[{"href":"https:\/\/www.europesays.com\/lv\/wp-json\/wp\/v2\/posts\/97214","targetHints":{"allow":["GET"]}}],"collection":[{"href":"https:\/\/www.europesays.com\/lv\/wp-json\/wp\/v2\/posts"}],"about":[{"href":"https:\/\/www.europesays.com\/lv\/wp-json\/wp\/v2\/types\/post"}],"author":[{"embeddable":true,"href":"https:\/\/www.europesays.com\/lv\/wp-json\/wp\/v2\/users\/2"}],"replies":[{"embeddable":true,"href":"https:\/\/www.europesays.com\/lv\/wp-json\/wp\/v2\/comments?post=97214"}],"version-history":[{"count":0,"href":"https:\/\/www.europesays.com\/lv\/wp-json\/wp\/v2\/posts\/97214\/revisions"}],"wp:featuredmedia":[{"embeddable":true,"href":"https:\/\/www.europesays.com\/lv\/wp-json\/wp\/v2\/media\/96660"}],"wp:attachment":[{"href":"https:\/\/www.europesays.com\/lv\/wp-json\/wp\/v2\/media?parent=97214"}],"wp:term":[{"taxonomy":"category","embeddable":true,"href":"https:\/\/www.europesays.com\/lv\/wp-json\/wp\/v2\/categories?post=97214"},{"taxonomy":"post_tag","embeddable":true,"href":"https:\/\/www.europesays.com\/lv\/wp-json\/wp\/v2\/tags?post=97214"}],"curies":[{"name":"wp","href":"https:\/\/api.w.org\/{rel}","templated":true}]}}