{"id":97215,"date":"2026-01-07T12:52:19","date_gmt":"2026-01-07T12:52:19","guid":{"rendered":"https:\/\/www.europesays.com\/lv\/97215\/"},"modified":"2026-01-07T12:52:19","modified_gmt":"2026-01-07T12:52:19","slug":"foto-man-vispar-ir-ieradums-mainit-vecas-lietas-zinams-par-cik-miljoniem-marim-gailim-izdevas-pardot-savu-ekskluzivo-vasaras-maju-kaltene","status":"publish","type":"post","link":"https:\/\/www.europesays.com\/lv\/97215\/","title":{"rendered":"FOTO. \u201cMan visp\u0101r ir ieradums main\u012bt vec\u0101s lietas!\u201d Zin\u0101ms, par cik miljoniem M\u0101rim Gailim izdev\u0101s p\u0101rdot savu ekskluz\u012bvo vasaras m\u0101ju Kalten\u0113"},"content":{"rendered":"<p>            &#8220;Lieldienu sala&#8221; Kalten\u0113<\/p>\n<p>Par tr\u012bs miljoniem eiro p\u0101rdota biju\u0161\u0101 premjera un uz\u0146\u0113m\u0113ja M\u0101ra Gai\u013ca vasaras m\u0101ja Rojas pagasta Kalten\u0113 \u201cLieldienu sala\u201d, liecina Zemesgr\u0101matas inform\u0101cija.<\/p>\n<p>        Las\u012bt\u0101kie<br \/>\n        <a data-imagesrc=\"{&quot;300&quot;:&quot;https:\\\/\\\/lastatic.ams3.cdn.digitaloceanspaces.com\\\/2026\\\/01\\\/17b1e396-2c9c-4558-bdd3-405119a978ab-300x200.jpg&quot;,&quot;1024&quot;:&quot;https:\\\/\\\/lastatic.ams3.cdn.digitaloceanspaces.com\\\/2026\\\/01\\\/17b1e396-2c9c-4558-bdd3-405119a978ab-1024x683.jpg&quot;,&quot;1536&quot;:&quot;https:\\\/\\\/lastatic.ams3.cdn.digitaloceanspaces.com\\\/2026\\\/01\\\/17b1e396-2c9c-4558-bdd3-405119a978ab-1536x1024.jpg&quot;,&quot;500&quot;:&quot;https:\\\/\\\/lastatic.ams3.cdn.digitaloceanspaces.com\\\/2026\\\/01\\\/17b1e396-2c9c-4558-bdd3-405119a978ab-500x333.jpg&quot;,&quot;800&quot;:&quot;https:\\\/\\\/lastatic.ams3.cdn.digitaloceanspaces.com\\\/2026\\\/01\\\/17b1e396-2c9c-4558-bdd3-405119a978ab-800x533.jpg&quot;,&quot;1800&quot;:&quot;https:\\\/\\\/lastatic.ams3.cdn.digitaloceanspaces.com\\\/2026\\\/01\\\/17b1e396-2c9c-4558-bdd3-405119a978ab.jpg&quot;}\" data-focuspoint=\"&quot;&quot;\" data-p=\"2489199\" href=\"https:\/\/www.la.lv\/kas-notiek-ar-kermeni-ja-nepietiek-magnija-10-trauksmes-signali-ko-tev-vajadzetu-pamanit\" class=\"content-item lazy-load\" wp_automatic_readability=\"27\" rel=\"nofollow noopener\" target=\"_blank\"><\/p>\n<p>                                <img decoding=\"async\" src=\"\" alt=\"\" style=\"\" data-imageid=\"\"\/><\/p>\n<p>                                Veselam<\/p>\n<p>\n                                                Kas notiek ar \u0137ermeni, ja nepietiek magnija: 10 trauksmes sign\u0101li, ko tev vajadz\u0113tu paman\u012bt\n                            <\/p>\n<p><\/a><a data-imagesrc=\"{&quot;300&quot;:&quot;https:\\\/\\\/lastatic.ams3.cdn.digitaloceanspaces.com\\\/2026\\\/01\\\/pexels-freestockpro-12955895-300x200.jpg&quot;,&quot;1024&quot;:&quot;https:\\\/\\\/lastatic.ams3.cdn.digitaloceanspaces.com\\\/2026\\\/01\\\/pexels-freestockpro-12955895-1024x683.jpg&quot;,&quot;1536&quot;:&quot;https:\\\/\\\/lastatic.ams3.cdn.digitaloceanspaces.com\\\/2026\\\/01\\\/pexels-freestockpro-12955895-1536x1024.jpg&quot;,&quot;500&quot;:&quot;https:\\\/\\\/lastatic.ams3.cdn.digitaloceanspaces.com\\\/2026\\\/01\\\/pexels-freestockpro-12955895-500x333.jpg&quot;,&quot;800&quot;:&quot;https:\\\/\\\/lastatic.ams3.cdn.digitaloceanspaces.com\\\/2026\\\/01\\\/pexels-freestockpro-12955895-800x533.jpg&quot;,&quot;2560&quot;:&quot;https:\\\/\\\/lastatic.ams3.cdn.digitaloceanspaces.com\\\/2026\\\/01\\\/pexels-freestockpro-12955895-scaled.jpg&quot;}\" data-focuspoint=\"&quot;&quot;\" data-p=\"2489315\" href=\"https:\/\/www.la.lv\/liktenigie-skaitli-sie-dzimsanas-datumi-rada-cilvekam-problemas-un-grutibas\" class=\"content-item lazy-load\" wp_automatic_readability=\"26\" rel=\"nofollow noopener\" target=\"_blank\"><\/p>\n<p>                                <img decoding=\"async\" src=\"\" alt=\"\" style=\"\" data-imageid=\"\"\/><\/p>\n<p>                                Kokteilis<\/p>\n<p>\n                                                Likten\u012bgie skait\u013ci: \u0161ie dzim\u0161anas datumi rada cilv\u0113kam probl\u0113mas un gr\u016bt\u012bbas\n                            <\/p>\n<p><\/a><a data-imagesrc=\"{&quot;300&quot;:&quot;https:\\\/\\\/lastatic.ams3.cdn.digitaloceanspaces.com\\\/2026\\\/01\\\/FotoJet-2026-01-05T150916.451-300x200.jpg&quot;,&quot;1024&quot;:&quot;https:\\\/\\\/lastatic.ams3.cdn.digitaloceanspaces.com\\\/2026\\\/01\\\/FotoJet-2026-01-05T150916.451-1024x683.jpg&quot;,&quot;1536&quot;:&quot;https:\\\/\\\/lastatic.ams3.cdn.digitaloceanspaces.com\\\/2026\\\/01\\\/FotoJet-2026-01-05T150916.451-1536x1024.jpg&quot;,&quot;500&quot;:&quot;https:\\\/\\\/lastatic.ams3.cdn.digitaloceanspaces.com\\\/2026\\\/01\\\/FotoJet-2026-01-05T150916.451-500x333.jpg&quot;,&quot;800&quot;:&quot;https:\\\/\\\/lastatic.ams3.cdn.digitaloceanspaces.com\\\/2026\\\/01\\\/FotoJet-2026-01-05T150916.451-800x533.jpg&quot;,&quot;1800&quot;:&quot;https:\\\/\\\/lastatic.ams3.cdn.digitaloceanspaces.com\\\/2026\\\/01\\\/FotoJet-2026-01-05T150916.451.jpg&quot;}\" data-focuspoint=\"&quot;&quot;\" data-p=\"2488270\" href=\"https:\/\/www.la.lv\/tris-zodiaka-zimes-driz-klus-pasakaini-bagatas-nauda-pie-tam-pludis-ka-upe\" class=\"content-item lazy-load\" wp_automatic_readability=\"26\" rel=\"nofollow noopener\" target=\"_blank\"><\/p>\n<p>                                <img decoding=\"async\" src=\"\" alt=\"\" style=\"\" data-imageid=\"\"\/><\/p>\n<p>                                Kokteilis<\/p>\n<p>\n                                                Tr\u012bs zodiaka z\u012bmes dr\u012bz k\u013c\u016bs pasakaini bag\u0101tas: nauda pie t\u0101m pl\u016bd\u012bs k\u0101 upe\n                            <\/p>\n<p><\/a><br \/>\n        <a class=\"read-more\" href=\"https:\/\/www.la.lv\/top\" rel=\"nofollow noopener\" target=\"_blank\">Las\u012bt citas zi\u0146as<\/a><\/p>\n<p>Pamatojoties uz 2025. gada 5. decembra pirkuma l\u012bgumu, par \u0113kas \u012bpa\u0161nieku k\u013cuvusi SIA \u201cSilver Group\u201d, kuras \u012bpa\u0161nieks ir Alens Baibekovs. \u201cSilver Group\u201d ir 46,01% kapit\u0101lda\u013cu \u012bpa\u0161niece SIA \u201cBooking Group\u201d, kurai pieder Latvijas autonomas starpniec\u012bbas uz\u0146\u0113mums SIA \u201cBooking Group Corporation\u201d, kas p\u0101rst\u0101v vietni \u201cEconomyBookings.com\u201d.<\/p>\n<p>Gailis a\u0123ent\u016brai LETA sac\u012bja, ka, vi\u0146apr\u0101t, summa, par k\u0101du izdevies \u012bpa\u0161umu p\u0101rdot, ir adekv\u0101ta t\u0101 v\u0113rt\u012bbai. Gailis atzina, ka \u0161\u0101diem \u012bpa\u0161umiem Latvij\u0101 \u012bsti nav tirgus \u2013 ja J\u016brmal\u0101 \u012bpa\u0161umus \u0161\u0101d\u0101 v\u0113rt\u012bb\u0101 v\u0113l var p\u0101rdot, tad t\u0101l\u0101k\u0101s viet\u0101s k\u0101 Kaltene tas jau ir \u013coti gr\u016bti.<\/p>\n<p>    CITI \u0160OBR\u012aD LASA<\/p>\n<p>Gailis uzsv\u0113ra, ka \u201cLieldienu sala\u201d ir ieguvusi vair\u0101kas arhitekt\u016bras balvas, t\u0101p\u0113c atzin\u012bgi v\u0113rt\u0113ja to, ka pirc\u0113js \u012bpa\u0161umu ieg\u0101d\u0101jies ar visu interjera iek\u0101rtojumu un m\u0113bel\u0113m. \u201cT\u0101tad sp\u0113ja nov\u0113rt\u0113t \u0113kas arhitektonisko un dizaina v\u0113rt\u012bbu,\u201d teica Gailis.<\/p>\n<p>Jaut\u0101ts, vai asto\u0146u gadu laik\u0101, kop\u0161 \u012bpa\u0161ums bija izlikts p\u0101rdo\u0161an\u0101, par to ir bijusi pietiekama pirc\u0113ju interese, Gailis atzina, ka t\u0101 bijusi maza, jo \u012bpa\u0161ums ir \u013coti specifisks objekts. Asto\u0146os gados par \u012bpa\u0161uma ieg\u0101di interes\u0113ju\u0161ies tikai tr\u012bs potenci\u0101lie pirc\u0113ji, no kuriem tre\u0161ais \u012bpa\u0161umu ar\u012b ieg\u0101d\u0101jies.<\/p>\n<p>P\u0101rdo\u0161an\u0101 Gai\u013ca \u012bpa\u0161ums tika izlikts 2017. gad\u0101.<\/p>\n<p>Toreiz, jaut\u0101ts, k\u0101p\u0113c izl\u0113mis m\u0101ju p\u0101rdot, Gailis skaidroja, ka pien\u0101cis laiks kaut ko main\u012bt. \u201cMan visp\u0101r ir ieradums main\u012bt vec\u0101s lietas, \u012bpa\u0161i jau vasaras m\u0101jas. Iemeslu daudz, m\u0101ja ir t\u0101lu, t\u0101 ir diezgan unik\u0101la un to var\u0113tu p\u0101rdot par labu cenu,\u201d st\u0101st\u012bja Gailis.<\/p>\n<p>Vi\u0146\u0161 uzsv\u0113ra, ka neatkl\u0101s summu, par k\u0101du m\u0101ju v\u0113las p\u0101rdot, vien nor\u0101d\u012bja, ka \u0161\u012b summa noteikti b\u016bs rakst\u0101ma ar septi\u0146iem cipariem, t\u0101tad ne maz\u0101ka par vienu miljonu eiro. \u201cTur ta\u010du miljoni jau ir ieguld\u012bti, k\u0101 var p\u0101rdot par maz\u0101ku cenu,\u201d nor\u0101d\u012bja Gailis.<\/p>\n<p>\u201cViss jau b\u016bs atkar\u012bgs no t\u0101, kas b\u016bs pirc\u0113js. Vienam pirc\u0113jam m\u0101jas p\u0101rdev\u0113js \u201cLatio\u201d nosauks vienu ciparu, citam \u2013 citu. Ar\u012b es pats skat\u012b\u0161os, kas m\u0101ju v\u0113las nopirkt, ja pirc\u0113js man nepatiks, tad varu to ar\u012b noraid\u012bt,\u201d st\u0101st\u012bja Gailis.<\/p>\n<p>Jaut\u0101ts, cik ilg\u0101 laik\u0101 pl\u0101no m\u0101ju p\u0101rdot, Gailis sac\u012bja, ka parasti \u0161\u0101du objektu p\u0101rdo\u0161anas process prasa vair\u0101kus gadus. \u201cMan nav kur steigties, vajadz\u012bba nespie\u017e. Taj\u0101 pat laik\u0101 m\u0101ju var izdoties p\u0101rdot ar\u012b p\u0101ris m\u0113ne\u0161u laik\u0101 \u2013 nekad jau nav zin\u0101ms, kad uzrodas \u012bstais pirc\u0113js,\u201d sac\u012bja Gailis.<\/p>\n<p>Inform\u0101cija m\u0101jas m\u0101jaslap\u0101 liecina, ka Gai\u013ca dz\u012bvesbiedre, arhitekte Zaiga Gaile, 2006. gad\u0101 izstr\u0101d\u0101ja projektu \u201cZivsaimniec\u012bbas s\u016bk\u0146u stacijas rekonstrukcija\u201d. M\u0101jas b\u016bvniec\u012bba ilga no 2007. gada l\u012bdz 2010. gadam, to b\u016bv\u0113ja SIA \u201cPS Serviss\u201d.<\/p>\n<p>Nama kop\u0113j\u0101 plat\u012bba ir 514,2 kvadr\u0101tmetri. Zemesgabala plat\u012bba ir 10 067 kvadr\u0101tmetri, bet zem\u016bdenes form\u0101 izveidot\u0101s peldu m\u0101jas plat\u012bba ir 52,45 kvadr\u0101tmetri. T\u0101 ir p\u0101rveidots Padomju Savien\u012bbas industri\u0101lais objekts, kas uzb\u016bv\u0113ts uz m\u0101ksl\u012bgas salas 200 metru att\u0101lum\u0101 no j\u016bras krasta. S\u0101kotn\u0113ji t\u0101 bija s\u016bk\u0146u stacija, ko bija paredz\u0113ts izmantot la\u0161u audz\u0113\u0161anas kompleks\u0101 pag\u0101ju\u0161\u0101 gadsimta 80. gados. Savulaik viss projekts bija izmaks\u0101jis asto\u0146us miljonus rub\u013cu, ta\u010du tehnisku gr\u016bt\u012bbu d\u0113\u013c \u0161is komplekss tika pamests un bruka kop\u0101, iepriek\u0161 skaidroja m\u0101jas saimnieki.<\/p>\n<p>M\u0101j\u0101 izvietota gar\u0101\u017ea div\u0101m automa\u0161\u012bn\u0101m, dz\u012bvojam\u0101 telpa p\u0101rvaldniekam virs gar\u0101\u017eas, piecas gu\u013camistabas (viena saimnieku un \u010detras viesu), piecas darbistabas (viena saimnieku un \u010detras viesu) un dz\u012bvojam\u0101 halle ar virtuves un atp\u016btas zon\u0101m.<\/p>\n<p>\u201cLieldienu sala\u201d ir ieguvusi vair\u0101kus apbalvojumus, tostarp Latvijas Arhitekt\u016bras gada balvu 2009. gad\u0101 nomin\u0101cij\u0101 \u201cLab\u0101k\u0101 restaur\u0101cija\u201d, Kult\u016bras mantojuma gada balvu 2007. gad\u0101, 1. vietu nomin\u0101cij\u0101 \u201cRekonstrukcija\u201d Latvijas B\u016bvnieku asoci\u0101cijas konkurs\u0101 \u201cGada lab\u0101k\u0101 b\u016bve Latvij\u0101 2007\u201d, \u010cik\u0101gas arhitekt\u016bras un dizaina muzeja apbalvojumu 2010. gad\u0101. 2012. gad\u0101 \u201cLieldienu sala\u201d iek\u013cuva ar\u012b Pasaules arhitekt\u016bras festiv\u0101la fin\u0101la skat\u0113 Singap\u016br\u0101.<\/p>\n<p>T\u0113mas<\/p>\n<p>    SAIST\u012aTIE RAKSTI<\/p>\n","protected":false},"excerpt":{"rendered":"&#8220;Lieldienu sala&#8221; Kalten\u0113 Par tr\u012bs miljoniem eiro p\u0101rdota biju\u0161\u0101 premjera un uz\u0146\u0113m\u0113ja M\u0101ra Gai\u013ca vasaras m\u0101ja Rojas pagasta&hellip;\n","protected":false},"author":2,"featured_media":97216,"comment_status":"","ping_status":"","sticky":false,"template":"","format":"standard","meta":{"footnotes":""},"categories":[12],"tags":[23,28,29,32,33,22,30,31,35,39,38,36,37,34,40,20,26,27,24,25,21],"class_list":{"0":"post-97215","1":"post","2":"type-post","3":"status-publish","4":"format-standard","5":"has-post-thumbnail","7":"category-latvija","8":"tag-aktualitates","9":"tag-breaking-news","10":"tag-breakingnews","11":"tag-featured-news","12":"tag-featurednews","13":"tag-headlines","14":"tag-latest-news","15":"tag-latestnews","16":"tag-latvia","17":"tag-latvian","18":"tag-latviesu","19":"tag-latviesu-valoda","20":"tag-latviesuvaloda","21":"tag-latvija","22":"tag-lv","23":"tag-news","24":"tag-popularakas-zinas","25":"tag-popularakaszinas","26":"tag-top-stories","27":"tag-topstories","28":"tag-zinas"},"share_on_mastodon":{"url":"https:\/\/pubeurope.com\/@lv\/115853914616490777","error":""},"_links":{"self":[{"href":"https:\/\/www.europesays.com\/lv\/wp-json\/wp\/v2\/posts\/97215","targetHints":{"allow":["GET"]}}],"collection":[{"href":"https:\/\/www.europesays.com\/lv\/wp-json\/wp\/v2\/posts"}],"about":[{"href":"https:\/\/www.europesays.com\/lv\/wp-json\/wp\/v2\/types\/post"}],"author":[{"embeddable":true,"href":"https:\/\/www.europesays.com\/lv\/wp-json\/wp\/v2\/users\/2"}],"replies":[{"embeddable":true,"href":"https:\/\/www.europesays.com\/lv\/wp-json\/wp\/v2\/comments?post=97215"}],"version-history":[{"count":0,"href":"https:\/\/www.europesays.com\/lv\/wp-json\/wp\/v2\/posts\/97215\/revisions"}],"wp:featuredmedia":[{"embeddable":true,"href":"https:\/\/www.europesays.com\/lv\/wp-json\/wp\/v2\/media\/97216"}],"wp:attachment":[{"href":"https:\/\/www.europesays.com\/lv\/wp-json\/wp\/v2\/media?parent=97215"}],"wp:term":[{"taxonomy":"category","embeddable":true,"href":"https:\/\/www.europesays.com\/lv\/wp-json\/wp\/v2\/categories?post=97215"},{"taxonomy":"post_tag","embeddable":true,"href":"https:\/\/www.europesays.com\/lv\/wp-json\/wp\/v2\/tags?post=97215"}],"curies":[{"name":"wp","href":"https:\/\/api.w.org\/{rel}","templated":true}]}}