{"id":97217,"date":"2026-01-07T12:53:07","date_gmt":"2026-01-07T12:53:07","guid":{"rendered":"https:\/\/www.europesays.com\/lv\/97217\/"},"modified":"2026-01-07T12:53:07","modified_gmt":"2026-01-07T12:53:07","slug":"ziemelkurzemes-regionalas-slimnicas-padome-izbeidz-savu-darbibu-raksts","status":"publish","type":"post","link":"https:\/\/www.europesays.com\/lv\/97217\/","title":{"rendered":"Zieme\u013ckurzemes re\u0123ion\u0101l\u0101s slimn\u012bcas padome izbeidz savu darb\u012bbu \/ Raksts"},"content":{"rendered":"<p>SIA &#8220;Zieme\u013ckurzemes re\u0123ion\u0101l\u0101 slimn\u012bca&#8221; \u0101rk\u0101rtas dal\u012bbnieku sapulc\u0113 tre\u0161dien, 7. janv\u0101r\u012b,\u00a0pie\u0146emts l\u0113mums likvid\u0113t slimn\u012bcas padomi, p\u0101rskatot p\u0101rvald\u012bbas strukt\u016bru un ietaup\u012btos l\u012bdzek\u013cus novirzot kapit\u0101lsabiedr\u012bbas pamatdarb\u012bbai un att\u012bst\u012bbai, inform\u0113ja slimn\u012bc\u0101.<\/p>\n<p>L\u0113mums paredz atsaukt Igoru Udodovu, El\u012bnu Kro\u0146kalni un J\u0101ni Gardovski no SIA &#8220;Zieme\u013ckurzemes re\u0123ion\u0101l\u0101 slimn\u012bca&#8221; padomes locek\u013cu amatiem saist\u012bb\u0101 ar padomes likvid\u0101ciju, nosakot\u00a07. janv\u0101ri par p\u0113d\u0113jo amata pien\u0101kumu pild\u012b\u0161anas dienu.<\/p>\n<p>Zieme\u013ckurzemes re\u0123ion\u0101l\u0101s slimn\u012bcas padome izveidota 2022. gada decembr\u012b ar pien\u0101kumu izpildes uzs\u0101k\u0161anu 2023. gada janv\u0101r\u012b, pamatojoties uz tobr\u012bd sp\u0113k\u0101 eso\u0161o Publiskas personas kapit\u0101la da\u013cu un kapit\u0101lsabiedr\u012bbu p\u0101rvald\u012bbas likumu, kas noteica padomes izveidi k\u0101 oblig\u0101tu.<\/p>\n<blockquote>\n<p>\u0160obr\u012bd sp\u0113k\u0101 eso\u0161ie groz\u012bjumi min\u0113taj\u0101 likum\u0101 paredz iesp\u0113ju padomi neveidot, ja ir sa\u0146emta publiskas personas augst\u0101k\u0101s l\u0113m\u0113jinstit\u016bcijas <a href=\"https:\/\/www.lsm.lv\/raksts\/zinas\/latvija\/19.12.2025-likvides-ziemelkurzemes-regionalas-slimnicas-padomi.a627224\/?utm_source=lsm&amp;utm_medium=theme&amp;utm_campaign=theme\" class=\"lsm-link\" data-type=\"article\" data-id=\"627224\" rel=\"nofollow noopener\" target=\"_blank\">piekri\u0161ana.<\/a><\/p>\n<\/blockquote>\n<p>Izv\u0113rt\u0113jot padomes nepiecie\u0161am\u012bbu, secin\u0101ts, ka slimn\u012bcas kapit\u0101la da\u013cu tur\u0113t\u0101ji sp\u0113j nodro\u0161in\u0101t kapit\u0101lsabiedr\u012bbas p\u0101rvald\u012bbas pien\u0101kumu izpildi, tostarp p\u0101rraudz\u012bbas kvalit\u0101ti un caurskat\u0101m\u012bbu, eso\u0161o resursu ietvaros, nepalielinot finan\u0161u un administrat\u012bvo slogu, nor\u0101d\u012bja slimn\u012bc\u0101.<\/p>\n<p>SIA &#8220;Zieme\u013ckurzemes re\u0123ion\u0101l\u0101 slimn\u012bca&#8221; ir Ventspils valstspils\u0113tas pa\u0161vald\u012bbai (87,96\u00a0%), Talsu novada pa\u0161vald\u012bbai (11,47\u00a0%) un R\u012bgas Stradi\u0146a universit\u0101tei (0,57\u00a0%) piedero\u0161a kapit\u0101lsabiedr\u012bba. &#8220;Lursoft&#8221; pieejam\u0101 inform\u0101cija liecina, ka\u00a0&#8220;Zieme\u013ckurzemes re\u0123ion\u0101l\u0101 slimn\u012bca&#8221; 2024. gad\u0101 str\u0101d\u0101ja ar 28,71 miljonu eiro apgroz\u012bjumu, bet pe\u013c\u0146a sasniedza\u00a0736 526 eiro.<\/p>\n<p>                    Valodas k\u013c\u016bda rakst\u0101?<\/p>\n<p class=\"d-none d-md-block\">Iez\u012bm\u0113jiet tekstu un spiediet Ctrl+Enter, lai nos\u016bt\u012btu labojamo teksta fragmentu redaktoram! Par faktu k\u013c\u016bd\u0101m l\u016bdzam zi\u0146ot e-past\u0101 <a href=\"https:\/\/www.lsm.lv\/cdn-cgi\/l\/email-protection\" class=\"__cf_email__\" data-cfemail=\"66140302070d050f0c07260a150b480a10\" rel=\"nofollow noopener\" target=\"_blank\">[email\u00a0protected]<\/a>.<\/p>\n<p class=\"d-md-none\">Iez\u012bm\u0113jiet tekstu un spiediet uz Zi\u0146ot par k\u013c\u016bdu pogas, lai nos\u016bt\u012btu labojamo teksta fragmentu redaktoram!<\/p>\n<p>\n                    Zi\u0146ot par k\u013c\u016bdu\n                <\/p>\n","protected":false},"excerpt":{"rendered":"SIA &#8220;Zieme\u013ckurzemes re\u0123ion\u0101l\u0101 slimn\u012bca&#8221; \u0101rk\u0101rtas dal\u012bbnieku sapulc\u0113 tre\u0161dien, 7. janv\u0101r\u012b,\u00a0pie\u0146emts l\u0113mums likvid\u0113t slimn\u012bcas padomi, p\u0101rskatot p\u0101rvald\u012bbas strukt\u016bru un&hellip;\n","protected":false},"author":2,"featured_media":97218,"comment_status":"","ping_status":"","sticky":false,"template":"","format":"standard","meta":{"footnotes":""},"categories":[5],"tags":[23,28,29,32,33,22,30,31,35,39,38,36,37,34,40,20,26,27,24,25,21],"class_list":{"0":"post-97217","1":"post","2":"type-post","3":"status-publish","4":"format-standard","5":"has-post-thumbnail","7":"category-aktualitates","8":"tag-aktualitates","9":"tag-breaking-news","10":"tag-breakingnews","11":"tag-featured-news","12":"tag-featurednews","13":"tag-headlines","14":"tag-latest-news","15":"tag-latestnews","16":"tag-latvia","17":"tag-latvian","18":"tag-latviesu","19":"tag-latviesu-valoda","20":"tag-latviesuvaloda","21":"tag-latvija","22":"tag-lv","23":"tag-news","24":"tag-popularakas-zinas","25":"tag-popularakaszinas","26":"tag-top-stories","27":"tag-topstories","28":"tag-zinas"},"share_on_mastodon":{"url":"https:\/\/pubeurope.com\/@lv\/115853918413969146","error":""},"_links":{"self":[{"href":"https:\/\/www.europesays.com\/lv\/wp-json\/wp\/v2\/posts\/97217","targetHints":{"allow":["GET"]}}],"collection":[{"href":"https:\/\/www.europesays.com\/lv\/wp-json\/wp\/v2\/posts"}],"about":[{"href":"https:\/\/www.europesays.com\/lv\/wp-json\/wp\/v2\/types\/post"}],"author":[{"embeddable":true,"href":"https:\/\/www.europesays.com\/lv\/wp-json\/wp\/v2\/users\/2"}],"replies":[{"embeddable":true,"href":"https:\/\/www.europesays.com\/lv\/wp-json\/wp\/v2\/comments?post=97217"}],"version-history":[{"count":0,"href":"https:\/\/www.europesays.com\/lv\/wp-json\/wp\/v2\/posts\/97217\/revisions"}],"wp:featuredmedia":[{"embeddable":true,"href":"https:\/\/www.europesays.com\/lv\/wp-json\/wp\/v2\/media\/97218"}],"wp:attachment":[{"href":"https:\/\/www.europesays.com\/lv\/wp-json\/wp\/v2\/media?parent=97217"}],"wp:term":[{"taxonomy":"category","embeddable":true,"href":"https:\/\/www.europesays.com\/lv\/wp-json\/wp\/v2\/categories?post=97217"},{"taxonomy":"post_tag","embeddable":true,"href":"https:\/\/www.europesays.com\/lv\/wp-json\/wp\/v2\/tags?post=97217"}],"curies":[{"name":"wp","href":"https:\/\/api.w.org\/{rel}","templated":true}]}}