{"id":97310,"date":"2026-01-07T14:12:08","date_gmt":"2026-01-07T14:12:08","guid":{"rendered":"https:\/\/www.europesays.com\/lv\/97310\/"},"modified":"2026-01-07T14:12:08","modified_gmt":"2026-01-07T14:12:08","slug":"17-i-dziedatajas-atvaras-akustiskais-koncerts-sigulda","status":"publish","type":"post","link":"https:\/\/www.europesays.com\/lv\/97310\/","title":{"rendered":"17.I Dzied\u0101t\u0101jas Atvaras akustiskais koncerts Siguld\u0101"},"content":{"rendered":"<p>17.janv\u0101r\u012b plkst.19.00 Siguldas koncertz\u0101l\u0113 &#8220;Baltais fl\u012b\u0123elis&#8221; priec\u0113s jaun\u0101s dzied\u0101t\u0101jas Atvaras akustiskais koncerts &#8211; vi\u0146as bal\u0101des, balss un st\u0101sti.\u00a0Atvara ieguvusi atpaz\u012bstam\u012bbu platform\u0101 &#8220;Tiktok&#8221;, kur vi\u0146as pirmais singls \u201cPie manis tveries\u201d p\u0101rsniedza 2 miljonus skat\u012bjumu un pie t\u016bksto\u0161a video izmantojumu. Atvaras jaun\u0101kais singls \u201cDz\u012bve m\u016bs m\u0113t\u0101\u201d p\u0101rsniedzis 150 t\u016bksto\u0161us klaus\u012bjumu pirms t\u0101 izdo\u0161anas.<\/p>\n<p>2025.gada vasara Atvarai ies\u0101k\u0101s neticami \u2013 vi\u0146a notic\u0113ja, ka var uztais\u012bt savu pirmo solokoncertu. Atsauc\u012bba bija tik liela, ka vasar\u0101 un ruden\u012b jaun\u0101 zvaigzne ir nodzied\u0101jusi 15 solokoncertus un p\u0113c izp\u0101rdotas rudens solot\u016bres tiek izzi\u0146oti papildu koncerti.<\/p>\n<p>\u00a0<\/p>\n","protected":false},"excerpt":{"rendered":"17.janv\u0101r\u012b plkst.19.00 Siguldas koncertz\u0101l\u0113 &#8220;Baltais fl\u012b\u0123elis&#8221; priec\u0113s jaun\u0101s dzied\u0101t\u0101jas Atvaras akustiskais koncerts &#8211; vi\u0146as bal\u0101des, balss un st\u0101sti.\u00a0Atvara&hellip;\n","protected":false},"author":2,"featured_media":97311,"comment_status":"","ping_status":"","sticky":false,"template":"","format":"standard","meta":{"footnotes":""},"categories":[19],"tags":[47,89,90,381,64,35,39,38,36,37,34,40,385,172,382,384,383,21],"class_list":{"0":"post-97310","1":"post","2":"type-post","3":"status-publish","4":"format-standard","5":"has-post-thumbnail","7":"category-izklaide","8":"tag-ekonomika","9":"tag-entertainment","10":"tag-izklaide","11":"tag-jaunumi","12":"tag-kultura","13":"tag-latvia","14":"tag-latvian","15":"tag-latviesu","16":"tag-latviesu-valoda","17":"tag-latviesuvaloda","18":"tag-latvija","19":"tag-lv","20":"tag-pieriga","21":"tag-riga","22":"tag-sabiedriba","23":"tag-sludinajumi","24":"tag-sports-afisa","25":"tag-zinas"},"share_on_mastodon":{"url":"https:\/\/pubeurope.com\/@lv\/115854228979371021","error":""},"_links":{"self":[{"href":"https:\/\/www.europesays.com\/lv\/wp-json\/wp\/v2\/posts\/97310","targetHints":{"allow":["GET"]}}],"collection":[{"href":"https:\/\/www.europesays.com\/lv\/wp-json\/wp\/v2\/posts"}],"about":[{"href":"https:\/\/www.europesays.com\/lv\/wp-json\/wp\/v2\/types\/post"}],"author":[{"embeddable":true,"href":"https:\/\/www.europesays.com\/lv\/wp-json\/wp\/v2\/users\/2"}],"replies":[{"embeddable":true,"href":"https:\/\/www.europesays.com\/lv\/wp-json\/wp\/v2\/comments?post=97310"}],"version-history":[{"count":0,"href":"https:\/\/www.europesays.com\/lv\/wp-json\/wp\/v2\/posts\/97310\/revisions"}],"wp:featuredmedia":[{"embeddable":true,"href":"https:\/\/www.europesays.com\/lv\/wp-json\/wp\/v2\/media\/97311"}],"wp:attachment":[{"href":"https:\/\/www.europesays.com\/lv\/wp-json\/wp\/v2\/media?parent=97310"}],"wp:term":[{"taxonomy":"category","embeddable":true,"href":"https:\/\/www.europesays.com\/lv\/wp-json\/wp\/v2\/categories?post=97310"},{"taxonomy":"post_tag","embeddable":true,"href":"https:\/\/www.europesays.com\/lv\/wp-json\/wp\/v2\/tags?post=97310"}],"curies":[{"name":"wp","href":"https:\/\/api.w.org\/{rel}","templated":true}]}}